{"id":21506,"date":"2026-04-24T09:21:46","date_gmt":"2026-04-24T07:21:46","guid":{"rendered":"https:\/\/projectes.xtec.cat\/pfi\/?p=21506"},"modified":"2026-04-24T09:21:46","modified_gmt":"2026-04-24T07:21:46","slug":"projecte-intercanvi-de-correspondencia","status":"publish","type":"post","link":"https:\/\/projectes.xtec.cat\/pfi\/general\/projecte-intercanvi-de-correspondencia\/","title":{"rendered":"Projecte \u201cIntercanvi de correspond\u00e8ncia\u201d"},"content":{"rendered":"<p><span style=\"font-weight: 400;\">Des de l&#8217;Institut Euclides (Pineda de Mar) hem posat en marxa el projecte <\/span><b>Intercanvi de correspond\u00e8ncia<\/b><span style=\"font-weight: 400;\">, una proposta educativa adre\u00e7ada a l\u2019alumnat del Programa de Formaci\u00f3 i Inserci\u00f3 (PFI) que t\u00e9 com a finalitat principal millorar la compet\u00e8ncia comunicativa i afavorir el desenvolupament personal i social dels joves a trav\u00e9s de l\u2019escriptura de cartes personals.<\/span><\/p>\n<p><span style=\"font-weight: 400;\">En un context social marcat per la comunicaci\u00f3 immediata i sovint superficial, aquest proje<\/span><span style=\"font-weight: 400;\">cte recupera el valor de l\u2019escriptura reflexiva i significativa, oferint a l\u2019alumnat una experi\u00e8ncia real de comunicaci\u00f3 amb estudiants d\u2019altres centres de l\u2019Alt Maresme (Calella, Malgrat de Mar \u200bi Tordera).\u200b<\/span><\/p>\n<p>&nbsp;<\/p>\n<p><a style=\"color: #2795b6;\" href=\"https:\/\/projectes.xtec.cat\/pfi\/wp-content\/uploads\/usu1781\/2026\/04\/Intercanvi-de-correspondencia-2.png\"><img loading=\"lazy\" decoding=\"async\" class=\"size-full wp-image-21507 aligncenter\" src=\"https:\/\/projectes.xtec.cat\/pfi\/wp-content\/uploads\/usu1781\/2026\/04\/Intercanvi-de-correspondencia-2.png\" alt=\"\" width=\"384\" height=\"256\" srcset=\"https:\/\/projectes.xtec.cat\/pfi\/wp-content\/uploads\/usu1781\/2026\/04\/Intercanvi-de-correspondencia-2.png 384w, https:\/\/projectes.xtec.cat\/pfi\/wp-content\/uploads\/usu1781\/2026\/04\/Intercanvi-de-correspondencia-2-300x200.png 300w\" sizes=\"auto, (max-width: 384px) 100vw, 384px\" \/><\/a><\/p>\n<h3><b> Un projecte amb sentit educatiu i emocional<\/b><\/h3>\n<p><span style=\"font-weight: 400;\">L\u2019intercanvi de cartes permet treballar la llengua escrita en un context aut\u00e8ntic, amb un destinatari real, fet que incrementa la motivaci\u00f3 i la implicaci\u00f3 de l\u2019alumnat. Alhora, es converteix en una eina per afavorir l\u2019autoconeixement, ja que els estudiants escriuen sobre ells mateixos, els seus interessos, viv\u00e8ncies i expectatives de futur.<\/span><\/p>\n<p><span style=\"font-weight: 400;\">Des d\u2019una perspectiva psicopedag\u00f2gica, el projecte incideix directament en aspectes clau del desenvolupament de l\u2019alumnat del PFI, com ara:<\/span><\/p>\n<ul>\n<li style=\"font-weight: 400;\"><span style=\"font-weight: 400;\">La millora de l\u2019expressi\u00f3 escrita i la comprensi\u00f3 lectora<\/span><\/li>\n<li style=\"font-weight: 400;\"><span style=\"font-weight: 400;\">El desenvolupament de l\u2019autonomia i la responsabilitat personal<\/span><\/li>\n<li style=\"font-weight: 400;\"><span style=\"font-weight: 400;\">El foment de l\u2019empatia i les habilitats socials<\/span><\/li>\n<li style=\"font-weight: 400;\"><span style=\"font-weight: 400;\">L\u2019enfortiment de l\u2019autoestima i la identitat personal<\/span><\/li>\n<li style=\"font-weight: 400;\"><span style=\"font-weight: 400;\">La capacitat de mantenir relacions comunicatives respectuoses i estables<\/span><\/li>\n<\/ul>\n<h3><b> Un proc\u00e9s d\u2019aprenentatge progressiu<\/b><\/h3>\n<p><span style=\"font-weight: 400;\">El projecte es desenvolupa al llarg del curs a trav\u00e9s de quatre cartes enviades mensualment (febrer, mar\u00e7, abril i maig), que permeten anar aprofundint progressivament en diferents \u00e0mbits de la comunicaci\u00f3 personal:<\/span><\/p>\n<ul>\n<li style=\"font-weight: 400;\"><span style=\"font-weight: 400;\">Presentaci\u00f3 personal<\/span><\/li>\n<li style=\"font-weight: 400;\"><span style=\"font-weight: 400;\">Gustos, interessos i aficions<\/span><\/li>\n<li style=\"font-weight: 400;\"><span style=\"font-weight: 400;\">Futur acad\u00e8mic i professional<\/span><\/li>\n<li style=\"font-weight: 400;\"><span style=\"font-weight: 400;\">Reflexi\u00f3 final i tancament de l\u2019experi\u00e8ncia<\/span><\/li>\n<\/ul>\n<p><span style=\"font-weight: 400;\">Abans d\u2019iniciar l\u2019intercanvi, l\u2019alumnat treballa qu\u00e8 \u00e9s una carta, les seves parts i les seves caracter\u00edstiques, aix\u00ed com la import\u00e0ncia de la comunicaci\u00f3 positiva i de la construcci\u00f3 de relacions socials saludables.<\/span><\/p>\n<h3><b> Aprendre a comunicar-se, aprendre a relacionar-se<\/b><\/h3>\n<p><span style=\"font-weight: 400;\">M\u00e9s enll\u00e0 de l\u2019aspecte ling\u00fc\u00edstic, aquest projecte posa especial \u00e8mfasi en la dimensi\u00f3 emocional i social de la comunicaci\u00f3. Escriure i rebre cartes fomenta el respecte, l\u2019escolta activa, l\u2019empatia i la capacitat de posar-se en el lloc de l\u2019altre.<\/span><\/p>\n<p><span style=\"font-weight: 400;\">Aquest tipus d\u2019experi\u00e8ncies contribueixen a millorar el clima de conviv\u00e8ncia, a refor\u00e7ar els vincles entre iguals i a potenciar compet\u00e8ncies transversals fonamentals per a la vida adulta i laboral.<\/span><\/p>\n<h3><b> Una experi\u00e8ncia significativa per cr\u00e9ixer<\/b><\/h3>\n<p><span style=\"font-weight: 400;\">\u201cIntercanvi de correspond\u00e8ncia\u201d \u00e9s, en definitiva, una proposta educativa que dona sentit a l\u2019aprenentatge de la llengua escrita i que converteix l\u2019escriptura en una eina de creixement personal, connexi\u00f3 i desenvolupament social.<\/span><\/p>\n<p><span style=\"font-weight: 400;\">Un projecte que demostra que, fins i tot en l\u2019era digital, una carta pot continuar sent una poderosa eina per comunicar, emocionar i construir vincles.\u200b<\/span><\/p>\n<p>&nbsp;<\/p>\n","protected":false},"excerpt":{"rendered":"<p>Des de l&#8217;Institut Euclides (Pineda de Mar) hem posat en marxa el projecte Intercanvi de correspond\u00e8ncia, una proposta educativa adre\u00e7ada a l\u2019alumnat del Programa de Formaci\u00f3 i Inserci\u00f3 (PFI) que t\u00e9 com a finalitat principal millorar la compet\u00e8ncia comunicativa i afavorir el desenvolupament personal i&hellip;  <a href=\"https:\/\/projectes.xtec.cat\/pfi\/general\/projecte-intercanvi-de-correspondencia\/\" title=\"Read Projecte \u201cIntercanvi de correspond\u00e8ncia\u201d\">Llegeix m\u00e9s\u00bb<\/a><\/p>\n","protected":false},"author":446,"featured_media":21507,"comment_status":"open","ping_status":"open","sticky":false,"template":"","format":"standard","meta":{"_bbp_topic_count":0,"_bbp_reply_count":0,"_bbp_total_topic_count":0,"_bbp_total_reply_count":0,"_bbp_voice_count":0,"_bbp_anonymous_reply_count":0,"_bbp_topic_count_hidden":0,"_bbp_reply_count_hidden":0,"_bbp_forum_subforum_count":0,"footnotes":""},"categories":[1,680,29],"tags":[681,679,695],"class_list":["post-21506","post","type-post","status-publish","format-standard","has-post-thumbnail","hentry","category-general","category-innovacio","category-portada","tag-pinpfi","tag-programa-innovacio-pfi","tag-projecte-asincron-pfi"],"post_mailing_queue_ids":[],"_links":{"self":[{"href":"https:\/\/projectes.xtec.cat\/pfi\/wp-json\/wp\/v2\/posts\/21506","targetHints":{"allow":["GET"]}}],"collection":[{"href":"https:\/\/projectes.xtec.cat\/pfi\/wp-json\/wp\/v2\/posts"}],"about":[{"href":"https:\/\/projectes.xtec.cat\/pfi\/wp-json\/wp\/v2\/types\/post"}],"author":[{"embeddable":true,"href":"https:\/\/projectes.xtec.cat\/pfi\/wp-json\/wp\/v2\/users\/446"}],"replies":[{"embeddable":true,"href":"https:\/\/projectes.xtec.cat\/pfi\/wp-json\/wp\/v2\/comments?post=21506"}],"version-history":[{"count":3,"href":"https:\/\/projectes.xtec.cat\/pfi\/wp-json\/wp\/v2\/posts\/21506\/revisions"}],"predecessor-version":[{"id":21545,"href":"https:\/\/projectes.xtec.cat\/pfi\/wp-json\/wp\/v2\/posts\/21506\/revisions\/21545"}],"wp:featuredmedia":[{"embeddable":true,"href":"https:\/\/projectes.xtec.cat\/pfi\/wp-json\/wp\/v2\/media\/21507"}],"wp:attachment":[{"href":"https:\/\/projectes.xtec.cat\/pfi\/wp-json\/wp\/v2\/media?parent=21506"}],"wp:term":[{"taxonomy":"category","embeddable":true,"href":"https:\/\/projectes.xtec.cat\/pfi\/wp-json\/wp\/v2\/categories?post=21506"},{"taxonomy":"post_tag","embeddable":true,"href":"https:\/\/projectes.xtec.cat\/pfi\/wp-json\/wp\/v2\/tags?post=21506"}],"curies":[{"name":"wp","href":"https:\/\/api.w.org\/{rel}","templated":true}]}}