{"id":21512,"date":"2026-04-24T09:22:20","date_gmt":"2026-04-24T07:22:20","guid":{"rendered":"https:\/\/projectes.xtec.cat\/pfi\/?p=21512"},"modified":"2026-04-24T09:22:20","modified_gmt":"2026-04-24T07:22:20","slug":"el-pfi-participa-en-una-jornada-dorientacio-professional-amb-la-fundacio-fil","status":"publish","type":"post","link":"https:\/\/projectes.xtec.cat\/pfi\/general\/el-pfi-participa-en-una-jornada-dorientacio-professional-amb-la-fundacio-fil\/","title":{"rendered":"El PFI participa en una jornada d\u2019orientaci\u00f3 professional amb la Fundaci\u00f3 FIL"},"content":{"rendered":"<p>L\u2019alumnat del PFI El Cairat, juntament amb el PFI d&#8217;El Castell d&#8217;Esparreguera, han participat en una activitat d\u2019orientaci\u00f3 organitzada amb la referent del programa Ocell de foc, i amb la col\u00b7laboraci\u00f3 de la Fundaci\u00f3 FIL. La proposta ha combinat una visita a les instal\u00b7lacions amb una simulaci\u00f3 d\u2019entrevistes de feina, amb l\u2019objectiu d\u2019acostar els joves a situacions reals de selecci\u00f3 i inserci\u00f3 laboral.<\/p>\n<p>Per organitzar millor la sessi\u00f3, el grup s\u2019ha dividit en dos subgrups i ha anat alternant les diferents parts de l\u2019activitat. Mentre un grup feia la visita, l\u2019altre participava en les entrevistes, i despr\u00e9s canviaven els rols perqu\u00e8 tothom pogu\u00e9s viure l\u2019experi\u00e8ncia completa. Aquesta organitzaci\u00f3 ha perm\u00e8s treballar amb m\u00e9s calma i oferir una atenci\u00f3 m\u00e9s personalitzada.<\/p>\n<p>La part d\u2019entrevistes ha reprodu\u00eft un proc\u00e9s de selecci\u00f3 real amb tres candidatures vinculades a serveis de la Fundaci\u00f3 FIL: atenci\u00f3 al p\u00fablic, jardineria i industrial. Cada alumne\/a podia inscriure\u2019s a un m\u00e0xim de dues candidatures i havia de portar el seu curr\u00edculum preparat per al dia de l\u2019activitat.<\/p>\n<p>Durant la jornada, les entrevistes s\u2019han fet en tres espais diferents i amb una durada aproximada de\u00a05 minuts per alumne\/a, mentre la resta de participants esperaven a una sala habilitada per a l\u2019ocasi\u00f3. Despr\u00e9s, cada jove ha rebut una graella d\u2019avaluaci\u00f3 individual amb puntuaci\u00f3 de l\u20191 al 5 per obtenir feedback sobre les seves respostes i compet\u00e8ncies.<\/p>\n<p>Aquesta activitat ha estat una oportunitat molt valuosa perqu\u00e8 l\u2019alumnat practiqui habilitats comunicatives, entengui millor com funciona una entrevista de feina i continu\u00ef avan\u00e7ant en el seu proc\u00e9s d\u2019orientaci\u00f3 acad\u00e8mica i professional.<\/p>\n<p><a href=\"https:\/\/projectes.xtec.cat\/pfi\/wp-content\/uploads\/usu1781\/2026\/04\/d51517a6-11ea-4c33-bd70-7bc4f073aec8.jpg\"><img loading=\"lazy\" decoding=\"async\" class=\"wp-image-21516 alignnone\" src=\"https:\/\/projectes.xtec.cat\/pfi\/wp-content\/uploads\/usu1781\/2026\/04\/d51517a6-11ea-4c33-bd70-7bc4f073aec8-225x300.jpg\" alt=\"\" width=\"225\" height=\"300\" srcset=\"https:\/\/projectes.xtec.cat\/pfi\/wp-content\/uploads\/usu1781\/2026\/04\/d51517a6-11ea-4c33-bd70-7bc4f073aec8-225x300.jpg 225w, https:\/\/projectes.xtec.cat\/pfi\/wp-content\/uploads\/usu1781\/2026\/04\/d51517a6-11ea-4c33-bd70-7bc4f073aec8-768x1024.jpg 768w, https:\/\/projectes.xtec.cat\/pfi\/wp-content\/uploads\/usu1781\/2026\/04\/d51517a6-11ea-4c33-bd70-7bc4f073aec8-1152x1536.jpg 1152w, https:\/\/projectes.xtec.cat\/pfi\/wp-content\/uploads\/usu1781\/2026\/04\/d51517a6-11ea-4c33-bd70-7bc4f073aec8.jpg 1200w\" sizes=\"auto, (max-width: 225px) 100vw, 225px\" \/><\/a><a href=\"https:\/\/projectes.xtec.cat\/pfi\/wp-content\/uploads\/usu1781\/2026\/04\/8f611218-8e52-4b48-a71b-7c0dde45086e.jpg\"><img loading=\"lazy\" decoding=\"async\" class=\"wp-image-21515 size-medium alignnone\" src=\"https:\/\/projectes.xtec.cat\/pfi\/wp-content\/uploads\/usu1781\/2026\/04\/8f611218-8e52-4b48-a71b-7c0dde45086e-225x300.jpg\" alt=\"\" width=\"225\" height=\"300\" srcset=\"https:\/\/projectes.xtec.cat\/pfi\/wp-content\/uploads\/usu1781\/2026\/04\/8f611218-8e52-4b48-a71b-7c0dde45086e-225x300.jpg 225w, https:\/\/projectes.xtec.cat\/pfi\/wp-content\/uploads\/usu1781\/2026\/04\/8f611218-8e52-4b48-a71b-7c0dde45086e-768x1024.jpg 768w, https:\/\/projectes.xtec.cat\/pfi\/wp-content\/uploads\/usu1781\/2026\/04\/8f611218-8e52-4b48-a71b-7c0dde45086e-1152x1536.jpg 1152w, https:\/\/projectes.xtec.cat\/pfi\/wp-content\/uploads\/usu1781\/2026\/04\/8f611218-8e52-4b48-a71b-7c0dde45086e.jpg 1200w\" sizes=\"auto, (max-width: 225px) 100vw, 225px\" \/><\/a><\/p>\n<p>&nbsp;<\/p>\n<p>&nbsp;<\/p>\n","protected":false},"excerpt":{"rendered":"<p>L\u2019alumnat del PFI El Cairat, juntament amb el PFI d&#8217;El Castell d&#8217;Esparreguera, han participat en una activitat d\u2019orientaci\u00f3 organitzada amb la referent del programa Ocell de foc, i amb la col\u00b7laboraci\u00f3 de la Fundaci\u00f3 FIL. La proposta ha combinat una visita a les instal\u00b7lacions amb&hellip;  <a href=\"https:\/\/projectes.xtec.cat\/pfi\/general\/el-pfi-participa-en-una-jornada-dorientacio-professional-amb-la-fundacio-fil\/\" title=\"Read El PFI participa en una jornada d\u2019orientaci\u00f3 professional amb la Fundaci\u00f3 FIL\">Llegeix m\u00e9s\u00bb<\/a><\/p>\n","protected":false},"author":451,"featured_media":21516,"comment_status":"open","ping_status":"open","sticky":false,"template":"","format":"standard","meta":{"_bbp_topic_count":0,"_bbp_reply_count":0,"_bbp_total_topic_count":0,"_bbp_total_reply_count":0,"_bbp_voice_count":0,"_bbp_anonymous_reply_count":0,"_bbp_topic_count_hidden":0,"_bbp_reply_count_hidden":0,"_bbp_forum_subforum_count":0,"footnotes":""},"categories":[1,680,29],"tags":[426,703,701,697,698,700,702,699,696,334,679],"class_list":["post-21512","post","type-post","status-publish","format-standard","has-post-thumbnail","hentry","category-general","category-innovacio","category-portada","tag-alumnat-pfi","tag-aprenentatge-practic","tag-competencies-professionals","tag-entrevistes-de-feina","tag-fundacio-fil","tag-insercio-laboral","tag-mon-laboral","tag-ocell-de-foc","tag-orientacio-laboral","tag-pfi","tag-programa-innovacio-pfi"],"post_mailing_queue_ids":[],"_links":{"self":[{"href":"https:\/\/projectes.xtec.cat\/pfi\/wp-json\/wp\/v2\/posts\/21512","targetHints":{"allow":["GET"]}}],"collection":[{"href":"https:\/\/projectes.xtec.cat\/pfi\/wp-json\/wp\/v2\/posts"}],"about":[{"href":"https:\/\/projectes.xtec.cat\/pfi\/wp-json\/wp\/v2\/types\/post"}],"author":[{"embeddable":true,"href":"https:\/\/projectes.xtec.cat\/pfi\/wp-json\/wp\/v2\/users\/451"}],"replies":[{"embeddable":true,"href":"https:\/\/projectes.xtec.cat\/pfi\/wp-json\/wp\/v2\/comments?post=21512"}],"version-history":[{"count":3,"href":"https:\/\/projectes.xtec.cat\/pfi\/wp-json\/wp\/v2\/posts\/21512\/revisions"}],"predecessor-version":[{"id":21518,"href":"https:\/\/projectes.xtec.cat\/pfi\/wp-json\/wp\/v2\/posts\/21512\/revisions\/21518"}],"wp:featuredmedia":[{"embeddable":true,"href":"https:\/\/projectes.xtec.cat\/pfi\/wp-json\/wp\/v2\/media\/21516"}],"wp:attachment":[{"href":"https:\/\/projectes.xtec.cat\/pfi\/wp-json\/wp\/v2\/media?parent=21512"}],"wp:term":[{"taxonomy":"category","embeddable":true,"href":"https:\/\/projectes.xtec.cat\/pfi\/wp-json\/wp\/v2\/categories?post=21512"},{"taxonomy":"post_tag","embeddable":true,"href":"https:\/\/projectes.xtec.cat\/pfi\/wp-json\/wp\/v2\/tags?post=21512"}],"curies":[{"name":"wp","href":"https:\/\/api.w.org\/{rel}","templated":true}]}}