{"id":21523,"date":"2026-04-27T14:54:56","date_gmt":"2026-04-27T12:54:56","guid":{"rendered":"https:\/\/projectes.xtec.cat\/pfi\/?p=21523"},"modified":"2026-04-27T14:54:56","modified_gmt":"2026-04-27T12:54:56","slug":"mullat-guanya-i-tasta","status":"publish","type":"post","link":"https:\/\/projectes.xtec.cat\/pfi\/general\/mullat-guanya-i-tasta\/","title":{"rendered":"Mulla&#8217;t, guanya i tasta!"},"content":{"rendered":"<p><span style=\"font-weight: 400;\">L&#8217;alumnat dels <\/span><b>PFI-PTT de Cambrils i del PFI-PTT de Salou (Institut Marta Mata)<\/b><span style=\"font-weight: 400;\"> han protagonitzat una setmana inoblidable amb el projecte <\/span><i><span style=\"font-weight: 400;\">&#8220;Mulla&#8217;t, guanya i tasta&#8221;<\/span><\/i><span style=\"font-weight: 400;\">. Entre competicions a la platja i un esmorzar saludable Km0, els nostres joves han demostrat que el talent professional i l&#8217;esport s\u00f3n la recepta perfecta per a l&#8217;\u00e8xit.<\/span><\/p>\n<p><a href=\"https:\/\/projectes.xtec.cat\/pfi\/wp-content\/uploads\/usu1781\/2026\/04\/Captura-de-pantalla-2026-04-22-131021.png\"><img loading=\"lazy\" decoding=\"async\" class=\"alignnone size-large wp-image-21528\" src=\"https:\/\/projectes.xtec.cat\/pfi\/wp-content\/uploads\/usu1781\/2026\/04\/Captura-de-pantalla-2026-04-22-131021-1024x666.png\" alt=\"\" width=\"1024\" height=\"666\" srcset=\"https:\/\/projectes.xtec.cat\/pfi\/wp-content\/uploads\/usu1781\/2026\/04\/Captura-de-pantalla-2026-04-22-131021-1024x666.png 1024w, https:\/\/projectes.xtec.cat\/pfi\/wp-content\/uploads\/usu1781\/2026\/04\/Captura-de-pantalla-2026-04-22-131021-300x195.png 300w, https:\/\/projectes.xtec.cat\/pfi\/wp-content\/uploads\/usu1781\/2026\/04\/Captura-de-pantalla-2026-04-22-131021-768x500.png 768w, https:\/\/projectes.xtec.cat\/pfi\/wp-content\/uploads\/usu1781\/2026\/04\/Captura-de-pantalla-2026-04-22-131021.png 1053w\" sizes=\"auto, (max-width: 1024px) 100vw, 1024px\" \/><\/a><\/p>\n<p><b>Mar\u00e7 comen\u00e7a amb for\u00e7a: Esport, &#8220;healthy food&#8221; i molta canya a la platja!<\/b><\/p>\n<p><span style=\"font-weight: 400;\">El passat 12 i 13 de mar\u00e7, als PFI-PTT de Cambrils han viscut el projecte &#8220;<\/span><i><span style=\"font-weight: 400;\">Mulla&#8217;t, guanya i tasta&#8221;<\/span><\/i><span style=\"font-weight: 400;\">, una col\u00b7laboraci\u00f3 d&#8217;aquelles que fan cr\u00e9ixer, unint forces amb els companys de l&#8217;Institut Marta Mata de Salou. El dijous vam envair la platja per a una competici\u00f3 esportiva que ens va deixar a tots sense al\u00e8 (per\u00f2 amb un somriure de costat a costat).<\/span><\/p>\n<p><span style=\"font-weight: 400;\">El que fa especial aquest projecte \u00e9s com s&#8217;han coordinat els nostres perfils de Cambrils sota la guia de l&#8217;equip docent (Raquel, Gerson, David, V\u00edctor, N\u00faria, Raquel M, Ares, Agn\u00e8s, Ariadna, Nico i Mario).<\/span><\/p>\n<ul>\n<li style=\"font-weight: 400;\"><b>Peix i Marisc &amp; Cuina:<\/b><span style=\"font-weight: 400;\"> Van seleccionar la millor mat\u00e8ria primera per dissenyar un esmorzar saludable de Km0.<\/span><\/li>\n<li style=\"font-weight: 400;\"><b>Comer\u00e7:<\/b><span style=\"font-weight: 400;\"> Es van encarregar de la presentaci\u00f3 oficial, el protocol i les relacions p\u00fabliques de l&#8217;esdeveniment.<\/span><\/li>\n<li style=\"font-weight: 400;\"><b>Jardineria:<\/b><span style=\"font-weight: 400;\"> Van crear uns obsequis vegetals preciosos per als guanyadors i van ambientar l&#8217;espai de l&#8217;entrega de premis.\u00a0<\/span><\/li>\n<\/ul>\n<p><strong>El salt al m\u00f3n laboral.<\/strong><\/p>\n<p><span style=\"font-weight: 400;\">Aquesta sortida s&#8217;integra directament en el <\/span><b>M\u00f2dul de Projecte<\/b><span style=\"font-weight: 400;\"> per connectar l&#8217;alumnat amb la realitat del mercat laboral i potenciar la seva <\/span><b>inserci\u00f3 professional<\/b><span style=\"font-weight: 400;\">. Entendre tot el cicle d&#8217;un projecte real \u2014des de la log\u00edstica fins a l&#8217;elaboraci\u00f3 culin\u00e0ria\u2014 aporta un valor afegit que les empreses del sector valoren enormement, ja que forma professionals m\u00e9s complets. A m\u00e9s, treballar bra\u00e7 a bra\u00e7 amb altres centres fomenta el <\/span><b>treball en equip<\/b><span style=\"font-weight: 400;\"> i la comunicaci\u00f3, habilitats que seran la seva millor carta de presentaci\u00f3 en el futur.<\/span><\/p>\n<p><a href=\"https:\/\/projectes.xtec.cat\/pfi\/wp-content\/uploads\/usu1781\/2026\/04\/Captura-de-pantalla-2026-04-22-131221.png\"><img loading=\"lazy\" decoding=\"async\" class=\"alignnone size-full wp-image-21526\" src=\"https:\/\/projectes.xtec.cat\/pfi\/wp-content\/uploads\/usu1781\/2026\/04\/Captura-de-pantalla-2026-04-22-131221.png\" alt=\"\" width=\"956\" height=\"670\" srcset=\"https:\/\/projectes.xtec.cat\/pfi\/wp-content\/uploads\/usu1781\/2026\/04\/Captura-de-pantalla-2026-04-22-131221.png 956w, https:\/\/projectes.xtec.cat\/pfi\/wp-content\/uploads\/usu1781\/2026\/04\/Captura-de-pantalla-2026-04-22-131221-300x210.png 300w, https:\/\/projectes.xtec.cat\/pfi\/wp-content\/uploads\/usu1781\/2026\/04\/Captura-de-pantalla-2026-04-22-131221-768x538.png 768w\" sizes=\"auto, (max-width: 956px) 100vw, 956px\" \/><\/a><\/p>\n<p><strong>Un final saludable i delici\u00f3s<\/strong><\/p>\n<p><span style=\"font-weight: 400;\">El divendres 13 va ser el moment de recuperar forces. A la cuina del centre es respirava un ritme fren\u00e8tic per tenir a punt l&#8217;<\/span><b>Esmorzar Healthy<\/b><span style=\"font-weight: 400;\">. Els companys de Salou van poder gaudir d&#8217;uns wraps de vegetals i altres del\u00edcies preparades amb tot el carinyo del m\u00f3n.<\/span><\/p>\n<p><span style=\"font-weight: 400;\">Veure els alumnes de comer\u00e7 gestionant el servei, els de jardineria decorant les taules i els de cuina i peix traient el millor producte local ha estat la millor evid\u00e8ncia que el PTT \u00e9s el cam\u00ed cap a l&#8217;\u00e8xit professional.<\/span><\/p>\n<p><a href=\"https:\/\/projectes.xtec.cat\/pfi\/wp-content\/uploads\/usu1781\/2026\/04\/IMG_4090-2.heic\"><img decoding=\"async\" class=\"alignnone size-full wp-image-21525\" src=\"https:\/\/projectes.xtec.cat\/pfi\/wp-content\/uploads\/usu1781\/2026\/04\/IMG_4090-2.heic\" alt=\"\" \/><\/a> <a href=\"https:\/\/projectes.xtec.cat\/pfi\/wp-content\/uploads\/usu1781\/2026\/04\/Captura-de-pantalla-2026-04-22-131905.png\"><img loading=\"lazy\" decoding=\"async\" class=\"alignnone size-full wp-image-21527\" src=\"https:\/\/projectes.xtec.cat\/pfi\/wp-content\/uploads\/usu1781\/2026\/04\/Captura-de-pantalla-2026-04-22-131905.png\" alt=\"\" width=\"986\" height=\"633\" srcset=\"https:\/\/projectes.xtec.cat\/pfi\/wp-content\/uploads\/usu1781\/2026\/04\/Captura-de-pantalla-2026-04-22-131905.png 986w, https:\/\/projectes.xtec.cat\/pfi\/wp-content\/uploads\/usu1781\/2026\/04\/Captura-de-pantalla-2026-04-22-131905-300x193.png 300w, https:\/\/projectes.xtec.cat\/pfi\/wp-content\/uploads\/usu1781\/2026\/04\/Captura-de-pantalla-2026-04-22-131905-768x493.png 768w\" sizes=\"auto, (max-width: 986px) 100vw, 986px\" \/><\/a><\/p>\n<p>&nbsp;<\/p>\n","protected":false},"excerpt":{"rendered":"<p>L&#8217;alumnat dels PFI-PTT de Cambrils i del PFI-PTT de Salou (Institut Marta Mata) han protagonitzat una setmana inoblidable amb el projecte &#8220;Mulla&#8217;t, guanya i tasta&#8221;. Entre competicions a la platja i un esmorzar saludable Km0, els nostres joves han demostrat que el talent professional i&hellip;  <a href=\"https:\/\/projectes.xtec.cat\/pfi\/general\/mullat-guanya-i-tasta\/\" title=\"Read Mulla&#8217;t, guanya i tasta!\">Llegeix m\u00e9s\u00bb<\/a><\/p>\n","protected":false},"author":442,"featured_media":21527,"comment_status":"open","ping_status":"open","sticky":false,"template":"","format":"standard","meta":{"_bbp_topic_count":0,"_bbp_reply_count":0,"_bbp_total_topic_count":0,"_bbp_total_reply_count":0,"_bbp_voice_count":0,"_bbp_anonymous_reply_count":0,"_bbp_topic_count_hidden":0,"_bbp_reply_count_hidden":0,"_bbp_forum_subforum_count":0,"footnotes":""},"categories":[1,29],"tags":[619,502,307,690,704],"class_list":["post-21523","post","type-post","status-publish","format-standard","has-post-thumbnail","hentry","category-general","category-portada","tag-xarxespfi","tag-pfiptt","tag-projecte-integrat","tag-projecte-xarxa-pfi","tag-ptt_cambrils"],"post_mailing_queue_ids":[],"_links":{"self":[{"href":"https:\/\/projectes.xtec.cat\/pfi\/wp-json\/wp\/v2\/posts\/21523","targetHints":{"allow":["GET"]}}],"collection":[{"href":"https:\/\/projectes.xtec.cat\/pfi\/wp-json\/wp\/v2\/posts"}],"about":[{"href":"https:\/\/projectes.xtec.cat\/pfi\/wp-json\/wp\/v2\/types\/post"}],"author":[{"embeddable":true,"href":"https:\/\/projectes.xtec.cat\/pfi\/wp-json\/wp\/v2\/users\/442"}],"replies":[{"embeddable":true,"href":"https:\/\/projectes.xtec.cat\/pfi\/wp-json\/wp\/v2\/comments?post=21523"}],"version-history":[{"count":3,"href":"https:\/\/projectes.xtec.cat\/pfi\/wp-json\/wp\/v2\/posts\/21523\/revisions"}],"predecessor-version":[{"id":21608,"href":"https:\/\/projectes.xtec.cat\/pfi\/wp-json\/wp\/v2\/posts\/21523\/revisions\/21608"}],"wp:featuredmedia":[{"embeddable":true,"href":"https:\/\/projectes.xtec.cat\/pfi\/wp-json\/wp\/v2\/media\/21527"}],"wp:attachment":[{"href":"https:\/\/projectes.xtec.cat\/pfi\/wp-json\/wp\/v2\/media?parent=21523"}],"wp:term":[{"taxonomy":"category","embeddable":true,"href":"https:\/\/projectes.xtec.cat\/pfi\/wp-json\/wp\/v2\/categories?post=21523"},{"taxonomy":"post_tag","embeddable":true,"href":"https:\/\/projectes.xtec.cat\/pfi\/wp-json\/wp\/v2\/tags?post=21523"}],"curies":[{"name":"wp","href":"https:\/\/api.w.org\/{rel}","templated":true}]}}