{"id":21533,"date":"2026-04-27T14:55:32","date_gmt":"2026-04-27T12:55:32","guid":{"rendered":"https:\/\/projectes.xtec.cat\/pfi\/?p=21533"},"modified":"2026-04-27T14:55:48","modified_gmt":"2026-04-27T12:55:48","slug":"el-pfi-de-comerc-participa-en-el-projecte-esportiu-intercentres","status":"publish","type":"post","link":"https:\/\/projectes.xtec.cat\/pfi\/general\/el-pfi-de-comerc-participa-en-el-projecte-esportiu-intercentres\/","title":{"rendered":"El PFI de Comer\u00e7 participa en el Projecte Esportiu Intercentres"},"content":{"rendered":"<p>L\u2019<strong>alumnat del PFI d\u2019Auxiliar de Comer\u00e7<\/strong>\u00a0de l\u2019Institut Ramon Berenguer IV ha participat activament en el\u00a0<strong>Projecte Esportiu Intercentres<\/strong>, una iniciativa compartida amb els instituts\u00a0<strong>La Bastida<\/strong>,\u00a0<strong>Les Vinyes<\/strong>\u00a0i\u00a0<strong>Puig Castellar<\/strong>, que promou l\u2019<strong>activitat f\u00edsica<\/strong>, el\u00a0<strong>treball en xarxa<\/strong>\u00a0i el\u00a0<strong>coneixement del territori<\/strong>.<\/p>\n<p>La\u00a0<strong>caminada<\/strong>\u00a0tindr\u00e0 lloc el pr\u00f2xim\u00a0<strong>11 de maig<\/strong>\u00a0al mat\u00ed i comptar\u00e0 amb la participaci\u00f3 d\u2019alumnat i professorat dels quatre centres del municipi, esdevenint una jornada de\u00a0<strong>conviv\u00e8ncia<\/strong>\u00a0i\u00a0<strong>h\u00e0bits saludables<\/strong>.<\/p>\n<p>Des del nostre centre, l\u2019alumnat ha contribu\u00eft especialment en la\u00a0<strong>vessant comunicativa del projecte<\/strong>. En una primera fase, han conegut el context de la caminada, el territori i els objectius de la proposta. A partir d\u2019aqu\u00ed, han desenvolupat un proc\u00e9s creatiu basat en\u00a0<strong>din\u00e0miques de pluja d\u2019idees<\/strong>\u00a0per generar propostes de\u00a0<strong>cartells i missatges<\/strong>.<\/p>\n<p>Posteriorment, han treballat la\u00a0<strong>redacci\u00f3 de correus institucionals<\/strong>, posant en pr\u00e0ctica compet\u00e8ncies comunicatives pr\u00f2pies de l\u2019\u00e0mbit professional, i han creat diferents propostes de\u00a0<strong>logotip<\/strong>\u00a0per al projecte.<\/p>\n<p>El proc\u00e9s ha culminat amb una\u00a0<strong>fase de selecci\u00f3 compartida<\/strong>, en qu\u00e8 l\u2019alumnat dels diferents PFI participants ha pogut votar el\u00a0<strong>cartell i el logotip guanyadors<\/strong>, refor\u00e7ant el car\u00e0cter\u00a0<strong>col\u00b7laboratiu i intercentres<\/strong>\u00a0de la iniciativa.<\/p>\n<p>Aquest projecte ha perm\u00e8s a l\u2019alumnat treballar en un\u00a0<strong>context real<\/strong>, connectant l\u2019aprenentatge amb una experi\u00e8ncia\u00a0<strong>significativa<\/strong>\u00a0i amb\u00a0<strong>impacte en la comunitat educativa<\/strong>\u00a0del municipi.<\/p>\n<p><a href=\"https:\/\/projectes.xtec.cat\/pfi\/wp-content\/uploads\/usu1781\/2026\/04\/PFI-Caminada-1086x1536-2.png\"><img loading=\"lazy\" decoding=\"async\" class=\"alignnone size-large wp-image-21536\" src=\"https:\/\/projectes.xtec.cat\/pfi\/wp-content\/uploads\/usu1781\/2026\/04\/PFI-Caminada-1086x1536-2-724x1024.png\" alt=\"\" width=\"724\" height=\"1024\" srcset=\"https:\/\/projectes.xtec.cat\/pfi\/wp-content\/uploads\/usu1781\/2026\/04\/PFI-Caminada-1086x1536-2-724x1024.png 724w, https:\/\/projectes.xtec.cat\/pfi\/wp-content\/uploads\/usu1781\/2026\/04\/PFI-Caminada-1086x1536-2-212x300.png 212w, https:\/\/projectes.xtec.cat\/pfi\/wp-content\/uploads\/usu1781\/2026\/04\/PFI-Caminada-1086x1536-2-768x1086.png 768w, https:\/\/projectes.xtec.cat\/pfi\/wp-content\/uploads\/usu1781\/2026\/04\/PFI-Caminada-1086x1536-2.png 1086w\" sizes=\"auto, (max-width: 724px) 100vw, 724px\" \/><\/a><\/p>\n","protected":false},"excerpt":{"rendered":"<p>Caminada organitzada per l&#8217;alumnat de PFI dels centres de Santa Coloma de Gramenet La Bastida, Les vinyes, Puig Castellar i Ramon Berenguer IV.&hellip;  <a href=\"https:\/\/projectes.xtec.cat\/pfi\/general\/el-pfi-de-comerc-participa-en-el-projecte-esportiu-intercentres\/\" title=\"Read El PFI de Comer\u00e7 participa en el Projecte Esportiu Intercentres\">Llegeix m\u00e9s\u00bb<\/a><\/p>\n","protected":false},"author":452,"featured_media":21535,"comment_status":"open","ping_status":"open","sticky":false,"template":"","format":"standard","meta":{"_bbp_topic_count":0,"_bbp_reply_count":0,"_bbp_total_topic_count":0,"_bbp_total_reply_count":0,"_bbp_voice_count":0,"_bbp_anonymous_reply_count":0,"_bbp_topic_count_hidden":0,"_bbp_reply_count_hidden":0,"_bbp_forum_subforum_count":0,"footnotes":""},"categories":[1,29,568],"tags":[685],"class_list":["post-21533","post","type-post","status-publish","format-standard","has-post-thumbnail","hentry","category-general","category-portada","category-projecte-esports","tag-projecte-esports-pfi"],"post_mailing_queue_ids":[],"_links":{"self":[{"href":"https:\/\/projectes.xtec.cat\/pfi\/wp-json\/wp\/v2\/posts\/21533","targetHints":{"allow":["GET"]}}],"collection":[{"href":"https:\/\/projectes.xtec.cat\/pfi\/wp-json\/wp\/v2\/posts"}],"about":[{"href":"https:\/\/projectes.xtec.cat\/pfi\/wp-json\/wp\/v2\/types\/post"}],"author":[{"embeddable":true,"href":"https:\/\/projectes.xtec.cat\/pfi\/wp-json\/wp\/v2\/users\/452"}],"replies":[{"embeddable":true,"href":"https:\/\/projectes.xtec.cat\/pfi\/wp-json\/wp\/v2\/comments?post=21533"}],"version-history":[{"count":2,"href":"https:\/\/projectes.xtec.cat\/pfi\/wp-json\/wp\/v2\/posts\/21533\/revisions"}],"predecessor-version":[{"id":21537,"href":"https:\/\/projectes.xtec.cat\/pfi\/wp-json\/wp\/v2\/posts\/21533\/revisions\/21537"}],"wp:featuredmedia":[{"embeddable":true,"href":"https:\/\/projectes.xtec.cat\/pfi\/wp-json\/wp\/v2\/media\/21535"}],"wp:attachment":[{"href":"https:\/\/projectes.xtec.cat\/pfi\/wp-json\/wp\/v2\/media?parent=21533"}],"wp:term":[{"taxonomy":"category","embeddable":true,"href":"https:\/\/projectes.xtec.cat\/pfi\/wp-json\/wp\/v2\/categories?post=21533"},{"taxonomy":"post_tag","embeddable":true,"href":"https:\/\/projectes.xtec.cat\/pfi\/wp-json\/wp\/v2\/tags?post=21533"}],"curies":[{"name":"wp","href":"https:\/\/api.w.org\/{rel}","templated":true}]}}