{"id":21544,"date":"2026-04-27T14:58:34","date_gmt":"2026-04-27T12:58:34","guid":{"rendered":"https:\/\/projectes.xtec.cat\/pfi\/?p=21544"},"modified":"2026-04-27T14:59:53","modified_gmt":"2026-04-27T12:59:53","slug":"el-pfi-de-comerc-del-cirvianum-dinamitza-els-aparadors-de-torello","status":"publish","type":"post","link":"https:\/\/projectes.xtec.cat\/pfi\/general\/el-pfi-de-comerc-del-cirvianum-dinamitza-els-aparadors-de-torello\/","title":{"rendered":"El PFI de Comer\u00e7 del Cirvi\u00e0num dinamitza els aparadors de Torell\u00f3"},"content":{"rendered":"<p data-path-to-node=\"6\">L\u2019alumnat del <b data-path-to-node=\"6\" data-index-in-node=\"14\">PFI de Comer\u00e7 i Atenci\u00f3 al P\u00fablic<\/b> de l\u2019Institut Cirvi\u00e0num de Torell\u00f3 ha dut a terme aquest mes d\u2019abril un projecte d&#8217;aprenentatge real en col\u00b7laboraci\u00f3 amb el teixit com<a href=\"https:\/\/projectes.xtec.cat\/pfi\/wp-content\/uploads\/usu1781\/2026\/04\/1776840639593-scaled.jpg\"><img loading=\"lazy\" decoding=\"async\" class=\"wp-image-21551 alignright\" src=\"https:\/\/projectes.xtec.cat\/pfi\/wp-content\/uploads\/usu1781\/2026\/04\/1776840639593-1024x462.jpg\" alt=\"\" width=\"450\" height=\"203\" srcset=\"https:\/\/projectes.xtec.cat\/pfi\/wp-content\/uploads\/usu1781\/2026\/04\/1776840639593-1024x462.jpg 1024w, https:\/\/projectes.xtec.cat\/pfi\/wp-content\/uploads\/usu1781\/2026\/04\/1776840639593-300x135.jpg 300w, https:\/\/projectes.xtec.cat\/pfi\/wp-content\/uploads\/usu1781\/2026\/04\/1776840639593-768x346.jpg 768w, https:\/\/projectes.xtec.cat\/pfi\/wp-content\/uploads\/usu1781\/2026\/04\/1776840639593-1536x693.jpg 1536w, https:\/\/projectes.xtec.cat\/pfi\/wp-content\/uploads\/usu1781\/2026\/04\/1776840639593-2048x924.jpg 2048w\" sizes=\"auto, (max-width: 450px) 100vw, 450px\" \/><\/a>ercial del municipi. L&#8217;objectiu de l&#8217;activitat ha estat aplicar els coneixements de la unitat formativa d&#8217;<b data-path-to-node=\"6\" data-index-in-node=\"289\">Aparadorisme<\/b> en entorns professionals reals.<\/p>\n<p data-path-to-node=\"7\">El projecte ha consistit en la selecci\u00f3 aleat\u00f2ria de tres establiments locals per tal de dissenyar i executar-ne la decoraci\u00f3 exterior. Els i les alumnes s&#8217;han encarregat de tot el proc\u00e9s: des de la conceptualitzaci\u00f3 i el disseny dels esbossos fins a la log\u00edstica i el muntatge final dels materials.<\/p>\n<p data-path-to-node=\"8\"><b data-path-to-node=\"8\" data-index-in-node=\"0\">Creativitat i tradici\u00f3 per Sant Jordi<\/b> En una primera fase, coincidint amb la Diada de Sant Jordi, s&#8217;han transformat els aparadors de:<\/p>\n<ul data-path-to-node=\"9\">\n<li>\n<p data-path-to-node=\"9,0,0\"><b data-path-to-node=\"9,0,0\" data-index-in-node=\"0\">FARM\u00c0CIA ACEVES<\/b><\/p>\n<\/li>\n<li>\n<p data-path-to-node=\"9,0,0\"><b data-path-to-node=\"9,1,0\" data-index-in-node=\"0\">ESPAI NATURA<\/b><\/p>\n<\/li>\n<\/ul>\n<p data-path-to-node=\"10\">Aquestes instal\u00b7lacions han servit per treballar la composici\u00f3 visual, l&#8217;\u00fas del color i l&#8217;exposici\u00f3 de producte sota la tem\u00e0tica de la rosa i el llibre, rebent una molt bona acollida per part dels comerciants i els vianants.<\/p>\n<p data-path-to-node=\"11\"><b data-path-to-node=\"11\" data-index-in-node=\"0\">Pr\u00f2xima parada: Les rebaixes<\/b> El projecte tindr\u00e0 continu\u00eftat les properes setmanes amb un tercer muntatge enfocat a la campanya de rebaixes a <b data-path-to-node=\"11\" data-index-in-node=\"141\">NEISS<\/b>, on l&#8217;alumnat haur\u00e0 de treballar estrat\u00e8gies de marxandatge visual per fomentar el consum de proximitat.<\/p>\n<p data-path-to-node=\"12\">Des del PFI de Comer\u00e7 volem agrair la disponibilitat dels locals col\u00b7laboradors per obrir les portes del seu negoci al nostre alumnat, facilitant aix\u00ed una formaci\u00f3 pr\u00e0ctica i de qualitat.<\/p>\n","protected":false},"excerpt":{"rendered":"<p>L\u2019alumnat del PFI de Comer\u00e7 i Atenci\u00f3 al P\u00fablic de l\u2019Institut Cirvi\u00e0num de Torell\u00f3 ha dut a terme aquest mes d\u2019abril un projecte d&#8217;aprenentatge real en col\u00b7laboraci\u00f3 amb el teixit com<a href=\"https:\/\/projectes.xtec.cat\/pfi\/wp-content\/uploads\/usu1781\/2026\/04\/1776840639593-scaled.jpg\"><\/a>ercial del municipi. L&#8217;objectiu de l&#8217;activitat ha estat aplicar els coneixements de la unitat&hellip;  <a href=\"https:\/\/projectes.xtec.cat\/pfi\/general\/el-pfi-de-comerc-del-cirvianum-dinamitza-els-aparadors-de-torello\/\" title=\"Read El PFI de Comer\u00e7 del Cirvi\u00e0num dinamitza els aparadors de Torell\u00f3\">Llegeix m\u00e9s\u00bb<\/a><\/p>\n","protected":false},"author":454,"featured_media":21551,"comment_status":"open","ping_status":"open","sticky":false,"template":"","format":"standard","meta":{"_bbp_topic_count":0,"_bbp_reply_count":0,"_bbp_total_topic_count":0,"_bbp_total_reply_count":0,"_bbp_voice_count":0,"_bbp_anonymous_reply_count":0,"_bbp_topic_count_hidden":0,"_bbp_reply_count_hidden":0,"_bbp_forum_subforum_count":0,"footnotes":""},"categories":[1,680,29],"tags":[358,679],"class_list":["post-21544","post","type-post","status-publish","format-standard","has-post-thumbnail","hentry","category-general","category-innovacio","category-portada","tag-innovacio","tag-programa-innovacio-pfi"],"post_mailing_queue_ids":[],"_links":{"self":[{"href":"https:\/\/projectes.xtec.cat\/pfi\/wp-json\/wp\/v2\/posts\/21544","targetHints":{"allow":["GET"]}}],"collection":[{"href":"https:\/\/projectes.xtec.cat\/pfi\/wp-json\/wp\/v2\/posts"}],"about":[{"href":"https:\/\/projectes.xtec.cat\/pfi\/wp-json\/wp\/v2\/types\/post"}],"author":[{"embeddable":true,"href":"https:\/\/projectes.xtec.cat\/pfi\/wp-json\/wp\/v2\/users\/454"}],"replies":[{"embeddable":true,"href":"https:\/\/projectes.xtec.cat\/pfi\/wp-json\/wp\/v2\/comments?post=21544"}],"version-history":[{"count":3,"href":"https:\/\/projectes.xtec.cat\/pfi\/wp-json\/wp\/v2\/posts\/21544\/revisions"}],"predecessor-version":[{"id":21600,"href":"https:\/\/projectes.xtec.cat\/pfi\/wp-json\/wp\/v2\/posts\/21544\/revisions\/21600"}],"wp:featuredmedia":[{"embeddable":true,"href":"https:\/\/projectes.xtec.cat\/pfi\/wp-json\/wp\/v2\/media\/21551"}],"wp:attachment":[{"href":"https:\/\/projectes.xtec.cat\/pfi\/wp-json\/wp\/v2\/media?parent=21544"}],"wp:term":[{"taxonomy":"category","embeddable":true,"href":"https:\/\/projectes.xtec.cat\/pfi\/wp-json\/wp\/v2\/categories?post=21544"},{"taxonomy":"post_tag","embeddable":true,"href":"https:\/\/projectes.xtec.cat\/pfi\/wp-json\/wp\/v2\/tags?post=21544"}],"curies":[{"name":"wp","href":"https:\/\/api.w.org\/{rel}","templated":true}]}}