{"id":21601,"date":"2026-04-27T14:59:11","date_gmt":"2026-04-27T12:59:11","guid":{"rendered":"https:\/\/projectes.xtec.cat\/pfi\/?p=21601"},"modified":"2026-04-27T14:59:11","modified_gmt":"2026-04-27T12:59:11","slug":"cohesio-convivencia-i-activitat-fisica","status":"publish","type":"post","link":"https:\/\/projectes.xtec.cat\/pfi\/general\/cohesio-convivencia-i-activitat-fisica\/","title":{"rendered":"Cohesi\u00f3, conviv\u00e8ncia i activitat f\u00edsica"},"content":{"rendered":"<p>Aquest curs, hem consolidat el projecte &#8220;Conviv\u00e8ncia i activitat f\u00edsica al PFI de Sant Adri\u00e0&#8221; com una eina transformadora per a l\u2019alumnat. Durant el curs, els grups d&#8217;Est\u00e8tica i Mec\u00e0nica han compartit espais d&#8217;activitat f\u00edsica i lleure, com patxangues d\u2019esports diversos, fer una excursi\u00f3 al tur\u00f3 de Puig Castellar, anar al Salting o participar a la Milla de la Mina, a m\u00e9s d\u2019algunes activitats que farem m\u00e9s endavant, com la sortida de vela al Port de Sant Adri\u00e0. Aquestes activitats han estat el vehicle per fomentar la cohesi\u00f3 entre els grups i el benestar emocional.<\/p>\n<p><a href=\"https:\/\/projectes.xtec.cat\/pfi\/wp-content\/uploads\/usu1781\/2026\/04\/Salting-2.jpeg\"><img loading=\"lazy\" decoding=\"async\" class=\"wp-image-21602 aligncenter\" src=\"https:\/\/projectes.xtec.cat\/pfi\/wp-content\/uploads\/usu1781\/2026\/04\/Salting-2-1024x845.jpeg\" alt=\"\" width=\"396\" height=\"327\" srcset=\"https:\/\/projectes.xtec.cat\/pfi\/wp-content\/uploads\/usu1781\/2026\/04\/Salting-2-1024x845.jpeg 1024w, https:\/\/projectes.xtec.cat\/pfi\/wp-content\/uploads\/usu1781\/2026\/04\/Salting-2-300x248.jpeg 300w, https:\/\/projectes.xtec.cat\/pfi\/wp-content\/uploads\/usu1781\/2026\/04\/Salting-2-768x634.jpeg 768w, https:\/\/projectes.xtec.cat\/pfi\/wp-content\/uploads\/usu1781\/2026\/04\/Salting-2.jpeg 1080w\" sizes=\"auto, (max-width: 396px) 100vw, 396px\" \/><\/a><\/p>\n<p><strong>Fer activitat f\u00edsica: una eina de cohesi\u00f3<\/strong><\/p>\n<p>M\u00e9s enll\u00e0 de la millora de la condici\u00f3 f\u00edsica, el gran \u00e8xit ha estat aconseguir una bona conviv\u00e8ncia de l\u2019alumnat, facilitant que nois i noies se sobreposin als prejudicis de g\u00e8nere i comparteixin activitats en un entorn d&#8217;igualtat i respecte mutu. Tamb\u00e9 hem pogut trencar amb rols tradicionals, millorant l\u2019autoconeixement i enfortint habilitats de comunicaci\u00f3 que seran rellevants per a la seva entrada a l&#8217;edat adulta.<\/p>\n<p>Gaudir del lleure de forma positiva ens obre moltes portes i amb implicaci\u00f3 de tothom hem apr\u00e8s que movent-nos plegats, fem del PFI un espai m\u00e9s inclusiu.<\/p>\n<p><em>Lorena de La Pe\u00f1a, Vanesa Ibern\u00f3n, Eduard Artells i Raimon Goberna<\/em><\/p>\n<p><em>Equip PFI-PTT de Sant Adri\u00e0 de Bes\u00f2s<\/em><\/p>\n<p>&nbsp;<\/p>\n","protected":false},"excerpt":{"rendered":"<p>Aquest curs, hem consolidat el projecte &#8220;Conviv\u00e8ncia i activitat f\u00edsica al PFI de Sant Adri\u00e0&#8221; com una eina transformadora per a l\u2019alumnat. Durant el curs, els grups d&#8217;Est\u00e8tica i Mec\u00e0nica han compartit espais d&#8217;activitat f\u00edsica i lleure, com patxangues d\u2019esports diversos, fer una excursi\u00f3 al&hellip;  <a href=\"https:\/\/projectes.xtec.cat\/pfi\/general\/cohesio-convivencia-i-activitat-fisica\/\" title=\"Read Cohesi\u00f3, conviv\u00e8ncia i activitat f\u00edsica\">Llegeix m\u00e9s\u00bb<\/a><\/p>\n","protected":false},"author":456,"featured_media":21602,"comment_status":"open","ping_status":"open","sticky":false,"template":"","format":"standard","meta":{"_bbp_topic_count":0,"_bbp_reply_count":0,"_bbp_total_topic_count":0,"_bbp_total_reply_count":0,"_bbp_voice_count":0,"_bbp_anonymous_reply_count":0,"_bbp_topic_count_hidden":0,"_bbp_reply_count_hidden":0,"_bbp_forum_subforum_count":0,"footnotes":""},"categories":[1,29],"tags":[],"class_list":["post-21601","post","type-post","status-publish","format-standard","has-post-thumbnail","hentry","category-general","category-portada"],"post_mailing_queue_ids":[],"_links":{"self":[{"href":"https:\/\/projectes.xtec.cat\/pfi\/wp-json\/wp\/v2\/posts\/21601","targetHints":{"allow":["GET"]}}],"collection":[{"href":"https:\/\/projectes.xtec.cat\/pfi\/wp-json\/wp\/v2\/posts"}],"about":[{"href":"https:\/\/projectes.xtec.cat\/pfi\/wp-json\/wp\/v2\/types\/post"}],"author":[{"embeddable":true,"href":"https:\/\/projectes.xtec.cat\/pfi\/wp-json\/wp\/v2\/users\/456"}],"replies":[{"embeddable":true,"href":"https:\/\/projectes.xtec.cat\/pfi\/wp-json\/wp\/v2\/comments?post=21601"}],"version-history":[{"count":2,"href":"https:\/\/projectes.xtec.cat\/pfi\/wp-json\/wp\/v2\/posts\/21601\/revisions"}],"predecessor-version":[{"id":21604,"href":"https:\/\/projectes.xtec.cat\/pfi\/wp-json\/wp\/v2\/posts\/21601\/revisions\/21604"}],"wp:featuredmedia":[{"embeddable":true,"href":"https:\/\/projectes.xtec.cat\/pfi\/wp-json\/wp\/v2\/media\/21602"}],"wp:attachment":[{"href":"https:\/\/projectes.xtec.cat\/pfi\/wp-json\/wp\/v2\/media?parent=21601"}],"wp:term":[{"taxonomy":"category","embeddable":true,"href":"https:\/\/projectes.xtec.cat\/pfi\/wp-json\/wp\/v2\/categories?post=21601"},{"taxonomy":"post_tag","embeddable":true,"href":"https:\/\/projectes.xtec.cat\/pfi\/wp-json\/wp\/v2\/tags?post=21601"}],"curies":[{"name":"wp","href":"https:\/\/api.w.org\/{rel}","templated":true}]}}