{"id":8354,"date":"2018-04-16T13:47:42","date_gmt":"2018-04-16T11:47:42","guid":{"rendered":"http:\/\/projectes.xtec.cat\/pfi\/?p=8354"},"modified":"2020-03-20T11:10:30","modified_gmt":"2020-03-20T10:10:30","slug":"el-pfi-participa-en-activitats-dorientacio-a-la-provincia-de-girona","status":"publish","type":"post","link":"https:\/\/projectes.xtec.cat\/pfi\/general\/el-pfi-participa-en-activitats-dorientacio-a-la-provincia-de-girona\/","title":{"rendered":"El PFI participa en activitats d\u2019orientaci\u00f3 a la prov\u00edncia de Girona"},"content":{"rendered":"<p><strong>ExpoJove 2018<\/strong><\/p>\n<p style=\"text-align: justify;\">De l\u201911 al 14 d\u2019abril es va portar a terme la Fira ExpoJove a Girona. Un esdeveniment formatiu en qu\u00e8 el PFI ha disposat d\u2019un estand representatiu dels centres de la prov\u00edncia de Girona. L\u2019alumnat de la fam\u00edlia professional d\u2019Hoteleria i Turisme, va realitzar diverses demostracions pr\u00e0ctiques de la part professional, elaborant piruletes, coques, etc.. per als assistents. A m\u00e9s a m\u00e9s, l\u2019alumnat va col\u00b7laborar amb les explicacions als usuaris de les caracter\u00edstiques del programa.<\/p>\n<p style=\"text-align: justify;\">Va ser una molt bona experi\u00e8ncia!!!!<\/p>\n<p><a href=\"http:\/\/projectes.xtec.cat\/pfi\/wp-content\/uploads\/usu1781\/2018\/04\/IMG_5300.jpg\"><img loading=\"lazy\" decoding=\"async\" class=\"alignnone wp-image-8551\" src=\"http:\/\/projectes.xtec.cat\/pfi\/wp-content\/uploads\/usu1781\/2018\/04\/IMG_5300-1024x768.jpg\" alt=\"\" width=\"336\" height=\"252\" \/><\/a><\/p>\n<p>&nbsp;<\/p>\n<p>&nbsp;<\/p>\n","protected":false},"excerpt":{"rendered":"<p>ExpoJove 2018<br \/>\nDe l\u201911 al 14 d\u2019abril es va portar a terme la Fira ExpoJove a Girona. Un esdeveniment formatiu en qu\u00e8 el PFI ha disposat d\u2019un estand representatiu dels centres de la prov\u00edncia de Girona. L\u2019alumnat de la fam\u00edlia professional d\u2019Hoteleria i Turisme, va realitzar&hellip;  <a href=\"https:\/\/projectes.xtec.cat\/pfi\/general\/el-pfi-participa-en-activitats-dorientacio-a-la-provincia-de-girona\/\" title=\"Read El PFI participa en activitats d\u2019orientaci\u00f3 a la prov\u00edncia de Girona\">Llegeix m\u00e9s\u00bb<\/a><\/p>\n","protected":false},"author":1,"featured_media":8553,"comment_status":"open","ping_status":"closed","sticky":false,"template":"","format":"standard","meta":{"_bbp_topic_count":0,"_bbp_reply_count":0,"_bbp_total_topic_count":0,"_bbp_total_reply_count":0,"_bbp_voice_count":0,"_bbp_anonymous_reply_count":0,"_bbp_topic_count_hidden":0,"_bbp_reply_count_hidden":0,"_bbp_forum_subforum_count":0,"footnotes":""},"categories":[1],"tags":[],"class_list":["post-8354","post","type-post","status-publish","format-standard","has-post-thumbnail","hentry","category-general"],"post_mailing_queue_ids":[],"_links":{"self":[{"href":"https:\/\/projectes.xtec.cat\/pfi\/wp-json\/wp\/v2\/posts\/8354","targetHints":{"allow":["GET"]}}],"collection":[{"href":"https:\/\/projectes.xtec.cat\/pfi\/wp-json\/wp\/v2\/posts"}],"about":[{"href":"https:\/\/projectes.xtec.cat\/pfi\/wp-json\/wp\/v2\/types\/post"}],"author":[{"embeddable":true,"href":"https:\/\/projectes.xtec.cat\/pfi\/wp-json\/wp\/v2\/users\/1"}],"replies":[{"embeddable":true,"href":"https:\/\/projectes.xtec.cat\/pfi\/wp-json\/wp\/v2\/comments?post=8354"}],"version-history":[{"count":3,"href":"https:\/\/projectes.xtec.cat\/pfi\/wp-json\/wp\/v2\/posts\/8354\/revisions"}],"predecessor-version":[{"id":8556,"href":"https:\/\/projectes.xtec.cat\/pfi\/wp-json\/wp\/v2\/posts\/8354\/revisions\/8556"}],"wp:featuredmedia":[{"embeddable":true,"href":"https:\/\/projectes.xtec.cat\/pfi\/wp-json\/wp\/v2\/media\/8553"}],"wp:attachment":[{"href":"https:\/\/projectes.xtec.cat\/pfi\/wp-json\/wp\/v2\/media?parent=8354"}],"wp:term":[{"taxonomy":"category","embeddable":true,"href":"https:\/\/projectes.xtec.cat\/pfi\/wp-json\/wp\/v2\/categories?post=8354"},{"taxonomy":"post_tag","embeddable":true,"href":"https:\/\/projectes.xtec.cat\/pfi\/wp-json\/wp\/v2\/tags?post=8354"}],"curies":[{"name":"wp","href":"https:\/\/api.w.org\/{rel}","templated":true}]}}