{"id":8697,"date":"2018-09-25T11:49:36","date_gmt":"2018-09-25T09:49:36","guid":{"rendered":"http:\/\/projectes.xtec.cat\/pfi\/?p=8697"},"modified":"2020-03-20T11:09:28","modified_gmt":"2020-03-20T10:09:28","slug":"relacio-de-centres-educatius-i-establiments-que-ofereixen-pfi-curs-2018-2019","status":"publish","type":"post","link":"https:\/\/projectes.xtec.cat\/pfi\/general\/relacio-de-centres-educatius-i-establiments-que-ofereixen-pfi-curs-2018-2019\/","title":{"rendered":"V\u00eddeos educatius"},"content":{"rendered":"<p>L\u2019alumnat del perfil auxiliar de vendes, oficina i atenci\u00f3 al p\u00fablic del PFI-PTT Gu\u00edxols-Vall d\u2019Aro va guanya el premi al v\u00eddeo de presentaci\u00f3 m\u00e9s popular al concurs organitzat pel Consell Comarcal del Baix Empord\u00e0, l&#8217;any 2017!!<\/p>\n<p style=\"text-align: center;\"><iframe loading=\"lazy\" src=\"https:\/\/www.youtube.com\/embed\/WsGZvLDARao\" width=\"560\" height=\"315\" frameborder=\"0\"><\/iframe><\/p>\n","protected":false},"excerpt":{"rendered":"<p>L\u2019alumnat del perfil auxiliar de vendes, oficina i atenci\u00f3 al p\u00fablic del PFI-PTT Gu\u00edxols-Vall d\u2019Aro va guanya el premi al v\u00eddeo de presentaci\u00f3 m\u00e9s popular al concurs organitzat pel Consell Comarcal del Baix Empord\u00e0, l&#8217;any 2017!!<\/p>\n","protected":false},"author":1,"featured_media":0,"comment_status":"closed","ping_status":"closed","sticky":false,"template":"","format":"standard","meta":{"_bbp_topic_count":0,"_bbp_reply_count":0,"_bbp_total_topic_count":0,"_bbp_total_reply_count":0,"_bbp_voice_count":0,"_bbp_anonymous_reply_count":0,"_bbp_topic_count_hidden":0,"_bbp_reply_count_hidden":0,"_bbp_forum_subforum_count":0,"footnotes":""},"categories":[1],"tags":[],"class_list":["post-8697","post","type-post","status-publish","format-standard","hentry","category-general"],"post_mailing_queue_ids":[],"_links":{"self":[{"href":"https:\/\/projectes.xtec.cat\/pfi\/wp-json\/wp\/v2\/posts\/8697","targetHints":{"allow":["GET"]}}],"collection":[{"href":"https:\/\/projectes.xtec.cat\/pfi\/wp-json\/wp\/v2\/posts"}],"about":[{"href":"https:\/\/projectes.xtec.cat\/pfi\/wp-json\/wp\/v2\/types\/post"}],"author":[{"embeddable":true,"href":"https:\/\/projectes.xtec.cat\/pfi\/wp-json\/wp\/v2\/users\/1"}],"replies":[{"embeddable":true,"href":"https:\/\/projectes.xtec.cat\/pfi\/wp-json\/wp\/v2\/comments?post=8697"}],"version-history":[{"count":4,"href":"https:\/\/projectes.xtec.cat\/pfi\/wp-json\/wp\/v2\/posts\/8697\/revisions"}],"predecessor-version":[{"id":9158,"href":"https:\/\/projectes.xtec.cat\/pfi\/wp-json\/wp\/v2\/posts\/8697\/revisions\/9158"}],"wp:attachment":[{"href":"https:\/\/projectes.xtec.cat\/pfi\/wp-json\/wp\/v2\/media?parent=8697"}],"wp:term":[{"taxonomy":"category","embeddable":true,"href":"https:\/\/projectes.xtec.cat\/pfi\/wp-json\/wp\/v2\/categories?post=8697"},{"taxonomy":"post_tag","embeddable":true,"href":"https:\/\/projectes.xtec.cat\/pfi\/wp-json\/wp\/v2\/tags?post=8697"}],"curies":[{"name":"wp","href":"https:\/\/api.w.org\/{rel}","templated":true}]}}