{"id":9458,"date":"2020-04-14T16:25:57","date_gmt":"2020-04-14T14:25:57","guid":{"rendered":"http:\/\/projectes.xtec.cat\/pfi\/?p=9458"},"modified":"2020-04-14T16:44:40","modified_gmt":"2020-04-14T14:44:40","slug":"educacio-comenca-el-proces-de-repartiment-de-22-000-dispositius-amb-connectivitat-a-alumnes-que-no-en-disposen-per-seguir-el-curs-des-de-casa","status":"publish","type":"post","link":"https:\/\/projectes.xtec.cat\/pfi\/portada\/educacio-comenca-el-proces-de-repartiment-de-22-000-dispositius-amb-connectivitat-a-alumnes-que-no-en-disposen-per-seguir-el-curs-des-de-casa\/","title":{"rendered":"Educaci\u00f3 comen\u00e7a el proc\u00e9s de repartiment de 22.000 dispositius amb connectivitat a alumnes que no en disposen per seguir el curs des de casa"},"content":{"rendered":"<p><img loading=\"lazy\" decoding=\"async\" class=\"Emoji Emoji--forText\" style=\"width: 19px;\" title=\"Meg\u00e1fono de animaci\u00f3n\" draggable=\"false\" src=\"https:\/\/abs.twimg.com\/emoji\/v2\/72x72\/1f4e3.png\" alt=\"\" width=\"71\" height=\"18\" aria-label=\"Emoji: Meg\u00e1fono de animaci\u00f3n\" \/> \u00a0 Per aquests dies de confinament, s&#8217;impulsa el repartiment de 22.000 dispositius amb connectivitat.<\/p>\n<p>Educaci\u00f3 inicia el proc\u00e9s de repartiment dels dispositius a alumnes que no en disposen per seguir el curs des de casa.<\/p>\n<p>A aquesta xifra, s&#8217;hi haur\u00e0 de sumar la d&#8217;iniciatives d&#8217;ajuntaments, consells, entitats o empreses<\/p>\n<p><a href=\"https:\/\/govern.cat\/salapremsa\/notes-premsa\/384140\/educacio-comenca-proces-repartiment-22000-dispositius-connectivitat-alumnes-que-no-disposen-seguir-curs-casa\">Enlla\u00e7 a la not\u00edcia<\/a><\/p>\n<p>#pfiCAT #impulsFP<br \/>\n&nbsp;<\/p>\n","protected":false},"excerpt":{"rendered":"<p> \u00a0 Per aquests dies de confinament, s&#8217;impulsa el repartiment de 22.000 dispositius amb connectivitat.<br \/>\nEducaci\u00f3 inicia el proc\u00e9s de repartiment dels dispositius a alumnes que no en disposen per seguir el curs des de casa.<br \/>\nA aquesta xifra, s&#8217;hi haur\u00e0 de sumar la d&#8217;iniciatives d&#8217;ajuntaments, consells,&hellip;  <a href=\"https:\/\/projectes.xtec.cat\/pfi\/portada\/educacio-comenca-el-proces-de-repartiment-de-22-000-dispositius-amb-connectivitat-a-alumnes-que-no-en-disposen-per-seguir-el-curs-des-de-casa\/\" title=\"Read Educaci\u00f3 comen\u00e7a el proc\u00e9s de repartiment de 22.000 dispositius amb connectivitat a alumnes que no en disposen per seguir el curs des de casa\">Llegeix m\u00e9s\u00bb<\/a><\/p>\n","protected":false},"author":1,"featured_media":0,"comment_status":"open","ping_status":"closed","sticky":false,"template":"","format":"standard","meta":{"_bbp_topic_count":0,"_bbp_reply_count":0,"_bbp_total_topic_count":0,"_bbp_total_reply_count":0,"_bbp_voice_count":0,"_bbp_anonymous_reply_count":0,"_bbp_topic_count_hidden":0,"_bbp_reply_count_hidden":0,"_bbp_forum_subforum_count":0,"footnotes":""},"categories":[287,29],"tags":[],"class_list":["post-9458","post","type-post","status-publish","format-standard","hentry","category-comunicats","category-portada"],"post_mailing_queue_ids":[],"_links":{"self":[{"href":"https:\/\/projectes.xtec.cat\/pfi\/wp-json\/wp\/v2\/posts\/9458","targetHints":{"allow":["GET"]}}],"collection":[{"href":"https:\/\/projectes.xtec.cat\/pfi\/wp-json\/wp\/v2\/posts"}],"about":[{"href":"https:\/\/projectes.xtec.cat\/pfi\/wp-json\/wp\/v2\/types\/post"}],"author":[{"embeddable":true,"href":"https:\/\/projectes.xtec.cat\/pfi\/wp-json\/wp\/v2\/users\/1"}],"replies":[{"embeddable":true,"href":"https:\/\/projectes.xtec.cat\/pfi\/wp-json\/wp\/v2\/comments?post=9458"}],"version-history":[{"count":3,"href":"https:\/\/projectes.xtec.cat\/pfi\/wp-json\/wp\/v2\/posts\/9458\/revisions"}],"predecessor-version":[{"id":9474,"href":"https:\/\/projectes.xtec.cat\/pfi\/wp-json\/wp\/v2\/posts\/9458\/revisions\/9474"}],"wp:attachment":[{"href":"https:\/\/projectes.xtec.cat\/pfi\/wp-json\/wp\/v2\/media?parent=9458"}],"wp:term":[{"taxonomy":"category","embeddable":true,"href":"https:\/\/projectes.xtec.cat\/pfi\/wp-json\/wp\/v2\/categories?post=9458"},{"taxonomy":"post_tag","embeddable":true,"href":"https:\/\/projectes.xtec.cat\/pfi\/wp-json\/wp\/v2\/tags?post=9458"}],"curies":[{"name":"wp","href":"https:\/\/api.w.org\/{rel}","templated":true}]}}