{"id":9867,"date":"2020-05-20T11:45:12","date_gmt":"2020-05-20T09:45:12","guid":{"rendered":"http:\/\/projectes.xtec.cat\/pfi\/?p=9867"},"modified":"2020-05-20T11:46:34","modified_gmt":"2020-05-20T09:46:34","slug":"projecte-integrat-pfi-ptt-la-seu-durgell","status":"publish","type":"post","link":"https:\/\/projectes.xtec.cat\/pfi\/general\/projecte-integrat-pfi-ptt-la-seu-durgell\/","title":{"rendered":"Projecte Integrat PFI PTT La Seu d&#8217;Urgell"},"content":{"rendered":"<p>A la Seu hem iniciat el Projecte Integrat del PFI-PTT amb l&#8217;objectiu d&#8217;oferir a trav\u00e9s d&#8217;un reportatge, com s&#8217;ha viscut a la comarca i a la nostra ciutat la pand\u00e8mia provocada pel COVID-19. Els nostres alumnes, virtualment i per parelles estan preparant entrevistes amb diferents interlocutors que poden donar molta informaci\u00f3 sobre la situaci\u00f3 viscuda.<\/p>\n<p>Aquest dilluns, 18 han entrevistat a personal sanitari de l&#8217;Hospital de la Seu d&#8217;Urgell, aix\u00ed com a la responsable de neteja d&#8217;aquest equipament. I el dia 19, han parlat amb el Sr. Jordi F\u00e0brega, Alcalde de la nostra ciutat. S&#8217;estan fent totes les entrevistes amb les mesures de protecci\u00f3 sanit\u00e0ries que estan previstes en la fase 1 del desconfinament a la nostra \u00c0rea de Salut: tothom amb mascareta i guardant les dist\u00e0ncies.<\/p>\n<p><a href=\"https:\/\/projectes.xtec.cat\/pfi\/wp-content\/uploads\/usu1781\/2020\/05\/IMG-20200518-WA0005.jpg\"><img loading=\"lazy\" decoding=\"async\" class=\"alignnone size-large wp-image-9868\" src=\"https:\/\/projectes.xtec.cat\/pfi\/wp-content\/uploads\/usu1781\/2020\/05\/IMG-20200518-WA0005-1024x768.jpg\" alt=\"\" width=\"1024\" height=\"768\" srcset=\"https:\/\/projectes.xtec.cat\/pfi\/wp-content\/uploads\/usu1781\/2020\/05\/IMG-20200518-WA0005-1024x768.jpg 1024w, https:\/\/projectes.xtec.cat\/pfi\/wp-content\/uploads\/usu1781\/2020\/05\/IMG-20200518-WA0005-300x225.jpg 300w, https:\/\/projectes.xtec.cat\/pfi\/wp-content\/uploads\/usu1781\/2020\/05\/IMG-20200518-WA0005-768x576.jpg 768w, https:\/\/projectes.xtec.cat\/pfi\/wp-content\/uploads\/usu1781\/2020\/05\/IMG-20200518-WA0005-200x150.jpg 200w, https:\/\/projectes.xtec.cat\/pfi\/wp-content\/uploads\/usu1781\/2020\/05\/IMG-20200518-WA0005.jpg 1600w\" sizes=\"auto, (max-width: 1024px) 100vw, 1024px\" \/><\/a> <a href=\"https:\/\/projectes.xtec.cat\/pfi\/wp-content\/uploads\/usu1781\/2020\/05\/IMG-20200518-WA0008.jpg\"><img loading=\"lazy\" decoding=\"async\" class=\"alignnone size-large wp-image-9869\" src=\"https:\/\/projectes.xtec.cat\/pfi\/wp-content\/uploads\/usu1781\/2020\/05\/IMG-20200518-WA0008-1024x768.jpg\" alt=\"\" width=\"1024\" height=\"768\" srcset=\"https:\/\/projectes.xtec.cat\/pfi\/wp-content\/uploads\/usu1781\/2020\/05\/IMG-20200518-WA0008-1024x768.jpg 1024w, https:\/\/projectes.xtec.cat\/pfi\/wp-content\/uploads\/usu1781\/2020\/05\/IMG-20200518-WA0008-300x225.jpg 300w, https:\/\/projectes.xtec.cat\/pfi\/wp-content\/uploads\/usu1781\/2020\/05\/IMG-20200518-WA0008-768x576.jpg 768w, https:\/\/projectes.xtec.cat\/pfi\/wp-content\/uploads\/usu1781\/2020\/05\/IMG-20200518-WA0008-200x150.jpg 200w, https:\/\/projectes.xtec.cat\/pfi\/wp-content\/uploads\/usu1781\/2020\/05\/IMG-20200518-WA0008.jpg 2000w\" sizes=\"auto, (max-width: 1024px) 100vw, 1024px\" \/><\/a> <a href=\"https:\/\/projectes.xtec.cat\/pfi\/wp-content\/uploads\/usu1781\/2020\/05\/IMG-20200519-WA0009.jpg\"><img loading=\"lazy\" decoding=\"async\" class=\"alignnone size-large wp-image-9870\" src=\"https:\/\/projectes.xtec.cat\/pfi\/wp-content\/uploads\/usu1781\/2020\/05\/IMG-20200519-WA0009-1024x768.jpg\" alt=\"\" width=\"1024\" height=\"768\" srcset=\"https:\/\/projectes.xtec.cat\/pfi\/wp-content\/uploads\/usu1781\/2020\/05\/IMG-20200519-WA0009-1024x768.jpg 1024w, https:\/\/projectes.xtec.cat\/pfi\/wp-content\/uploads\/usu1781\/2020\/05\/IMG-20200519-WA0009-300x225.jpg 300w, https:\/\/projectes.xtec.cat\/pfi\/wp-content\/uploads\/usu1781\/2020\/05\/IMG-20200519-WA0009-768x576.jpg 768w, https:\/\/projectes.xtec.cat\/pfi\/wp-content\/uploads\/usu1781\/2020\/05\/IMG-20200519-WA0009-200x150.jpg 200w, https:\/\/projectes.xtec.cat\/pfi\/wp-content\/uploads\/usu1781\/2020\/05\/IMG-20200519-WA0009.jpg 2000w\" sizes=\"auto, (max-width: 1024px) 100vw, 1024px\" \/><\/a><\/p>\n<p>#pfiCAT #impulsFP<\/p>\n","protected":false},"excerpt":{"rendered":"<p>A la Seu hem iniciat el Projecte Integrat del PFI-PTT amb l&#8217;objectiu d&#8217;oferir a trav\u00e9s d&#8217;un reportatge, com s&#8217;ha viscut a la comarca i a la nostra ciutat la pand\u00e8mia provocada pel COVID-19. Els nostres alumnes, virtualment i per parelles estan preparant entrevistes amb diferents&hellip;  <a href=\"https:\/\/projectes.xtec.cat\/pfi\/general\/projecte-integrat-pfi-ptt-la-seu-durgell\/\" title=\"Read Projecte Integrat PFI PTT La Seu d&#8217;Urgell\">Llegeix m\u00e9s\u00bb<\/a><\/p>\n","protected":false},"author":79,"featured_media":9883,"comment_status":"open","ping_status":"closed","sticky":false,"template":"","format":"standard","meta":{"_bbp_topic_count":0,"_bbp_reply_count":0,"_bbp_total_topic_count":0,"_bbp_total_reply_count":0,"_bbp_voice_count":0,"_bbp_anonymous_reply_count":0,"_bbp_topic_count_hidden":0,"_bbp_reply_count_hidden":0,"_bbp_forum_subforum_count":0,"footnotes":""},"categories":[1,29],"tags":[289,301],"class_list":["post-9867","post","type-post","status-publish","format-standard","has-post-thumbnail","hentry","category-general","category-portada","tag-alumnes-pfi","tag-confinament"],"post_mailing_queue_ids":[],"_links":{"self":[{"href":"https:\/\/projectes.xtec.cat\/pfi\/wp-json\/wp\/v2\/posts\/9867","targetHints":{"allow":["GET"]}}],"collection":[{"href":"https:\/\/projectes.xtec.cat\/pfi\/wp-json\/wp\/v2\/posts"}],"about":[{"href":"https:\/\/projectes.xtec.cat\/pfi\/wp-json\/wp\/v2\/types\/post"}],"author":[{"embeddable":true,"href":"https:\/\/projectes.xtec.cat\/pfi\/wp-json\/wp\/v2\/users\/79"}],"replies":[{"embeddable":true,"href":"https:\/\/projectes.xtec.cat\/pfi\/wp-json\/wp\/v2\/comments?post=9867"}],"version-history":[{"count":3,"href":"https:\/\/projectes.xtec.cat\/pfi\/wp-json\/wp\/v2\/posts\/9867\/revisions"}],"predecessor-version":[{"id":9885,"href":"https:\/\/projectes.xtec.cat\/pfi\/wp-json\/wp\/v2\/posts\/9867\/revisions\/9885"}],"wp:featuredmedia":[{"embeddable":true,"href":"https:\/\/projectes.xtec.cat\/pfi\/wp-json\/wp\/v2\/media\/9883"}],"wp:attachment":[{"href":"https:\/\/projectes.xtec.cat\/pfi\/wp-json\/wp\/v2\/media?parent=9867"}],"wp:term":[{"taxonomy":"category","embeddable":true,"href":"https:\/\/projectes.xtec.cat\/pfi\/wp-json\/wp\/v2\/categories?post=9867"},{"taxonomy":"post_tag","embeddable":true,"href":"https:\/\/projectes.xtec.cat\/pfi\/wp-json\/wp\/v2\/tags?post=9867"}],"curies":[{"name":"wp","href":"https:\/\/api.w.org\/{rel}","templated":true}]}}