{"id":9956,"date":"2020-05-28T10:51:45","date_gmt":"2020-05-28T08:51:45","guid":{"rendered":"http:\/\/projectes.xtec.cat\/pfi\/?p=9956"},"modified":"2020-05-28T10:53:31","modified_gmt":"2020-05-28T08:53:31","slug":"fct-des-de-casa-serveis-auxiliars-de-cuina-i-catering-a-domicili-a-traves-de-la-cooperativa-dalumnes-energy","status":"publish","type":"post","link":"https:\/\/projectes.xtec.cat\/pfi\/general\/fct-des-de-casa-serveis-auxiliars-de-cuina-i-catering-a-domicili-a-traves-de-la-cooperativa-dalumnes-energy\/","title":{"rendered":"FCT des de casa: serveis auxiliars de cuina i c\u00e0tering a domicili a trav\u00e9s de la cooperativa d&#8217;alumnes Energy"},"content":{"rendered":"<p><a href=\"https:\/\/projectes.xtec.cat\/pfi\/wp-content\/uploads\/usu1781\/2020\/05\/Cap-FCT-casa.jpg\"><img loading=\"lazy\" decoding=\"async\" class=\"size-full wp-image-9965 alignleft\" src=\"https:\/\/projectes.xtec.cat\/pfi\/wp-content\/uploads\/usu1781\/2020\/05\/Cap-FCT-casa.jpg\" alt=\"\" width=\"274\" height=\"478\" \/><\/a>La situaci\u00f3 actual d&#8217;excepcionalitat ha condicionat el desenvolupament programat de les seq\u00fc\u00e8ncies d&#8217;ensenyament-aprenentatge, obligant-nos a reformular tota la din\u00e0mica de treball. Passar de la formaci\u00f3 presencial a l&#8217;aprenentatge a dist\u00e0ncia planteja reptes importants, als quals cal sumar el fet d&#8217;haver de fer les transformacions de manera immediata i sense haver-ho pogut preveure presencialment. Tot i aix\u00ed, ja fa temps que en el PFI d&#8217;auxiliar d&#8217;hoteleria: cuina i c\u00e0tering (HT02 -NEE-) de la Fundaci\u00f3 Merc\u00e8 Pla (Tortosa) treballem de manera sistem\u00e0tica en un entorn virtual d&#8217;aprenentatge\u00a0 amb Google clasroom, la qual cosa ens ha afavorit a l&#8217;hora d&#8217;afrontar l&#8217;esmentada transici\u00f3.<\/p>\n<p>Tant bon punt vam tenir resolt com articular\u00edem la nova din\u00e0mica acad\u00e8mica, el seg\u00fcent h\u00e0ndicap que va aflorar fou com podrien els nostres alumnes desenvolupar unes pr\u00e0ctiques en ple estat d&#8217;alarma i de colapse social. A m\u00e9s a m\u00e9s, som conscients que el sector de l&#8217;hoteleria \u00e9s un dels que es mostra m\u00e9s vulnerable en la present crisi sanit\u00e0ria i, per tant, cal definir noves maneres i cercar oportunitats en el context actual. Per tant, ha calgut\u00a0 pensar en l&#8217;aprofitament de les potencialitats que ofereixen els entorns dom\u00e8stics en la realitzaci\u00f3 d&#8217;activitats pr\u00e0ctiques reals de cuina i c\u00e0tering.<\/p>\n<p>El projecte que adjuntem ha estat el fruit d&#8217;un intens treball col\u00b7lectiu que sintetitza reflexions de tots els membres de la comunitat educativa i que proporciona una resposta puntual a unes necessitats que no podrien entendre&#8217;s en un altre context.<\/p>\n<table>\n<tbody>\n<tr>\n<td style=\"width: 324.444px; border-color: #000000;\"><a href=\"https:\/\/drive.google.com\/open?id=18tk6Y5s4t6M8MdR8MKpSw3mrbUIuAVoz\"><img loading=\"lazy\" decoding=\"async\" class=\" wp-image-2754 alignleft\" src=\"https:\/\/agora.xtec.cat\/esc-verge-cinta\/wp-content\/uploads\/usu552\/2020\/05\/Cap-Projecte.jpg\" alt=\"\" width=\"277\" height=\"407\" data-wp-editing=\"1\" \/><\/a><\/td>\n<td style=\"width: 646.667px;\"><a style=\"color: #2795b6; font-size: 16px;\" href=\"https:\/\/drive.google.com\/open?id=18HUtdECe85qQeUZSbkwnVxj_Xd2zrSRx\"><img loading=\"lazy\" decoding=\"async\" class=\"size-full wp-image-2753 aligncenter\" src=\"https:\/\/agora.xtec.cat\/esc-verge-cinta\/wp-content\/uploads\/usu552\/2020\/05\/Cap-PresentacioFamilies.jpg\" alt=\"\" width=\"775\" height=\"592\" \/><\/a><\/td>\n<\/tr>\n<\/tbody>\n<\/table>\n<p>Per tal de desplegar tot el projecte hem intentat apropar-nos el m\u00e0xim possible al que suposarien les pr\u00e0ctiques FCT, adaptant els diferents documents emprats habitualment en l&#8217;homologaci\u00f3 dels centres de treball, acords formatius, pla d&#8217;activitats, etc. Aqu\u00ed en deixem alguns exemples.<\/p>\n<table>\n<tbody>\n<tr>\n<td><a href=\"https:\/\/projectes.xtec.cat\/pfi\/wp-content\/uploads\/usu1781\/2020\/05\/Cap-Ref0a.jpg\"><img loading=\"lazy\" decoding=\"async\" class=\"alignnone size-full wp-image-9957\" src=\"https:\/\/projectes.xtec.cat\/pfi\/wp-content\/uploads\/usu1781\/2020\/05\/Cap-Ref0a.jpg\" alt=\"\" width=\"376\" height=\"547\" srcset=\"https:\/\/projectes.xtec.cat\/pfi\/wp-content\/uploads\/usu1781\/2020\/05\/Cap-Ref0a.jpg 376w, https:\/\/projectes.xtec.cat\/pfi\/wp-content\/uploads\/usu1781\/2020\/05\/Cap-Ref0a-206x300.jpg 206w\" sizes=\"auto, (max-width: 376px) 100vw, 376px\" \/><\/a><\/td>\n<td><a href=\"https:\/\/drive.google.com\/file\/d\/1pe1Az26x0PEL-trRpijGA4TPZ_bTiNu7\/view?usp=sharing\"><img loading=\"lazy\" decoding=\"async\" class=\"alignnone size-large wp-image-9958\" src=\"https:\/\/projectes.xtec.cat\/pfi\/wp-content\/uploads\/usu1781\/2020\/05\/Cap-Ref1a.jpg\" alt=\"\" width=\"381\" height=\"545\" srcset=\"https:\/\/projectes.xtec.cat\/pfi\/wp-content\/uploads\/usu1781\/2020\/05\/Cap-Ref1a.jpg 381w, https:\/\/projectes.xtec.cat\/pfi\/wp-content\/uploads\/usu1781\/2020\/05\/Cap-Ref1a-210x300.jpg 210w\" sizes=\"auto, (max-width: 381px) 100vw, 381px\" \/><\/a><\/td>\n<td><a href=\"https:\/\/drive.google.com\/file\/d\/1n46yevbOQhntT_llwb07-uUHrBAsL6Fc\/view?usp=sharing\"><img loading=\"lazy\" decoding=\"async\" class=\"alignnone size-large wp-image-9959\" src=\"https:\/\/projectes.xtec.cat\/pfi\/wp-content\/uploads\/usu1781\/2020\/05\/Cap-Ref5a.jpg\" alt=\"\" width=\"372\" height=\"544\" srcset=\"https:\/\/projectes.xtec.cat\/pfi\/wp-content\/uploads\/usu1781\/2020\/05\/Cap-Ref5a.jpg 372w, https:\/\/projectes.xtec.cat\/pfi\/wp-content\/uploads\/usu1781\/2020\/05\/Cap-Ref5a-205x300.jpg 205w\" sizes=\"auto, (max-width: 372px) 100vw, 372px\" \/><\/a><\/td>\n<\/tr>\n<\/tbody>\n<\/table>\n<p>En definitiva, una exemplificaci\u00f3 de com dur a terme la FCT en un temps d&#8217;excepcionalitat, que compartim amb tot la comunitat PFI amb la voluntat de seguir aprenent\u00a0 plegats.<\/p>\n<p><a href=\"https:\/\/agora.xtec.cat\/esc-verge-cinta\/categoria\/pfi\/\">Enlla\u00e7 al bloc del PFI d&#8217;auxiiar d&#8217;hoteleria: cuina i c\u00e0tering de la Fundaci\u00f3 Merc\u00e8 Pla<\/a><\/p>\n","protected":false},"excerpt":{"rendered":"<p>Una exemplificaci\u00f3 de com dur a terme la FCT en un temps d&#8217;excepcionalitat, que compartim amb tot la comunitat PFI amb la voluntat de seguir aprenent  plegats.&hellip;  <a href=\"https:\/\/projectes.xtec.cat\/pfi\/general\/fct-des-de-casa-serveis-auxiliars-de-cuina-i-catering-a-domicili-a-traves-de-la-cooperativa-dalumnes-energy\/\" title=\"Read FCT des de casa: serveis auxiliars de cuina i c\u00e0tering a domicili a trav\u00e9s de la cooperativa d&#8217;alumnes Energy\">Llegeix m\u00e9s\u00bb<\/a><\/p>\n","protected":false},"author":75,"featured_media":9965,"comment_status":"open","ping_status":"closed","sticky":false,"template":"","format":"standard","meta":{"_bbp_topic_count":0,"_bbp_reply_count":0,"_bbp_total_topic_count":0,"_bbp_total_reply_count":0,"_bbp_voice_count":0,"_bbp_anonymous_reply_count":0,"_bbp_topic_count_hidden":0,"_bbp_reply_count_hidden":0,"_bbp_forum_subforum_count":0,"footnotes":""},"categories":[1,29],"tags":[289,301,335,293,334],"class_list":["post-9956","post","type-post","status-publish","format-standard","has-post-thumbnail","hentry","category-general","category-portada","tag-alumnes-pfi","tag-confinament","tag-covid19","tag-fct","tag-pfi"],"post_mailing_queue_ids":[],"_links":{"self":[{"href":"https:\/\/projectes.xtec.cat\/pfi\/wp-json\/wp\/v2\/posts\/9956","targetHints":{"allow":["GET"]}}],"collection":[{"href":"https:\/\/projectes.xtec.cat\/pfi\/wp-json\/wp\/v2\/posts"}],"about":[{"href":"https:\/\/projectes.xtec.cat\/pfi\/wp-json\/wp\/v2\/types\/post"}],"author":[{"embeddable":true,"href":"https:\/\/projectes.xtec.cat\/pfi\/wp-json\/wp\/v2\/users\/75"}],"replies":[{"embeddable":true,"href":"https:\/\/projectes.xtec.cat\/pfi\/wp-json\/wp\/v2\/comments?post=9956"}],"version-history":[{"count":4,"href":"https:\/\/projectes.xtec.cat\/pfi\/wp-json\/wp\/v2\/posts\/9956\/revisions"}],"predecessor-version":[{"id":9974,"href":"https:\/\/projectes.xtec.cat\/pfi\/wp-json\/wp\/v2\/posts\/9956\/revisions\/9974"}],"wp:featuredmedia":[{"embeddable":true,"href":"https:\/\/projectes.xtec.cat\/pfi\/wp-json\/wp\/v2\/media\/9965"}],"wp:attachment":[{"href":"https:\/\/projectes.xtec.cat\/pfi\/wp-json\/wp\/v2\/media?parent=9956"}],"wp:term":[{"taxonomy":"category","embeddable":true,"href":"https:\/\/projectes.xtec.cat\/pfi\/wp-json\/wp\/v2\/categories?post=9956"},{"taxonomy":"post_tag","embeddable":true,"href":"https:\/\/projectes.xtec.cat\/pfi\/wp-json\/wp\/v2\/tags?post=9956"}],"curies":[{"name":"wp","href":"https:\/\/api.w.org\/{rel}","templated":true}]}}