{"id":10060,"date":"2020-09-14T00:11:58","date_gmt":"2020-09-13T22:11:58","guid":{"rendered":"https:\/\/projectes.xtec.cat\/impulsfp\/?p=10060"},"modified":"2020-09-14T00:29:04","modified_gmt":"2020-09-13T22:29:04","slug":"les-dificultats-son-oportunitats-amb-roba-de-treball","status":"publish","type":"post","link":"https:\/\/projectes.xtec.cat\/programesiprojectesfp\/general\/les-dificultats-son-oportunitats-amb-roba-de-treball\/","title":{"rendered":"\u201cLes dificultats s\u00f3n oportunitats amb roba de treball\u201d"},"content":{"rendered":"<div>\n<p dir=\"ltr\"><a href=\"https:\/\/projectes.xtec.cat\/impulsfp\/wp-content\/uploads\/usu2078\/2020\/09\/VISION-FUTURO.png\">adar<img loading=\"lazy\" decoding=\"async\" class=\"wp-image-10061 aligncenter\" src=\"https:\/\/projectes.xtec.cat\/impulsfp\/wp-content\/uploads\/usu2078\/2020\/09\/VISION-FUTURO-1024x546.png\" alt=\"\" width=\"551\" height=\"294\" srcset=\"https:\/\/projectes.xtec.cat\/programesiprojectesfp\/wp-content\/uploads\/usu2078\/2020\/09\/VISION-FUTURO-1024x546.png 1024w, https:\/\/projectes.xtec.cat\/programesiprojectesfp\/wp-content\/uploads\/usu2078\/2020\/09\/VISION-FUTURO-300x160.png 300w, https:\/\/projectes.xtec.cat\/programesiprojectesfp\/wp-content\/uploads\/usu2078\/2020\/09\/VISION-FUTURO-768x410.png 768w, https:\/\/projectes.xtec.cat\/programesiprojectesfp\/wp-content\/uploads\/usu2078\/2020\/09\/VISION-FUTURO.png 1800w\" sizes=\"auto, (max-width: 551px) 100vw, 551px\" \/><\/a><\/p>\n<p dir=\"ltr\" style=\"line-height: 1.38; text-align: justify; margin-top: 0pt; margin-bottom: 0pt;\"><span style=\"font-size: 12pt; font-family: Arial; color: #000000; background-color: transparent; font-variant-numeric: normal; font-variant-east-asian: normal; vertical-align: baseline; white-space: pre-wrap;\">\u201cLes dificultats s\u00f3n oportunitats amb roba de treball\u201d Henry John Kaiser (1882-1967) Empresari nord americ\u00e0<\/span><\/p>\n<p>&nbsp;<\/p>\n<p dir=\"ltr\" style=\"line-height: 1.38; text-align: justify; margin-top: 0pt; margin-bottom: 0pt;\"><span style=\"font-size: 12pt; font-family: Arial; color: #000000; background-color: transparent; font-variant-numeric: normal; font-variant-east-asian: normal; vertical-align: baseline; white-space: pre-wrap;\">Aix\u00ed deia una frase que vaig llegir en alg\u00fan lloc que no recordo, i que la meva malmesa mem\u00f2ria no aconsegueix situar. S\u00f3n poc m\u00e9s de les onze de la nit i segurament en moltes llars els nervis s\u2019han instal\u00b7lat a la panxa de m\u00e9s d\u2019un, perqu\u00e8 quan trenqui l&#8217;alba i el sol comenci a llepar-ho tot, s\u2019iniciar\u00e0 el tret de sortida d\u2019un curs que es presenta veritablement complicat. Milers d\u2019alumnes aniran a l\u2019escola amb la s\u00f3n pegada als ulls, per\u00f2 amb la il\u00b7lusi\u00f3 de retrobar-se amb els companys i l\u2019espectaci\u00f3 de noves mat\u00e8ries, nou docents, i aules. Amb l\u2019esperan\u00e7a de poder tornar a una rutina que s\u2019intueix de tot menys normal.\u00a0<\/span><\/p>\n<p>&nbsp;<\/p>\n<p dir=\"ltr\" style=\"line-height: 1.38; text-align: justify; margin-top: 0pt; margin-bottom: 0pt;\"><span style=\"font-size: 12pt; font-family: Arial; color: #000000; background-color: transparent; font-variant-numeric: normal; font-variant-east-asian: normal; vertical-align: baseline; white-space: pre-wrap;\">Aquest alumnes que trepitjaran les aules porten a la motxilla alguna cosa m\u00e9s que llibres, estris per escriure i l&#8217;entrep\u00e0 per esmorzar. Porten somnis i projectes tal vegada no ben perfilats, per\u00f2 s\u00ed fets des de l\u2019entusiasme i l\u2019esperan\u00e7a de que aquests els portaran a un futur millor. En el cas concret de l\u2019FP, aquest alumnes \u00e9s possible que ja hagin tingut alguna \u201cportada a la cara\u201d en el seu cam\u00ed formatiu. O que, donades les circumst\u00e0ncies del mercat laboral, l\u2019inici d\u2019aquests estudis sigui fruit d\u2019una reconversi\u00f3 professional for\u00e7ada.\u00a0<\/span><\/p>\n<p>&nbsp;<\/p>\n<p dir=\"ltr\" style=\"line-height: 1.38; text-align: justify; margin-top: 0pt; margin-bottom: 0pt;\"><span style=\"font-size: 12pt;\"><span style=\"font-family: Arial; color: #000000; background-color: transparent; font-variant-numeric: normal; font-variant-east-asian: normal; vertical-align: baseline; white-space: pre-wrap;\">Els docents porten dies fent mans i m\u00e0nigues per poder organitzar els espais i els curr\u00edculums. \u00c9s molt possible que dem\u00e0 a primera hora continguin la respiraci\u00f3 davant la situaci\u00f3 tan complexa que se&#8217;ls ve a sobre. La incertesa desdibuixa en molts moments quin \u00e9s el cam\u00ed pel qual trepitjar i els dubtes poden fer-nos badar. <\/span><span style=\"font-family: Arial; color: #000000; background-color: transparent; font-variant-numeric: normal; font-variant-east-asian: normal; vertical-align: baseline; white-space: pre-wrap;\"><br \/>\n<\/span><span style=\"font-family: Arial; color: #000000; background-color: transparent; font-variant-numeric: normal; font-variant-east-asian: normal; vertical-align: baseline; white-space: pre-wrap;\"><br \/>\n<\/span><span style=\"font-family: Arial; color: #000000; background-color: transparent; font-variant-numeric: normal; font-variant-east-asian: normal; vertical-align: baseline; white-space: pre-wrap;\">Davant d\u2019aquestes incerteses i dificultats a l\u2019horitz\u00f3 es dibuixa una llum que ens pot ajudar a no perdre el cam\u00ed i \u00e9s la certesa que aquests alumnes s\u00f3n el futur. Si posem aquesta llum com a guia dels nostres pasos, la conclusi\u00f3 a la que arribem \u00e9s que no podem perdre el nostre futur. Aquesta generaci\u00f3 d\u2019estudiants no pot ser la generaci\u00f3 perduda del Covid-19. No ens ho podem permetre.\u00a0<\/span><\/span><\/p>\n<p>&nbsp;<\/p>\n<p dir=\"ltr\" style=\"line-height: 1.38; text-align: justify; margin-top: 0pt; margin-bottom: 0pt;\"><span style=\"font-size: 12pt; font-family: Arial; color: #000000; background-color: transparent; font-variant-numeric: normal; font-variant-east-asian: normal; vertical-align: baseline; white-space: pre-wrap;\">Des de la unitat d\u2019ImpulsFP estem treballant per poder ajudar als centres d\u2019FP. Som conscients que all\u00e0 est\u00e0 el nostre futur i volem posar-nos a disposici\u00f3 dels centres per ajudar-los en tot all\u00f2 que ens sigui possible. Oferir-los assessorament, noves maneres de fer. Treballem impulsant la innovaci\u00f3, l\u2019orientaci\u00f3, l\u2019emprenedoria i l&#8217;excel\u00b7l\u00e8ncia professional per millorar l\u2019FP. Aix\u00ed entre tots aconseguirem que aquesta nova situaci\u00f3 plena de dificultats i incerteses ens faci avan\u00e7ar. Trobarem noves formes de complir la missi\u00f3 que tenim encomanada: l\u2019educaci\u00f3 i aprententage dels nostres joves\u00a0<\/span><\/p>\n<p>&nbsp;<\/p>\n<p dir=\"ltr\" style=\"line-height: 1.38; text-align: justify; margin-top: 0pt; margin-bottom: 0pt;\"><span style=\"font-size: 12pt; font-family: Arial; color: #000000; background-color: transparent; font-variant-numeric: normal; font-variant-east-asian: normal; vertical-align: baseline; white-space: pre-wrap;\">Bon inici de curs!!!! <\/span><\/p>\n<\/div>\n<p dir=\"ltr\"><span style=\"font-size: 12pt;\">Josep Moratal<\/span><\/p>\n<div>\n<div><span style=\"font-size: 11pt; font-family: Arial; color: #000000; background-color: transparent; font-variant-numeric: normal; font-variant-east-asian: normal; vertical-align: baseline; white-space: pre-wrap;\">\u00a0<\/span><\/div>\n<\/div>\n","protected":false},"excerpt":{"rendered":"<p>adar \u201cLes dificultats s\u00f3n oportunitats amb roba de treball\u201d Henry John Kaiser (1882-1967) Empresari nord americ\u00e0 &nbsp; Aix\u00ed deia una frase que vaig llegir en alg\u00fan lloc que no recordo, i que la meva malmesa mem\u00f2ria no aconsegueix situar. S\u00f3n poc m\u00e9s de les onze de la nit i segurament en moltes llars els nervis [&hellip;]<\/p>\n","protected":false},"author":1,"featured_media":10061,"comment_status":"closed","ping_status":"closed","sticky":false,"template":"","format":"standard","meta":{"site-sidebar-layout":"default","site-content-layout":"","ast-site-content-layout":"","site-content-style":"default","site-sidebar-style":"default","ast-global-header-display":"","ast-banner-title-visibility":"","ast-main-header-display":"","ast-hfb-above-header-display":"","ast-hfb-below-header-display":"","ast-hfb-mobile-header-display":"","site-post-title":"","ast-breadcrumbs-content":"","ast-featured-img":"","footer-sml-layout":"","theme-transparent-header-meta":"","adv-header-id-meta":"","stick-header-meta":"","header-above-stick-meta":"","header-main-stick-meta":"","header-below-stick-meta":"","astra-migrate-meta-layouts":"default","ast-page-background-enabled":"default","ast-page-background-meta":{"desktop":{"background-color":"var(--ast-global-color-4)","background-image":"","background-repeat":"repeat","background-position":"center center","background-size":"auto","background-attachment":"scroll","background-type":"","background-media":"","overlay-type":"","overlay-color":"","overlay-opacity":"","overlay-gradient":""},"tablet":{"background-color":"","background-image":"","background-repeat":"repeat","background-position":"center center","background-size":"auto","background-attachment":"scroll","background-type":"","background-media":"","overlay-type":"","overlay-color":"","overlay-opacity":"","overlay-gradient":""},"mobile":{"background-color":"","background-image":"","background-repeat":"repeat","background-position":"center center","background-size":"auto","background-attachment":"scroll","background-type":"","background-media":"","overlay-type":"","overlay-color":"","overlay-opacity":"","overlay-gradient":""}},"ast-content-background-meta":{"desktop":{"background-color":"var(--ast-global-color-5)","background-image":"","background-repeat":"repeat","background-position":"center center","background-size":"auto","background-attachment":"scroll","background-type":"","background-media":"","overlay-type":"","overlay-color":"","overlay-opacity":"","overlay-gradient":""},"tablet":{"background-color":"var(--ast-global-color-5)","background-image":"","background-repeat":"repeat","background-position":"center center","background-size":"auto","background-attachment":"scroll","background-type":"","background-media":"","overlay-type":"","overlay-color":"","overlay-opacity":"","overlay-gradient":""},"mobile":{"background-color":"var(--ast-global-color-5)","background-image":"","background-repeat":"repeat","background-position":"center center","background-size":"auto","background-attachment":"scroll","background-type":"","background-media":"","overlay-type":"","overlay-color":"","overlay-opacity":"","overlay-gradient":""}},"footnotes":""},"categories":[1],"tags":[],"class_list":["post-10060","post","type-post","status-publish","format-standard","has-post-thumbnail","hentry","category-general"],"post_mailing_queue_ids":[],"_links":{"self":[{"href":"https:\/\/projectes.xtec.cat\/programesiprojectesfp\/wp-json\/wp\/v2\/posts\/10060","targetHints":{"allow":["GET"]}}],"collection":[{"href":"https:\/\/projectes.xtec.cat\/programesiprojectesfp\/wp-json\/wp\/v2\/posts"}],"about":[{"href":"https:\/\/projectes.xtec.cat\/programesiprojectesfp\/wp-json\/wp\/v2\/types\/post"}],"author":[{"embeddable":true,"href":"https:\/\/projectes.xtec.cat\/programesiprojectesfp\/wp-json\/wp\/v2\/users\/1"}],"replies":[{"embeddable":true,"href":"https:\/\/projectes.xtec.cat\/programesiprojectesfp\/wp-json\/wp\/v2\/comments?post=10060"}],"version-history":[{"count":2,"href":"https:\/\/projectes.xtec.cat\/programesiprojectesfp\/wp-json\/wp\/v2\/posts\/10060\/revisions"}],"predecessor-version":[{"id":10063,"href":"https:\/\/projectes.xtec.cat\/programesiprojectesfp\/wp-json\/wp\/v2\/posts\/10060\/revisions\/10063"}],"wp:featuredmedia":[{"embeddable":true,"href":"https:\/\/projectes.xtec.cat\/programesiprojectesfp\/wp-json\/wp\/v2\/media\/10061"}],"wp:attachment":[{"href":"https:\/\/projectes.xtec.cat\/programesiprojectesfp\/wp-json\/wp\/v2\/media?parent=10060"}],"wp:term":[{"taxonomy":"category","embeddable":true,"href":"https:\/\/projectes.xtec.cat\/programesiprojectesfp\/wp-json\/wp\/v2\/categories?post=10060"},{"taxonomy":"post_tag","embeddable":true,"href":"https:\/\/projectes.xtec.cat\/programesiprojectesfp\/wp-json\/wp\/v2\/tags?post=10060"}],"curies":[{"name":"wp","href":"https:\/\/api.w.org\/{rel}","templated":true}]}}