{"id":10068,"date":"2020-10-03T01:57:49","date_gmt":"2020-10-02T23:57:49","guid":{"rendered":"https:\/\/projectes.xtec.cat\/impulsfp\/?p=10068"},"modified":"2020-10-03T01:57:49","modified_gmt":"2020-10-02T23:57:49","slug":"jornada-de-novells-una-alenada-daire-fresc","status":"publish","type":"post","link":"https:\/\/projectes.xtec.cat\/programesiprojectesfp\/general\/jornada-de-novells-una-alenada-daire-fresc\/","title":{"rendered":"Jornada de novells, una alenada d&#8217;aire fresc"},"content":{"rendered":"<p><a href=\"https:\/\/projectes.xtec.cat\/impulsfp\/wp-content\/uploads\/usu2078\/2020\/10\/Captura-de-pantalla-2020-10-03-a-las-1.52.40.png\"><img loading=\"lazy\" decoding=\"async\" class=\"wp-image-10069 aligncenter\" src=\"https:\/\/projectes.xtec.cat\/impulsfp\/wp-content\/uploads\/usu2078\/2020\/10\/Captura-de-pantalla-2020-10-03-a-las-1.52.40-1024x381.png\" alt=\"\" width=\"576\" height=\"214\" srcset=\"https:\/\/projectes.xtec.cat\/programesiprojectesfp\/wp-content\/uploads\/usu2078\/2020\/10\/Captura-de-pantalla-2020-10-03-a-las-1.52.40-1024x381.png 1024w, https:\/\/projectes.xtec.cat\/programesiprojectesfp\/wp-content\/uploads\/usu2078\/2020\/10\/Captura-de-pantalla-2020-10-03-a-las-1.52.40-300x112.png 300w, https:\/\/projectes.xtec.cat\/programesiprojectesfp\/wp-content\/uploads\/usu2078\/2020\/10\/Captura-de-pantalla-2020-10-03-a-las-1.52.40-768x285.png 768w, https:\/\/projectes.xtec.cat\/programesiprojectesfp\/wp-content\/uploads\/usu2078\/2020\/10\/Captura-de-pantalla-2020-10-03-a-las-1.52.40.png 1754w\" sizes=\"auto, (max-width: 576px) 100vw, 576px\" \/><\/a><\/p>\n<p><span style=\"font-weight: 400;\">El passat dimarts 29 de setembre es va dur a terme la Jornada de Novells 2020-21 on es va fer la introducci\u00f3 pels coordinadors que s&#8217;inicien en algun programa d&#8217;innovaci\u00f3 de la unitat ImpulsFP.<\/span><\/p>\n<p><span style=\"font-weight: 400;\">Aquesta jornada es va desenvolupar \u00edntegrament online, comen\u00e7ant en una sala de zoom amb una gran assist\u00e8ncia, al voltant de 150 persones.\u00a0<\/span><\/p>\n<p><span style=\"font-weight: 400;\">Inicialment es fa fer una introducci\u00f3 parlant d\u2019\u201dOn som?\u201d en mans d\u2019en Josep Moratal com a responsable de la unitat ImpulsFP per explicar als nous coordinadors quina estructura tenen aquests programes dins d\u2019Educaci\u00f3, qui forma la unitat ImpulsFP i qu\u00e8 fa espec\u00edficament cada programa.<\/span><\/p>\n<p><span style=\"font-weight: 400;\">Un cop explicat el marc general, es va passar a fer una din\u00e0mica per a qu\u00e8 tots els coordinadors novells pensessin quina tasca creien que s\u2019esperava d\u2019ells com a coordinadors d\u2019un programa en el centre, com podien incentivar a altres professors a emprendre din\u00e0miques actives amb l\u2019alumnat i quina ajuda esperaven rebre per part del departament d\u2019Educaci\u00f3 entre d\u2019altres reflexions. Per a fer-la es van repartir tots aquests coordinadors novells en diferents sales en les que es va triar un portaveu i un secretari per a despr\u00e9s poder fer una posta en com\u00fa al final de l\u2019activitat.<\/span><\/p>\n<p><span style=\"font-weight: 400;\">El cert \u00e9s que d\u2019aquesta din\u00e0mica se\u2019n van extreure conclusions molt interessants de les que s\u2019intentaran aplicar les m\u00e9s viables.<\/span><\/p>\n<p><span style=\"font-weight: 400;\">Despr\u00e9s d\u2019una merescuda pausa es van distribuir els nous coordinadors en diferents sales en funci\u00f3 de quin programa coordinarien durant aquest curs. En cadascuna d\u2019aquestes sales els coordinadors de cada programa van explicar la filosofia i objectiu de cadascun d\u2019ells. Concretament, van fer la presentaci\u00f3 la Paz G\u00f3mez per ActivaFP, en Salva Campos per InnovaFP, la Maria Josep P\u00e9rez per OrientaFP, la Sara Guirado i en Josep Parpal per FuturaFP i en Josep Moratal per Empr\u00e8nFP. A posteriori es va dur a terme una part molt enriquidora per a tots doncs era la oportunitat d\u2019intercanvi d\u2019opinions, dubtes, presentacions, etc. Aquest \u201cde tu a tu\u201d va ser una molt bona oportunitat per tenir un espai on fer aquelles preguntes que ten\u00edem \u201cendre\u00e7ades\u201d.<\/span><\/p>\n<p><span style=\"font-weight: 400;\">Totes les gravacions es poden trobar a la web de la jornada:<\/span><\/p>\n<p><a href=\"https:\/\/sites.google.com\/xtec.cat\/jornadanovellsimpulsfp\"><span style=\"font-weight: 400;\">https:\/\/sites.google.com\/xtec.cat\/jornadanovellsimpulsfp<\/span><\/a><\/p>\n<p>Coordinaci\u00f3 d&#8217;ImpulsFP<\/p>\n","protected":false},"excerpt":{"rendered":"<p>El passat dimarts 29 de setembre es va dur a terme la Jornada de Novells 2020-21 on es va fer la introducci\u00f3 pels coordinadors que s&#8217;inicien en algun programa d&#8217;innovaci\u00f3 de la unitat ImpulsFP. Aquesta jornada es va desenvolupar \u00edntegrament online, comen\u00e7ant en una sala de zoom amb una gran assist\u00e8ncia, al voltant de 150 [&hellip;]<\/p>\n","protected":false},"author":1,"featured_media":10069,"comment_status":"closed","ping_status":"closed","sticky":false,"template":"","format":"standard","meta":{"site-sidebar-layout":"default","site-content-layout":"","ast-site-content-layout":"","site-content-style":"default","site-sidebar-style":"default","ast-global-header-display":"","ast-banner-title-visibility":"","ast-main-header-display":"","ast-hfb-above-header-display":"","ast-hfb-below-header-display":"","ast-hfb-mobile-header-display":"","site-post-title":"","ast-breadcrumbs-content":"","ast-featured-img":"","footer-sml-layout":"","theme-transparent-header-meta":"","adv-header-id-meta":"","stick-header-meta":"","header-above-stick-meta":"","header-main-stick-meta":"","header-below-stick-meta":"","astra-migrate-meta-layouts":"default","ast-page-background-enabled":"default","ast-page-background-meta":{"desktop":{"background-color":"var(--ast-global-color-4)","background-image":"","background-repeat":"repeat","background-position":"center center","background-size":"auto","background-attachment":"scroll","background-type":"","background-media":"","overlay-type":"","overlay-color":"","overlay-opacity":"","overlay-gradient":""},"tablet":{"background-color":"","background-image":"","background-repeat":"repeat","background-position":"center center","background-size":"auto","background-attachment":"scroll","background-type":"","background-media":"","overlay-type":"","overlay-color":"","overlay-opacity":"","overlay-gradient":""},"mobile":{"background-color":"","background-image":"","background-repeat":"repeat","background-position":"center center","background-size":"auto","background-attachment":"scroll","background-type":"","background-media":"","overlay-type":"","overlay-color":"","overlay-opacity":"","overlay-gradient":""}},"ast-content-background-meta":{"desktop":{"background-color":"var(--ast-global-color-5)","background-image":"","background-repeat":"repeat","background-position":"center center","background-size":"auto","background-attachment":"scroll","background-type":"","background-media":"","overlay-type":"","overlay-color":"","overlay-opacity":"","overlay-gradient":""},"tablet":{"background-color":"var(--ast-global-color-5)","background-image":"","background-repeat":"repeat","background-position":"center center","background-size":"auto","background-attachment":"scroll","background-type":"","background-media":"","overlay-type":"","overlay-color":"","overlay-opacity":"","overlay-gradient":""},"mobile":{"background-color":"var(--ast-global-color-5)","background-image":"","background-repeat":"repeat","background-position":"center center","background-size":"auto","background-attachment":"scroll","background-type":"","background-media":"","overlay-type":"","overlay-color":"","overlay-opacity":"","overlay-gradient":""}},"footnotes":""},"categories":[1],"tags":[],"class_list":["post-10068","post","type-post","status-publish","format-standard","has-post-thumbnail","hentry","category-general"],"post_mailing_queue_ids":[],"_links":{"self":[{"href":"https:\/\/projectes.xtec.cat\/programesiprojectesfp\/wp-json\/wp\/v2\/posts\/10068","targetHints":{"allow":["GET"]}}],"collection":[{"href":"https:\/\/projectes.xtec.cat\/programesiprojectesfp\/wp-json\/wp\/v2\/posts"}],"about":[{"href":"https:\/\/projectes.xtec.cat\/programesiprojectesfp\/wp-json\/wp\/v2\/types\/post"}],"author":[{"embeddable":true,"href":"https:\/\/projectes.xtec.cat\/programesiprojectesfp\/wp-json\/wp\/v2\/users\/1"}],"replies":[{"embeddable":true,"href":"https:\/\/projectes.xtec.cat\/programesiprojectesfp\/wp-json\/wp\/v2\/comments?post=10068"}],"version-history":[{"count":1,"href":"https:\/\/projectes.xtec.cat\/programesiprojectesfp\/wp-json\/wp\/v2\/posts\/10068\/revisions"}],"predecessor-version":[{"id":10070,"href":"https:\/\/projectes.xtec.cat\/programesiprojectesfp\/wp-json\/wp\/v2\/posts\/10068\/revisions\/10070"}],"wp:featuredmedia":[{"embeddable":true,"href":"https:\/\/projectes.xtec.cat\/programesiprojectesfp\/wp-json\/wp\/v2\/media\/10069"}],"wp:attachment":[{"href":"https:\/\/projectes.xtec.cat\/programesiprojectesfp\/wp-json\/wp\/v2\/media?parent=10068"}],"wp:term":[{"taxonomy":"category","embeddable":true,"href":"https:\/\/projectes.xtec.cat\/programesiprojectesfp\/wp-json\/wp\/v2\/categories?post=10068"},{"taxonomy":"post_tag","embeddable":true,"href":"https:\/\/projectes.xtec.cat\/programesiprojectesfp\/wp-json\/wp\/v2\/tags?post=10068"}],"curies":[{"name":"wp","href":"https:\/\/api.w.org\/{rel}","templated":true}]}}