{"id":10082,"date":"2020-10-07T01:59:51","date_gmt":"2020-10-06T23:59:51","guid":{"rendered":"https:\/\/projectes.xtec.cat\/impulsfp\/?p=10082"},"modified":"2020-10-07T08:22:45","modified_gmt":"2020-10-07T06:22:45","slug":"compta-amb-mi-i-jornada-emprenfp","status":"publish","type":"post","link":"https:\/\/projectes.xtec.cat\/programesiprojectesfp\/general\/compta-amb-mi-i-jornada-emprenfp\/","title":{"rendered":"&#8220;Compta amb mi&#8221;: I Jornada Empr\u00e8nFP"},"content":{"rendered":"<p><a href=\"https:\/\/projectes.xtec.cat\/impulsfp\/wp-content\/uploads\/usu2078\/2020\/10\/Captura-de-pantalla-2020-10-07-a-las-1.05.55.png\"><img loading=\"lazy\" decoding=\"async\" class=\"alignnone size-full wp-image-10088\" src=\"https:\/\/projectes.xtec.cat\/impulsfp\/wp-content\/uploads\/usu2078\/2020\/10\/Captura-de-pantalla-2020-10-07-a-las-1.05.55.png\" alt=\"\" width=\"932\" height=\"232\" srcset=\"https:\/\/projectes.xtec.cat\/programesiprojectesfp\/wp-content\/uploads\/usu2078\/2020\/10\/Captura-de-pantalla-2020-10-07-a-las-1.05.55.png 932w, https:\/\/projectes.xtec.cat\/programesiprojectesfp\/wp-content\/uploads\/usu2078\/2020\/10\/Captura-de-pantalla-2020-10-07-a-las-1.05.55-300x75.png 300w, https:\/\/projectes.xtec.cat\/programesiprojectesfp\/wp-content\/uploads\/usu2078\/2020\/10\/Captura-de-pantalla-2020-10-07-a-las-1.05.55-768x191.png 768w\" sizes=\"auto, (max-width: 932px) 100vw, 932px\" \/><\/a><\/p>\n<p style=\"text-align: justify;\">Eren les 9:30 del mat\u00ed i amb les notes de la can\u00e7\u00f3 &#8220;Compta amb mi&#8221; don\u00e0vem el tret de sortida de la primera jornada d&#8217;Empr\u00e8nFP. Una jornada que ha estat primerenca en molts aspectes. Ha estat la primera jornada de tots els programes d&#8217;impulsFP, la primera des de que vam decidir renovar el programa, la primera d&#8217;un curs que es presenta com a el m\u00e9s digital de la hist\u00f2ria.<\/p>\n<p style=\"text-align: justify;\">Amb els nervis i la tensi\u00f3 que suposa ser el primer, he deixat que la dol\u00e7a melodia de Txarango\u00a0 fos\u00a0 la tarja de presentaci\u00f3 i aix\u00ed poder tenir uns minuts de pau. Una pau necess\u00e0ria\u00a0 per a una jornada on el qu\u00e8 hem fet b\u00e0sicament, \u00e9s reflexionar.\u00a0 Deixar anar el pensament per fer l&#8217;aturada que fan els viatgers abans de comen\u00e7ar una llarga travessa. Uns moments per saber on som i veure que portem el que necessitem per al viatge.<\/p>\n<p style=\"text-align: justify;\">La jornada ha comen\u00e7at amb una benvinguda i presentaci\u00f3 de les darreres novetats del programa, que no s\u00f3n poques. Ja no tenim xarxes per nivells, ara el punt de refer\u00e8ncia i de trobada \u00e9s el territori. I hem tret del calaix els projectes que vam encetar el curs passat, per donar suport al centre que vol esdevenir emprenedor. Hem fet la mirada global del projecte amb un senzill <em>jamboard<\/em> transformat en un model canvas que ha dibuixat aquesta creaci\u00f3 que tenim en proc\u00e9s.<\/p>\n<p style=\"text-align: justify;\"><a href=\"https:\/\/projectes.xtec.cat\/impulsfp\/wp-content\/uploads\/usu2078\/2020\/10\/Captura-de-pantalla-2020-10-07-a-las-0.26.43.png\"><img loading=\"lazy\" decoding=\"async\" class=\"wp-image-10085 aligncenter\" src=\"https:\/\/projectes.xtec.cat\/impulsfp\/wp-content\/uploads\/usu2078\/2020\/10\/Captura-de-pantalla-2020-10-07-a-las-0.26.43-1024x579.png\" alt=\"\" width=\"290\" height=\"164\" srcset=\"https:\/\/projectes.xtec.cat\/programesiprojectesfp\/wp-content\/uploads\/usu2078\/2020\/10\/Captura-de-pantalla-2020-10-07-a-las-0.26.43-1024x579.png 1024w, https:\/\/projectes.xtec.cat\/programesiprojectesfp\/wp-content\/uploads\/usu2078\/2020\/10\/Captura-de-pantalla-2020-10-07-a-las-0.26.43-300x170.png 300w, https:\/\/projectes.xtec.cat\/programesiprojectesfp\/wp-content\/uploads\/usu2078\/2020\/10\/Captura-de-pantalla-2020-10-07-a-las-0.26.43-768x434.png 768w, https:\/\/projectes.xtec.cat\/programesiprojectesfp\/wp-content\/uploads\/usu2078\/2020\/10\/Captura-de-pantalla-2020-10-07-a-las-0.26.43.png 1288w\" sizes=\"auto, (max-width: 290px) 100vw, 290px\" \/><\/a><\/p>\n<p style=\"text-align: justify;\">A la segona part hem mirat a l&#8217;horitz\u00f3. Un ventall de 12 formacions, 12 esdeveniments i 12 punts d&#8217;ancoratge conformen el desplegament del primer nivell. Aquest, cerca despertar l&#8217;emprenedor\/a que dormita a les aules i passadisos del centre. Ens hem endinsat en un exercici que crec que tothom hauria de fer algun cop: l&#8217;autodiagnosi. &#8220;Qui s\u00f3c?&#8221; per saber on vull anar. Un formulari que de vegades no ha funcionat tot el b\u00e9 que hauriem volgut. Ens ha ajudat a fer aquesta mirada introspectiva que, de ben segur, ens ha fer veure les coses que fem b\u00e9 i que potser no sab\u00edem que estaven all\u00e0. Tal i\u00a0 com quan trobes un petit tresor dins una capsa oblidada<\/p>\n<p style=\"text-align: justify;\">El tancament ha vingut de la m\u00e0 de Carme Donada. Una experta en emprenedoria i discapacitat de la Fundaci\u00f3 Prevent. Ens ha obert una finestra a un m\u00f3n desconegut per a molts de nosaltres: la capacitat de la discapacitat. Com canviar la mirada sobre les persones i veure-hi all\u00f2 de qu\u00e8 s\u00f3n capaces per sobre de les seves limitacions. Un aut\u00e8ntic regal que agra\u00efm a la fundaci\u00f3 amb qui treballarem durant aquest curs per nodrir els centres i docents d&#8217;eines que els ajudin a ajudar a aquells m\u00e9s vulnerables, per\u00f2 no menys capa\u00e7os.<\/p>\n<p style=\"text-align: justify;\">Ha estat una jornada intensa, plena d&#8217;an\u00e8cdotes i pensaments. Ahir compartia una reflexi\u00f3 que em ronda el cap fa dies. Els diamants s\u00f3n carb\u00f3, que sotm\u00e8s a pressi\u00f3 extrema es transforma en aquesta joia preciosa. En grec cl\u00e0ssic significa invencible (\u03b1\u03b4\u03ac\u03bc\u03b1\u03c2, <i>ad\u00e1mas<\/i>). Els nostres alumnes d&#8217;FP s\u00f3n com el carb\u00f3: han tingut una vida molts cops sotmesa a pressi\u00f3. Al seu interior\u00a0 hi ha un diamant del qual no s\u00f3n conscients. \u00c9s la nostra missi\u00f3 treure&#8217;n la terra i roca adherides, per a qu\u00e8 admirin el que tenen.\u00a0 &#8220;Compta amb mi&#8221; \u00e9s el missatge que han de transmetre les nostres paraules i accions, per qu\u00e8 la confian\u00e7a i el saber que hi ha alg\u00fa quan ho necessites, fa que els \u00e9ssers humans traiem la millor versi\u00f3 de nosaltres mateixos.<\/p>\n<p style=\"text-align: justify;\">Tamb\u00e9 volem que sapigueu que compteu amb nosaltres per a all\u00f2 que necessiteu. No dubteu a demanar-nos ajuda o a fer-nos suggeriments per a qu\u00e8 anem millorant i aprenent tots plegats en aquest viatge tan fant\u00e0stic on desenterrem diamants. Fins aviat!<\/p>\n<p style=\"text-align: justify;\">Josep Moratal<\/p>\n<p style=\"text-align: justify;\">\n","protected":false},"excerpt":{"rendered":"<p>Eren les 9:30 del mat\u00ed i amb les notes de la can\u00e7\u00f3 &#8220;Compta amb mi&#8221; don\u00e0vem el tret de sortida de la primera jornada d&#8217;Empr\u00e8nFP. Una jornada que ha estat primerenca en molts aspectes. Ha estat la primera jornada de tots els programes d&#8217;impulsFP, la primera des de que vam decidir renovar el programa, la [&hellip;]<\/p>\n","protected":false},"author":1,"featured_media":10088,"comment_status":"closed","ping_status":"closed","sticky":false,"template":"","format":"standard","meta":{"site-sidebar-layout":"default","site-content-layout":"","ast-site-content-layout":"","site-content-style":"default","site-sidebar-style":"default","ast-global-header-display":"","ast-banner-title-visibility":"","ast-main-header-display":"","ast-hfb-above-header-display":"","ast-hfb-below-header-display":"","ast-hfb-mobile-header-display":"","site-post-title":"","ast-breadcrumbs-content":"","ast-featured-img":"","footer-sml-layout":"","theme-transparent-header-meta":"","adv-header-id-meta":"","stick-header-meta":"","header-above-stick-meta":"","header-main-stick-meta":"","header-below-stick-meta":"","astra-migrate-meta-layouts":"default","ast-page-background-enabled":"default","ast-page-background-meta":{"desktop":{"background-color":"var(--ast-global-color-4)","background-image":"","background-repeat":"repeat","background-position":"center center","background-size":"auto","background-attachment":"scroll","background-type":"","background-media":"","overlay-type":"","overlay-color":"","overlay-opacity":"","overlay-gradient":""},"tablet":{"background-color":"","background-image":"","background-repeat":"repeat","background-position":"center center","background-size":"auto","background-attachment":"scroll","background-type":"","background-media":"","overlay-type":"","overlay-color":"","overlay-opacity":"","overlay-gradient":""},"mobile":{"background-color":"","background-image":"","background-repeat":"repeat","background-position":"center center","background-size":"auto","background-attachment":"scroll","background-type":"","background-media":"","overlay-type":"","overlay-color":"","overlay-opacity":"","overlay-gradient":""}},"ast-content-background-meta":{"desktop":{"background-color":"var(--ast-global-color-5)","background-image":"","background-repeat":"repeat","background-position":"center center","background-size":"auto","background-attachment":"scroll","background-type":"","background-media":"","overlay-type":"","overlay-color":"","overlay-opacity":"","overlay-gradient":""},"tablet":{"background-color":"var(--ast-global-color-5)","background-image":"","background-repeat":"repeat","background-position":"center center","background-size":"auto","background-attachment":"scroll","background-type":"","background-media":"","overlay-type":"","overlay-color":"","overlay-opacity":"","overlay-gradient":""},"mobile":{"background-color":"var(--ast-global-color-5)","background-image":"","background-repeat":"repeat","background-position":"center center","background-size":"auto","background-attachment":"scroll","background-type":"","background-media":"","overlay-type":"","overlay-color":"","overlay-opacity":"","overlay-gradient":""}},"footnotes":""},"categories":[1],"tags":[],"class_list":["post-10082","post","type-post","status-publish","format-standard","has-post-thumbnail","hentry","category-general"],"post_mailing_queue_ids":[],"_links":{"self":[{"href":"https:\/\/projectes.xtec.cat\/programesiprojectesfp\/wp-json\/wp\/v2\/posts\/10082","targetHints":{"allow":["GET"]}}],"collection":[{"href":"https:\/\/projectes.xtec.cat\/programesiprojectesfp\/wp-json\/wp\/v2\/posts"}],"about":[{"href":"https:\/\/projectes.xtec.cat\/programesiprojectesfp\/wp-json\/wp\/v2\/types\/post"}],"author":[{"embeddable":true,"href":"https:\/\/projectes.xtec.cat\/programesiprojectesfp\/wp-json\/wp\/v2\/users\/1"}],"replies":[{"embeddable":true,"href":"https:\/\/projectes.xtec.cat\/programesiprojectesfp\/wp-json\/wp\/v2\/comments?post=10082"}],"version-history":[{"count":3,"href":"https:\/\/projectes.xtec.cat\/programesiprojectesfp\/wp-json\/wp\/v2\/posts\/10082\/revisions"}],"predecessor-version":[{"id":10091,"href":"https:\/\/projectes.xtec.cat\/programesiprojectesfp\/wp-json\/wp\/v2\/posts\/10082\/revisions\/10091"}],"wp:featuredmedia":[{"embeddable":true,"href":"https:\/\/projectes.xtec.cat\/programesiprojectesfp\/wp-json\/wp\/v2\/media\/10088"}],"wp:attachment":[{"href":"https:\/\/projectes.xtec.cat\/programesiprojectesfp\/wp-json\/wp\/v2\/media?parent=10082"}],"wp:term":[{"taxonomy":"category","embeddable":true,"href":"https:\/\/projectes.xtec.cat\/programesiprojectesfp\/wp-json\/wp\/v2\/categories?post=10082"},{"taxonomy":"post_tag","embeddable":true,"href":"https:\/\/projectes.xtec.cat\/programesiprojectesfp\/wp-json\/wp\/v2\/tags?post=10082"}],"curies":[{"name":"wp","href":"https:\/\/api.w.org\/{rel}","templated":true}]}}