{"id":10104,"date":"2020-11-02T11:02:12","date_gmt":"2020-11-02T10:02:12","guid":{"rendered":"https:\/\/projectes.xtec.cat\/impulsfp\/?p=10104"},"modified":"2020-11-14T09:54:25","modified_gmt":"2020-11-14T08:54:25","slug":"informacions-sobre-la-planificacio-dels-cursos-de-litinerari-formatiu-activafp","status":"publish","type":"post","link":"https:\/\/projectes.xtec.cat\/programesiprojectesfp\/portada\/informacions-sobre-la-planificacio-dels-cursos-de-litinerari-formatiu-activafp\/","title":{"rendered":"A QUIN CURS ET VOLS APUNTAR?"},"content":{"rendered":"<p><strong>A QUIN CURS ET VOLS APUNTAR?<\/strong><\/p>\n<p><strong>INFORMACIONS SOBRE LA PLANIFICACI\u00d3 DELS CURSOS DE L\u2019ITINERARI FORMATIU ACTIVAFP. PRIMER TRIMESTRE<\/strong><\/p>\n<p>Com el curs passat \u00a0durant el primer trimestre el programa activafp ofereix un ventall de formacions als centres. Aquestes formacions tenen un fi concret i estan distribu\u00efdes per nivells, pensant en les diferents casu\u00edstiques que es pot trobar el professorat en relaci\u00f3 a la formaci\u00f3 en metodologies actives.<\/p>\n<p><strong>CURSOS AMB DATA D\u2019INICI AL NOVEMBRE<\/strong><\/p>\n<p>S\u2019han publicat i fet arribar als centres els cursos de l\u2019itinerari formatiu del programa activafp que tenen data d\u2019inici al novembre. Des del programa activafp es recomana als responsables de la coordinaci\u00f3 del programa als centres i als membres dels equips impulsors dels centres inscrits al programa activafp fer aquestes formacions en un ordre concret, encara que es pot canviar si la persona ja ha fet altres formacions i ja t\u00e9 nivell en relaci\u00f3 a metodologies actives a l\u2019aula:<\/p>\n<p><strong><img loading=\"lazy\" decoding=\"async\" class=\"alignleft\" src=\"https:\/\/projectes.xtec.cat\/impulsfp\/wp-content\/uploads\/usu2078\/2020\/11\/xarranca_ana.png\" alt=\"\" width=\"422\" height=\"598\" \/>CURS B\u00c0SIC ABP. Curs digitalitzat. 30H<\/strong><\/p>\n<p>Aquest curs es recomana als coordinadors de centres nous o que no han fet mai un curs d\u2019ABP per a que despr\u00e8s el repliquin com a formaci\u00f3 interna de centre (FIC). Tamb\u00e9 el poden fer membres de l\u2019equip impulsor. \u00c9s totalment telem\u00e0tic, no hi ha sessions en videoconferencia. Tota la feina es fa dintre de la plataforma Odissea. Us recordem a aquells coordinadors que ja heu fet aquesta formaci\u00f3 que podeu fer-nos arribar la vostra proposta de FIC per organitzar-la amb formaci\u00f3 i donar-vos acc\u00e9s a la plataforma Odissea per poder realitzar-lo. Per fer una FIC necessiteu assegurar-vos de que teniu 5 professors que el volen fer. Informeu de la vostra planificaci\u00f3 del FIC amb un correu a activafp@xtec.cat<\/p>\n<p>Per fer la inscripci\u00f3 al nou curs digitalitzat:<\/p>\n<table width=\"675\">\n<tbody>\n<tr>\n<td>0003060600<\/td>\n<td><strong><a href=\"https:\/\/aplicacions.gestioeducativa.gencat.cat\/pls\/soloas\/pk_for_mod_ins.p_for_detall_activitat?p_header=Llista%20d%27activitats%5Epk_for_mod_ins.p_for_cons_activitats?p_totes=N%26p_inici=31%26p_excloure_crp_rec=T&amp;p_codi=0003060600&amp;p_curs=2020-2021&amp;p_excloure_crp_rec=T\">Curs B\u00e0sic ABP (nova edici\u00f3 digital)<\/a><\/strong><\/td>\n<\/tr>\n<\/tbody>\n<\/table>\n<p>Curs telem\u00e0tic. VT Curs a dist\u00e0ncia (A dist\u00e0ncia). Del dijous 26\/11\/2020 al 29\/1\/2021<\/p>\n<p>Es recolliran els millors projectes que sortin d&#8217;aquesta formaci\u00f3 i es donar\u00e0 visibilitat al Trello, web i altes eines de comunicaci\u00f3 interna i externa del programa.<\/p>\n<p>Aquest curs s\u2019est\u00e0 realitzant adaptat a la familia professional de qu\u00edmica. S\u2019han fet tres edicions, la primera es va fer al juliol, la segona ha acabat a data de 30 d\u2019octubre i la tercera acabar\u00e0 el 30 de novembre. S\u2019aniran publicant al Trello de les families professionals (annex 1)\u00a0 i en diferents articles alguns dels millors projectes que han sortit d\u2019aquestes formacions especifiques. M\u00e9s endavant es planificaran per altres families professionals.<\/p>\n<p>&nbsp;<\/p>\n<p><strong>METODOLOGIES DOCENTS PER A L\u2019FP. ABP. 30H<\/strong><\/p>\n<p>\u00c9s una formaci\u00f3 que acompanya a la tasca docent inicial en metodologia ABP amb eines per treballar aquesta metodologia i \u00e9s ideal per a docents que es troben sols a l\u2019aula i necessiten orientacions concretes. Consta de 3 sessions en videoconferencia a banda de les tasques que s\u2019han de realitzar al Odissea. Els formadors s\u00f3n Dani Serra i Ra\u00fal L\u00f3pez de Salesians de Sarri\u00e0, amb amplia experi\u00e8ncia en treball per projectes en el seu centre.<\/p>\n<p>Per fer la inscripci\u00f3:<\/p>\n<table width=\"675\">\n<tbody>\n<tr>\n<td>0003070600<\/td>\n<td><strong><a href=\"https:\/\/aplicacions.gestioeducativa.gencat.cat\/pls\/soloas\/pk_for_mod_ins.p_for_detall_activitat?p_header=Llista%20d%27activitats%5Epk_for_mod_ins.p_for_cons_activitats?p_totes=N%26p_inici=31%26p_excloure_crp_rec=T&amp;p_codi=0003070600&amp;p_curs=2020-2021&amp;p_excloure_crp_rec=T\">Metodologies docents per a l&#8217;FP. ABP<\/a><\/strong><\/td>\n<\/tr>\n<\/tbody>\n<\/table>\n<p>Curs semipresencial. VT Curs a dist\u00e0ncia (A dist\u00e0ncia). Del dijous 26\/11\/2020 al 21\/1\/2021 de 16:00 a 20:00h<\/p>\n<p>&nbsp;<\/p>\n<p><strong>COM TREBALLAR EN ELS CICLES FORMATIUS PER PROJECTES. 30H<\/strong><\/p>\n<p>Aquest \u00e9s el curs de m\u00e9s nivell de l\u2019itinerari formatiu i es recomana tenir coneixement en ABP i estar (o haver estat) treballant per projectes a l\u2019aula. Es tracta d\u2019avan\u00e7ar en el disseny dels projectes dintre dels cicles formatius ( documentaci\u00f3, planificaci\u00f3, avaluaci\u00f3, programaci\u00f3&#8230;). Consta de 5 sessions en videoconfer\u00e8ncia a banda de les tasques que s\u2019han de realitzar al Classroom. Us recomanem que us apunteu m\u00e9s d\u2019una persona de l\u2019equip docent per a poder treballar les activitats de manera real i \u00fatil per les vostres classes. Els formadors s\u00f3n Paco Gonz\u00e1lez i Olga Castilla docents que formen part de l\u2019equip directiu de l\u2019Escola del Treball amb amplia experi\u00e8ncia en treballar projectes de manera transversal als cicles formatius i s\u00f3n coordinadors de la xarxa 2 del programa activafp.<\/p>\n<p>Per fer la inscripci\u00f3:<\/p>\n<p>&nbsp;<\/p>\n<table width=\"675\">\n<tbody>\n<tr>\n<td>0003040600<\/td>\n<td><strong><a href=\"https:\/\/aplicacions.gestioeducativa.gencat.cat\/pls\/soloas\/pk_for_mod_ins.p_for_detall_activitat?p_header=Llista%20d%27activitats%5Epk_for_mod_ins.p_for_cons_activitats?p_totes=N%26p_inici=31%26p_excloure_crp_rec=T&amp;p_codi=0003040600&amp;p_curs=2020-2021&amp;p_excloure_crp_rec=T\">Com treballar en els cicles formatius per projectes.<\/a><\/strong><\/td>\n<\/tr>\n<\/tbody>\n<\/table>\n<p>Curs semipresencial. VT Curs a dist\u00e0ncia (A dist\u00e0ncia). Del dimarts 24\/11\/2020 al 17\/12\/2020 de 16:00 a 18:00h<\/p>\n<p>&nbsp;<\/p>\n<p><strong>CURSOS AMB DATA D\u2019INICI AL DESEMBRE<\/strong><\/p>\n<p><strong>ENCESA EMOCIONAL: COM ACTIVAR LES GANES D&#8217;APRENDRE<\/strong><\/p>\n<p>Desembre. 2 edicions del Curs d\u2019encesaemocional: com activar les ganes d\u2019aprendre. Els formadors s\u00f3n Antonio Domingo i Fran Arr\u00e9bola, coordinadors de les xarxes E i F del programa activafp i formen part de l\u2019equip directiu del Centre d\u2019Estudis Polit\u00e8cnic, on han implementat aquestes eines en els diferents equips docents durant varis cursos, amb molt d\u2019\u00e8xit. Consta de 30 H de formaci\u00f3 on hi ha 4 sessions en videoconfer\u00e8ncia. Aquest curs es recomana que es faci en equip. \u00c9s a dir quan feu la inscripci\u00f3 mireu que tamb\u00e9 s\u2019inscrigui alg\u00fa m\u00e9s del vostre equip docent. Es tracta d\u2019una metodologia participativa, orientada al treball pr\u00e0ctic.<\/p>\n<p>&nbsp;<\/p>\n<div>\n<table border=\"0\" width=\"675\" cellspacing=\"2\" cellpadding=\"0\">\n<tbody>\n<tr>\n<td valign=\"TOP\"><span style=\"font-family: arial, helvetica, geneva; font-size: small;\">0003270600<\/span><\/td>\n<td valign=\"TOP\"><span style=\"font-family: arial, helvetica, geneva; font-size: small;\"><b><a href=\"https:\/\/aplicacions.gestioeducativa.gencat.cat\/pls\/soloas\/pk_for_mod_ins.p_for_detall_activitat?p_header=Llista%20d%27activitats%5Epk_for_mod_ins.p_for_cons_activitats?p_totes=N%26p_inici=51%26p_excloure_crp_rec=T&amp;p_codi=0003270600&amp;p_curs=2020-2021&amp;p_excloure_crp_rec=T\" target=\"_blank\" rel=\"noopener noreferrer\" data-saferedirecturl=\"https:\/\/www.google.com\/url?q=https:\/\/aplicacions.gestioeducativa.gencat.cat\/pls\/soloas\/pk_for_mod_ins.p_for_detall_activitat?p_header%3DLlista%2520d%2527activitats%255Epk_for_mod_ins.p_for_cons_activitats?p_totes%3DN%2526p_inici%3D51%2526p_excloure_crp_rec%3DT%26p_codi%3D0003270600%26p_curs%3D2020-2021%26p_excloure_crp_rec%3DT&amp;source=gmail&amp;ust=1604417878661000&amp;usg=AFQjCNGiBVjYPJK7ULx1OxxTGAs722tGDw\">Encesa emocional: com activar les ganes d&#8217;aprendre<\/a><\/b><\/span><\/td>\n<\/tr>\n<\/tbody>\n<\/table>\n<\/div>\n<div>\n<table style=\"height: 37px;\" border=\"0\" width=\"877\" cellspacing=\"2\" cellpadding=\"0\">\n<tbody>\n<tr>\n<td style=\"width: 870.667px;\" valign=\"TOP\">Curs semipresencial. VT Curs a dist\u00e0ncia (A dist\u00e0ncia). Del dimecres 2\/12\/2020 al 27\/1\/2021 de 16:15 a 17:45<\/td>\n<\/tr>\n<\/tbody>\n<\/table>\n<div>\n<table style=\"width: 1028px;\" border=\"0\" width=\"675\" cellspacing=\"2\" cellpadding=\"0\">\n<tbody>\n<tr>\n<td style=\"width: 928px;\" valign=\"TOP\">\n<table border=\"0\" width=\"675\" cellspacing=\"2\" cellpadding=\"0\">\n<tbody>\n<tr>\n<td valign=\"TOP\"><span style=\"font-family: arial, helvetica, geneva; font-size: small;\">0003280600<\/span><\/td>\n<td valign=\"TOP\"><span style=\"font-family: arial, helvetica, geneva; font-size: small;\"><b><a href=\"https:\/\/aplicacions.gestioeducativa.gencat.cat\/pls\/soloas\/pk_for_mod_ins.p_for_detall_activitat?p_header=Llista%20d%27activitats%5Epk_for_mod_ins.p_for_cons_activitats?p_totes=N%26p_inici=51%26p_excloure_crp_rec=T&amp;p_codi=0003280600&amp;p_curs=2020-2021&amp;p_excloure_crp_rec=T\" target=\"_blank\" rel=\"noopener noreferrer\" data-saferedirecturl=\"https:\/\/www.google.com\/url?q=https:\/\/aplicacions.gestioeducativa.gencat.cat\/pls\/soloas\/pk_for_mod_ins.p_for_detall_activitat?p_header%3DLlista%2520d%2527activitats%255Epk_for_mod_ins.p_for_cons_activitats?p_totes%3DN%2526p_inici%3D51%2526p_excloure_crp_rec%3DT%26p_codi%3D0003280600%26p_curs%3D2020-2021%26p_excloure_crp_rec%3DT&amp;source=gmail&amp;ust=1604417878680000&amp;usg=AFQjCNH9766EZbG4pkk0u5_NqowXu-0gJg\">Encesa emocional: com activar les ganes d&#8217;aprendre (2a edici\u00f3)<\/a><\/b><\/span><\/td>\n<\/tr>\n<\/tbody>\n<\/table>\n<\/td>\n<td style=\"width: 93.3333px;\" valign=\"TOP\"><\/td>\n<\/tr>\n<\/tbody>\n<\/table>\n<\/div>\n<div>\u00a0Curs semipresencial. VT Curs a dist\u00e0ncia (A dist\u00e0ncia). Del divendres 11\/12\/2020 al 22\/1\/2021 de 16:15 a 17:45<\/div>\n<\/div>\n<p>&nbsp;<\/p>\n<p><strong>TALLER MOTIVACIONAL\u00a0 AMB DATA D\u2019INICI AL GENER DE 2021<\/strong><\/p>\n<p>Aquest taller de 5 hores est\u00e0 dirigit a qualsevol docent que vulgui con\u00e8ixer com es pot treballar les metodologies actives. En Miguel Valero professor de la Universitat Polit\u00e8cnica de Catalunya explica la seva experi\u00e8ncia i la seva recepta per treballar per projectes.<\/p>\n<div>\n<table border=\"0\" width=\"675\" cellspacing=\"2\" cellpadding=\"0\">\n<tbody>\n<tr>\n<td valign=\"TOP\">\n<table border=\"0\" width=\"675\" cellspacing=\"2\" cellpadding=\"0\">\n<tbody>\n<tr>\n<td valign=\"TOP\"><span style=\"font-family: arial, helvetica, geneva; font-size: small;\">0003440600<\/span><\/td>\n<td valign=\"TOP\"><span style=\"font-family: arial, helvetica, geneva; font-size: small;\"><b><a href=\"https:\/\/aplicacions.gestioeducativa.gencat.cat\/pls\/soloas\/pk_for_mod_ins.p_for_detall_activitat?p_header=Llista%20d%27activitats%5Epk_for_mod_ins.p_for_cons_activitats?p_totes=N%26p_inici=51%26p_excloure_crp_rec=T&amp;p_codi=0003440600&amp;p_curs=2020-2021&amp;p_excloure_crp_rec=T\" target=\"_blank\" rel=\"noopener noreferrer\" data-saferedirecturl=\"https:\/\/www.google.com\/url?q=https:\/\/aplicacions.gestioeducativa.gencat.cat\/pls\/soloas\/pk_for_mod_ins.p_for_detall_activitat?p_header%3DLlista%2520d%2527activitats%255Epk_for_mod_ins.p_for_cons_activitats?p_totes%3DN%2526p_inici%3D51%2526p_excloure_crp_rec%3DT%26p_codi%3D0003440600%26p_curs%3D2020-2021%26p_excloure_crp_rec%3DT&amp;source=gmail&amp;ust=1604735319204000&amp;usg=AFQjCNH-yMJLQodxUUL6cj6-oM_f2P0yAQ\">Aprenentatge col\u00b7laboratiu basat en projectes<\/a><\/b><\/span><\/td>\n<\/tr>\n<\/tbody>\n<\/table>\n<\/td>\n<td valign=\"TOP\"><\/td>\n<\/tr>\n<\/tbody>\n<\/table>\n<\/div>\n<div>\u00a0Jornada \/ Jornades. VT Curs a dist\u00e0ncia (A dist\u00e0ncia). Del dilluns 11\/1\/2021 al 13\/1\/2021 de 9:00 a 11:30<\/div>\n<div><\/div>\n<div><\/div>\n<div><\/div>\n<p>Si encara teniu dubtes sobre aquests cursos us deixem aqu\u00ed l&#8217;enlla\u00e7 al curs <a href=\"https:\/\/odissea.xtec.cat\/course\/view.php?id=67603\">moodle de l&#8217;Odissea del Qcampus<\/a> que es va fer la primera setmana de juliol on es va fer un tastet de 5 hores de cada formaci\u00f3 de l&#8217;activafp. Les formacions de l&#8217;activafp estan al final del curs. Hi ha resums, gravacions, que us poden ajudar a entendre el fonament de cada proposta de formaci\u00f3. En breu tindrem un cat\u00e0leg digital de formacions que de manera gr\u00e0fica i molt clara us guiar\u00e0 cap a la formaci\u00f3 m\u00e9s adient.<\/p>\n<p><strong>ALTRES PROPOSTES:<\/strong><\/p>\n<p>Per \u00faltim des del programa activafp es fa la proposta d\u2019un curs sobre com qualificar projectes dintre de la plataforma Moodle. El curs consta de 10 hores. Perfeccionant aix\u00ed el butllet\u00ed de qualificacions del moodle i treballant amb rubriques i guies d\u2019avaluaci\u00f3 de manera autom\u00e1tica. El curs consta de 7 sessions presencials de 90minuts.\u00a0El formador \u00e9s en Jordi Cuesta, coordinador de la xarxa 1B del programa activaFP, amb amplia experi\u00e8ncia en el treball per compet\u00e8ncies.<\/p>\n<p>Per fer la inscripci\u00f3:<\/p>\n<table width=\"675\">\n<tbody>\n<tr>\n<td>0003050600<\/td>\n<td><strong><a href=\"https:\/\/aplicacions.gestioeducativa.gencat.cat\/pls\/soloas\/pk_for_mod_ins.p_for_detall_activitat?p_header=Llista%20d%27activitats%5Epk_for_mod_ins.p_for_cons_activitats?p_totes=N%26p_inici=31%26p_excloure_crp_rec=T&amp;p_codi=0003050600&amp;p_curs=2020-2021&amp;p_excloure_crp_rec=T\">Qualificaci\u00f3 integrada de projectes ABP transversals a m\u00f2duls usant la plataforma Moodle<\/a><\/strong><\/td>\n<\/tr>\n<\/tbody>\n<\/table>\n<p>Taller. VT Curs a dist\u00e0ncia (A dist\u00e0ncia). Del dimecres 25\/11\/2020 al 21\/12\/2020 de 9:00 a 10:30\u00a0\u00a0h<\/p>\n<div><\/div>\n<p>Amb tot aquest ventall de formacions esperem poder cobrir les necessitats formatives del gran part del professorat de cicles formatius, continuarem oferint aquestes i altres formacions durant el curs.<\/p>\n<p>Annex1. Links als trello&#8217;s per families professionals (s&#8217;aniran afegint projectes poc a poc)<\/p>\n<p>Grup 1<br \/>\nFam\u00edlia Professional<br \/>\nAdministraci\u00f3 i Gesti\u00f3<br \/>\nhttps:\/\/trello.com\/b\/DCqgmvub<\/p>\n<p>Grup 2 AF-IA-FS-TX-TM<br \/>\nFam\u00edlies Professionals<br \/>\nARTS GR\u00c0FIQUES<br \/>\nINDUSTRIES ALIMENTARIES<br \/>\nFUSTA MOBLE I SURO<br \/>\nT\u00c8XTIL CONFECCI\u00d3 I PELL<br \/>\nTRANSPORT I MANTENIMENT DE VEHICLES<br \/>\nhttps:\/\/trello.com\/b\/oNykrk5i<\/p>\n<p>Grup 3 CICLES INDUSTRIALS<br \/>\nFam\u00edlies Professionals<br \/>\nELECTRICITAT I ELECTR\u00d2NICA<br \/>\nFABRICACI\u00d3 MEC\u00c0NICA<br \/>\nINSTAL\u00b7LACI\u00d3 I MANTENIMENT<br \/>\nQU\u00cdMICA<br \/>\nhttps:\/\/trello.com\/b\/XBGscXtx<\/p>\n<p>Grup 4<br \/>\nFam\u00edlia Professional<br \/>\nCOMER\u00c7 I M\u00c0RQUETING<br \/>\nhttps:\/\/trello.com\/b\/tweWvLq8<\/p>\n<p>Grup 5 EO-EA-IE-AR-MP-SM<br \/>\nFam\u00edlies Professionals<br \/>\nEDIFICACI\u00d3 I OBRA CIVIL<br \/>\nENERGIA I AIGUA<br \/>\nIND\u00daSTRIES EXTRACTIVES<br \/>\nAGRARIA<br \/>\nMAR\u00cdTIM PESQUERA<br \/>\nSEGURETAT I MEDI AMBIENT<br \/>\nhttps:\/\/trello.com\/b\/Z4ReghVs<\/p>\n<p>Grup 6<br \/>\nFam\u00edlia Professional<br \/>\nINFORM\u00c0TICA I COMUNICACIONS<br \/>\nhttps:\/\/trello.com\/b\/c0vj9vPT<\/p>\n<p>Grup 7 IP-HT-AE-IS<br \/>\nFam\u00edlies Professionals<br \/>\nIMATGE PERSONAL<br \/>\nHOTELERIA I TURISME<br \/>\nACTIVITATS F\u00cdSIQUES I ESPORTIVES<br \/>\nIMATGE I SO<br \/>\nhttps:\/\/trello.com\/b\/Mqc93c8j<\/p>\n<p>Grup 8<br \/>\nFamilies Professionals<br \/>\nSANITAT<br \/>\nSERVEIS SOCICULTURALS A LA COMUNITAT<br \/>\nhttps:\/\/trello.com\/b\/6Nb3VsgQ<\/p>\n<p>&nbsp;<\/p>\n<p>Esperem que tota aquesta informaci\u00f3 us sigui d&#8217;utilitat!<\/p>\n<p>Coordinaci\u00f3 programa activaFP<\/p>\n","protected":false},"excerpt":{"rendered":"<p>Formacions activafp<\/p>\n","protected":false},"author":10,"featured_media":10181,"comment_status":"closed","ping_status":"closed","sticky":false,"template":"","format":"standard","meta":{"site-sidebar-layout":"default","site-content-layout":"","ast-site-content-layout":"","site-content-style":"default","site-sidebar-style":"default","ast-global-header-display":"","ast-banner-title-visibility":"","ast-main-header-display":"","ast-hfb-above-header-display":"","ast-hfb-below-header-display":"","ast-hfb-mobile-header-display":"","site-post-title":"","ast-breadcrumbs-content":"","ast-featured-img":"","footer-sml-layout":"","theme-transparent-header-meta":"","adv-header-id-meta":"","stick-header-meta":"","header-above-stick-meta":"","header-main-stick-meta":"","header-below-stick-meta":"","astra-migrate-meta-layouts":"default","ast-page-background-enabled":"default","ast-page-background-meta":{"desktop":{"background-color":"var(--ast-global-color-4)","background-image":"","background-repeat":"repeat","background-position":"center center","background-size":"auto","background-attachment":"scroll","background-type":"","background-media":"","overlay-type":"","overlay-color":"","overlay-opacity":"","overlay-gradient":""},"tablet":{"background-color":"","background-image":"","background-repeat":"repeat","background-position":"center center","background-size":"auto","background-attachment":"scroll","background-type":"","background-media":"","overlay-type":"","overlay-color":"","overlay-opacity":"","overlay-gradient":""},"mobile":{"background-color":"","background-image":"","background-repeat":"repeat","background-position":"center center","background-size":"auto","background-attachment":"scroll","background-type":"","background-media":"","overlay-type":"","overlay-color":"","overlay-opacity":"","overlay-gradient":""}},"ast-content-background-meta":{"desktop":{"background-color":"var(--ast-global-color-5)","background-image":"","background-repeat":"repeat","background-position":"center center","background-size":"auto","background-attachment":"scroll","background-type":"","background-media":"","overlay-type":"","overlay-color":"","overlay-opacity":"","overlay-gradient":""},"tablet":{"background-color":"var(--ast-global-color-5)","background-image":"","background-repeat":"repeat","background-position":"center center","background-size":"auto","background-attachment":"scroll","background-type":"","background-media":"","overlay-type":"","overlay-color":"","overlay-opacity":"","overlay-gradient":""},"mobile":{"background-color":"var(--ast-global-color-5)","background-image":"","background-repeat":"repeat","background-position":"center center","background-size":"auto","background-attachment":"scroll","background-type":"","background-media":"","overlay-type":"","overlay-color":"","overlay-opacity":"","overlay-gradient":""}},"footnotes":""},"categories":[154,29],"tags":[],"class_list":["post-10104","post","type-post","status-publish","format-standard","has-post-thumbnail","hentry","category-formacio","category-portada"],"post_mailing_queue_ids":[],"_links":{"self":[{"href":"https:\/\/projectes.xtec.cat\/programesiprojectesfp\/wp-json\/wp\/v2\/posts\/10104","targetHints":{"allow":["GET"]}}],"collection":[{"href":"https:\/\/projectes.xtec.cat\/programesiprojectesfp\/wp-json\/wp\/v2\/posts"}],"about":[{"href":"https:\/\/projectes.xtec.cat\/programesiprojectesfp\/wp-json\/wp\/v2\/types\/post"}],"author":[{"embeddable":true,"href":"https:\/\/projectes.xtec.cat\/programesiprojectesfp\/wp-json\/wp\/v2\/users\/10"}],"replies":[{"embeddable":true,"href":"https:\/\/projectes.xtec.cat\/programesiprojectesfp\/wp-json\/wp\/v2\/comments?post=10104"}],"version-history":[{"count":3,"href":"https:\/\/projectes.xtec.cat\/programesiprojectesfp\/wp-json\/wp\/v2\/posts\/10104\/revisions"}],"predecessor-version":[{"id":10141,"href":"https:\/\/projectes.xtec.cat\/programesiprojectesfp\/wp-json\/wp\/v2\/posts\/10104\/revisions\/10141"}],"wp:featuredmedia":[{"embeddable":true,"href":"https:\/\/projectes.xtec.cat\/programesiprojectesfp\/wp-json\/wp\/v2\/media\/10181"}],"wp:attachment":[{"href":"https:\/\/projectes.xtec.cat\/programesiprojectesfp\/wp-json\/wp\/v2\/media?parent=10104"}],"wp:term":[{"taxonomy":"category","embeddable":true,"href":"https:\/\/projectes.xtec.cat\/programesiprojectesfp\/wp-json\/wp\/v2\/categories?post=10104"},{"taxonomy":"post_tag","embeddable":true,"href":"https:\/\/projectes.xtec.cat\/programesiprojectesfp\/wp-json\/wp\/v2\/tags?post=10104"}],"curies":[{"name":"wp","href":"https:\/\/api.w.org\/{rel}","templated":true}]}}