{"id":10296,"date":"2021-02-17T09:35:34","date_gmt":"2021-02-17T08:35:34","guid":{"rendered":"https:\/\/projectes.xtec.cat\/impulsfp\/?p=10296"},"modified":"2021-02-18T08:44:03","modified_gmt":"2021-02-18T07:44:03","slug":"lescolta-activa-i-els-projectes-reals-nascuts-de-lalumnat","status":"publish","type":"post","link":"https:\/\/projectes.xtec.cat\/programesiprojectesfp\/general\/lescolta-activa-i-els-projectes-reals-nascuts-de-lalumnat\/","title":{"rendered":"L&#8217;ESCOLTA ACTIVA I ELS PROJECTES REALS NASCUTS DE L&#8217;ALUMNAT"},"content":{"rendered":"<p>Avui m\u2019agradaria parlar de la import\u00e0ncia d\u2019escoltar els nostres alumnes per enriquir la nostra doc\u00e8ncia a trav\u00e9s d\u2019una situaci\u00f3 real d\u2019aula que va tenir lloc durant el curs 2019-2020. s\u00f3c l&#8217; Abel Lucena el curs 19-20\u00a0 impartia, en l\u2019INS Bernat el Ferrer, el m\u00f2dul professional M03, ofim\u00e0tica en el Cicle Formatiu de Grau Mig de Sistemes Microinform\u00e0tics (CFGM SMX); a l\u2019aula de tan en tant es generaven conversacions quotidianes amb el professor on els alumnes expressaven els seus interessos, aficions i incl\u00fas alguns parlaven sobre les seves feines fora l\u2019escola.<\/p>\n<p>Durant una sessi\u00f3 de la unitat formativa d\u2019Excel, un alumne va mencionar que fora l\u2019aula era responsables de RRPP en una discoteca de moda del municipi i sempre patia per gestionar els fulls de c\u00e0lcul, motiu pel qual estava especialment motivat amb el contingut. Arran d\u2019aquesta situaci\u00f3,\u00a0 vaig dissenyar una din\u00e0mica amb un exercici\/problema real de la feina de l\u2019alumne (relacionat amb tractament de fulls de c\u00e0lcul) i amb l\u2019ajuda dels companys es va aconseguir resoldre. La motivaci\u00f3 dels companys en ajudar a fer aquest excel va ser expectacular.<\/p>\n<p>Realment aquesta activitat fou molt fruct\u00edfera quant a adquisici\u00f3 de coneixements i el desenvolupament de compet\u00e8ncies, gr\u00e0cies al fet que els alumnes van poder resoldre un exercici propi i real.<\/p>\n<p>Cal mencionar que l\u2019alumne va rebre un reconeixement a la feina per l\u2019aportaci\u00f3.<\/p>\n<p>&nbsp;<\/p>\n<p>Abel Lucena<\/p>\n<p>Professor de la familia d&#8217;Inform\u00e0tica i comunicaci\u00f3<\/p>\n","protected":false},"excerpt":{"rendered":"<p>Avui m\u2019agradaria parlar de la import\u00e0ncia d\u2019escoltar els nostres alumnes per enriquir la nostra doc\u00e8ncia a trav\u00e9s d\u2019una situaci\u00f3 real d\u2019aula que va tenir lloc durant el curs 2019-2020. s\u00f3c l&#8217; Abel Lucena el curs 19-20\u00a0 impartia, en l\u2019INS Bernat el Ferrer, el m\u00f2dul professional M03, ofim\u00e0tica en el Cicle Formatiu de Grau Mig de [&hellip;]<\/p>\n","protected":false},"author":10,"featured_media":0,"comment_status":"closed","ping_status":"closed","sticky":false,"template":"","format":"standard","meta":{"site-sidebar-layout":"default","site-content-layout":"","ast-site-content-layout":"","site-content-style":"default","site-sidebar-style":"default","ast-global-header-display":"","ast-banner-title-visibility":"","ast-main-header-display":"","ast-hfb-above-header-display":"","ast-hfb-below-header-display":"","ast-hfb-mobile-header-display":"","site-post-title":"","ast-breadcrumbs-content":"","ast-featured-img":"","footer-sml-layout":"","theme-transparent-header-meta":"","adv-header-id-meta":"","stick-header-meta":"","header-above-stick-meta":"","header-main-stick-meta":"","header-below-stick-meta":"","astra-migrate-meta-layouts":"default","ast-page-background-enabled":"default","ast-page-background-meta":{"desktop":{"background-color":"var(--ast-global-color-4)","background-image":"","background-repeat":"repeat","background-position":"center center","background-size":"auto","background-attachment":"scroll","background-type":"","background-media":"","overlay-type":"","overlay-color":"","overlay-opacity":"","overlay-gradient":""},"tablet":{"background-color":"","background-image":"","background-repeat":"repeat","background-position":"center center","background-size":"auto","background-attachment":"scroll","background-type":"","background-media":"","overlay-type":"","overlay-color":"","overlay-opacity":"","overlay-gradient":""},"mobile":{"background-color":"","background-image":"","background-repeat":"repeat","background-position":"center center","background-size":"auto","background-attachment":"scroll","background-type":"","background-media":"","overlay-type":"","overlay-color":"","overlay-opacity":"","overlay-gradient":""}},"ast-content-background-meta":{"desktop":{"background-color":"var(--ast-global-color-5)","background-image":"","background-repeat":"repeat","background-position":"center center","background-size":"auto","background-attachment":"scroll","background-type":"","background-media":"","overlay-type":"","overlay-color":"","overlay-opacity":"","overlay-gradient":""},"tablet":{"background-color":"var(--ast-global-color-5)","background-image":"","background-repeat":"repeat","background-position":"center center","background-size":"auto","background-attachment":"scroll","background-type":"","background-media":"","overlay-type":"","overlay-color":"","overlay-opacity":"","overlay-gradient":""},"mobile":{"background-color":"var(--ast-global-color-5)","background-image":"","background-repeat":"repeat","background-position":"center center","background-size":"auto","background-attachment":"scroll","background-type":"","background-media":"","overlay-type":"","overlay-color":"","overlay-opacity":"","overlay-gradient":""}},"footnotes":""},"categories":[1,29,76],"tags":[],"class_list":["post-10296","post","type-post","status-publish","format-standard","hentry","category-general","category-portada","category-recursos"],"post_mailing_queue_ids":[],"_links":{"self":[{"href":"https:\/\/projectes.xtec.cat\/programesiprojectesfp\/wp-json\/wp\/v2\/posts\/10296","targetHints":{"allow":["GET"]}}],"collection":[{"href":"https:\/\/projectes.xtec.cat\/programesiprojectesfp\/wp-json\/wp\/v2\/posts"}],"about":[{"href":"https:\/\/projectes.xtec.cat\/programesiprojectesfp\/wp-json\/wp\/v2\/types\/post"}],"author":[{"embeddable":true,"href":"https:\/\/projectes.xtec.cat\/programesiprojectesfp\/wp-json\/wp\/v2\/users\/10"}],"replies":[{"embeddable":true,"href":"https:\/\/projectes.xtec.cat\/programesiprojectesfp\/wp-json\/wp\/v2\/comments?post=10296"}],"version-history":[{"count":3,"href":"https:\/\/projectes.xtec.cat\/programesiprojectesfp\/wp-json\/wp\/v2\/posts\/10296\/revisions"}],"predecessor-version":[{"id":10299,"href":"https:\/\/projectes.xtec.cat\/programesiprojectesfp\/wp-json\/wp\/v2\/posts\/10296\/revisions\/10299"}],"wp:attachment":[{"href":"https:\/\/projectes.xtec.cat\/programesiprojectesfp\/wp-json\/wp\/v2\/media?parent=10296"}],"wp:term":[{"taxonomy":"category","embeddable":true,"href":"https:\/\/projectes.xtec.cat\/programesiprojectesfp\/wp-json\/wp\/v2\/categories?post=10296"},{"taxonomy":"post_tag","embeddable":true,"href":"https:\/\/projectes.xtec.cat\/programesiprojectesfp\/wp-json\/wp\/v2\/tags?post=10296"}],"curies":[{"name":"wp","href":"https:\/\/api.w.org\/{rel}","templated":true}]}}