{"id":10411,"date":"2021-05-03T19:28:12","date_gmt":"2021-05-03T17:28:12","guid":{"rendered":"https:\/\/projectes.xtec.cat\/impulsfp\/?p=10411"},"modified":"2021-05-14T07:24:47","modified_gmt":"2021-05-14T05:24:47","slug":"inscripcio-a-la-2a-mostra-impulsfp","status":"publish","type":"post","link":"https:\/\/projectes.xtec.cat\/programesiprojectesfp\/general\/inscripcio-a-la-2a-mostra-impulsfp\/","title":{"rendered":"Inscripci\u00f3 a la 2a Mostra impulsfp"},"content":{"rendered":"<p><span style=\"font-weight: 400;\">La 2a Mostra d\u2019ImpulsFP aplegar\u00e0 l\u201911 i 12 de maig per segon any consecutiu el talent i el valor de la <\/span><b>Formaci\u00f3 Professional a Catalunya<\/b><span style=\"font-weight: 400;\">: m\u00e9s de 40 bones pr\u00e0ctiques de docents de Formaci\u00f3 Professional, projectes premiats en els diferents Serveis Territorials del Departament d\u2019Educaci\u00f3 de Catalunya i finalistes i premiats als millors projectes d&#8217;emprenedories i innovaci\u00f3 de Catalunya.<\/span><\/p>\n<p><span style=\"font-weight: 400;\">Aquest esdeveniment online organitzat pel Departament d\u2019Educaci\u00f3 de la Generalitat amb el suport de Dualiza \u00e9s una trobada que vol visibilitzar l\u2019<\/span><b>aportaci\u00f3 social, econ\u00f2mica i laboral<\/b><span style=\"font-weight: 400;\"> dels alumnes i exalumnes d\u2019FP.<\/span><\/p>\n<p><span style=\"font-weight: 400;\">Segons dades de l\u2019Estudi del Departament d\u2019Ensenyament, les persones graduades en cicles de formaci\u00f3 professional a Catalunya tenen un <\/span><b>percentatge d\u2019atur molt inferior<\/b><span style=\"font-weight: 400;\"> a la mitjana de desocupaci\u00f3 juvenil.<\/span><\/p>\n<p><span style=\"font-weight: 400;\">Aquesta situaci\u00f3 contribueix a l\u2019increment de l\u2019<\/span><b>inter\u00e8s per a la Formaci\u00f3 Professional<\/b><span style=\"font-weight: 400;\"> per part de centres, professorat i alumnes com una gran opci\u00f3 de futur i de present.<\/span><\/p>\n<p><span style=\"font-weight: 400;\">Inscriviu-vos a la Mostra i descobriu el talent de l\u2019FP. Ho podeu fer aqu\u00ed: <\/span><a href=\"https:\/\/www.mostraimpulsfp.cat\/\"><span style=\"font-weight: 400;\">https:\/\/www.mostraimpulsfp.cat\/<\/span><\/a><\/p>\n<p><a href=\"https:\/\/projectes.xtec.cat\/impulsfp\/wp-content\/uploads\/usu2078\/2021\/05\/IFP-participantes-vertical-3.jpg\"><img loading=\"lazy\" decoding=\"async\" class=\"alignnone size-large wp-image-10410\" src=\"https:\/\/projectes.xtec.cat\/impulsfp\/wp-content\/uploads\/usu2078\/2021\/05\/IFP-participantes-vertical-3-564x1024.jpg\" alt=\"\" width=\"564\" height=\"1024\" srcset=\"https:\/\/projectes.xtec.cat\/programesiprojectesfp\/wp-content\/uploads\/usu2078\/2021\/05\/IFP-participantes-vertical-3-564x1024.jpg 564w, https:\/\/projectes.xtec.cat\/programesiprojectesfp\/wp-content\/uploads\/usu2078\/2021\/05\/IFP-participantes-vertical-3-165x300.jpg 165w, https:\/\/projectes.xtec.cat\/programesiprojectesfp\/wp-content\/uploads\/usu2078\/2021\/05\/IFP-participantes-vertical-3-768x1395.jpg 768w, https:\/\/projectes.xtec.cat\/programesiprojectesfp\/wp-content\/uploads\/usu2078\/2021\/05\/IFP-participantes-vertical-3.jpg 1600w\" sizes=\"auto, (max-width: 564px) 100vw, 564px\" \/><\/a><\/p>\n","protected":false},"excerpt":{"rendered":"<p>La 2a Mostra d\u2019ImpulsFP aplegar\u00e0 l\u201911 i 12 de maig per segon any consecutiu el talent i el valor de la Formaci\u00f3 Professional a Catalunya: m\u00e9s de 40 bones pr\u00e0ctiques de docents de Formaci\u00f3 Professional, projectes premiats en els diferents Serveis Territorials del Departament d\u2019Educaci\u00f3 de Catalunya i finalistes i premiats als millors projectes d&#8217;emprenedories [&hellip;]<\/p>\n","protected":false},"author":10,"featured_media":0,"comment_status":"closed","ping_status":"closed","sticky":false,"template":"","format":"standard","meta":{"site-sidebar-layout":"default","site-content-layout":"","ast-site-content-layout":"","site-content-style":"default","site-sidebar-style":"default","ast-global-header-display":"","ast-banner-title-visibility":"","ast-main-header-display":"","ast-hfb-above-header-display":"","ast-hfb-below-header-display":"","ast-hfb-mobile-header-display":"","site-post-title":"","ast-breadcrumbs-content":"","ast-featured-img":"","footer-sml-layout":"","theme-transparent-header-meta":"","adv-header-id-meta":"","stick-header-meta":"","header-above-stick-meta":"","header-main-stick-meta":"","header-below-stick-meta":"","astra-migrate-meta-layouts":"default","ast-page-background-enabled":"default","ast-page-background-meta":{"desktop":{"background-color":"var(--ast-global-color-4)","background-image":"","background-repeat":"repeat","background-position":"center center","background-size":"auto","background-attachment":"scroll","background-type":"","background-media":"","overlay-type":"","overlay-color":"","overlay-opacity":"","overlay-gradient":""},"tablet":{"background-color":"","background-image":"","background-repeat":"repeat","background-position":"center center","background-size":"auto","background-attachment":"scroll","background-type":"","background-media":"","overlay-type":"","overlay-color":"","overlay-opacity":"","overlay-gradient":""},"mobile":{"background-color":"","background-image":"","background-repeat":"repeat","background-position":"center center","background-size":"auto","background-attachment":"scroll","background-type":"","background-media":"","overlay-type":"","overlay-color":"","overlay-opacity":"","overlay-gradient":""}},"ast-content-background-meta":{"desktop":{"background-color":"var(--ast-global-color-5)","background-image":"","background-repeat":"repeat","background-position":"center center","background-size":"auto","background-attachment":"scroll","background-type":"","background-media":"","overlay-type":"","overlay-color":"","overlay-opacity":"","overlay-gradient":""},"tablet":{"background-color":"var(--ast-global-color-5)","background-image":"","background-repeat":"repeat","background-position":"center center","background-size":"auto","background-attachment":"scroll","background-type":"","background-media":"","overlay-type":"","overlay-color":"","overlay-opacity":"","overlay-gradient":""},"mobile":{"background-color":"var(--ast-global-color-5)","background-image":"","background-repeat":"repeat","background-position":"center center","background-size":"auto","background-attachment":"scroll","background-type":"","background-media":"","overlay-type":"","overlay-color":"","overlay-opacity":"","overlay-gradient":""}},"footnotes":""},"categories":[1],"tags":[],"class_list":["post-10411","post","type-post","status-publish","format-standard","hentry","category-general"],"post_mailing_queue_ids":[],"_links":{"self":[{"href":"https:\/\/projectes.xtec.cat\/programesiprojectesfp\/wp-json\/wp\/v2\/posts\/10411","targetHints":{"allow":["GET"]}}],"collection":[{"href":"https:\/\/projectes.xtec.cat\/programesiprojectesfp\/wp-json\/wp\/v2\/posts"}],"about":[{"href":"https:\/\/projectes.xtec.cat\/programesiprojectesfp\/wp-json\/wp\/v2\/types\/post"}],"author":[{"embeddable":true,"href":"https:\/\/projectes.xtec.cat\/programesiprojectesfp\/wp-json\/wp\/v2\/users\/10"}],"replies":[{"embeddable":true,"href":"https:\/\/projectes.xtec.cat\/programesiprojectesfp\/wp-json\/wp\/v2\/comments?post=10411"}],"version-history":[{"count":1,"href":"https:\/\/projectes.xtec.cat\/programesiprojectesfp\/wp-json\/wp\/v2\/posts\/10411\/revisions"}],"predecessor-version":[{"id":10412,"href":"https:\/\/projectes.xtec.cat\/programesiprojectesfp\/wp-json\/wp\/v2\/posts\/10411\/revisions\/10412"}],"wp:attachment":[{"href":"https:\/\/projectes.xtec.cat\/programesiprojectesfp\/wp-json\/wp\/v2\/media?parent=10411"}],"wp:term":[{"taxonomy":"category","embeddable":true,"href":"https:\/\/projectes.xtec.cat\/programesiprojectesfp\/wp-json\/wp\/v2\/categories?post=10411"},{"taxonomy":"post_tag","embeddable":true,"href":"https:\/\/projectes.xtec.cat\/programesiprojectesfp\/wp-json\/wp\/v2\/tags?post=10411"}],"curies":[{"name":"wp","href":"https:\/\/api.w.org\/{rel}","templated":true}]}}