{"id":10427,"date":"2021-05-24T08:00:05","date_gmt":"2021-05-24T06:00:05","guid":{"rendered":"https:\/\/projectes.xtec.cat\/impulsfp\/?p=10427"},"modified":"2021-05-24T05:27:19","modified_gmt":"2021-05-24T03:27:19","slug":"projecte-us-responsable-de-les-xarxes-socials-i-el-mobil-un-mini-projecte-en-collaboracio-cfgm-gestio-administrativa-angles-i-eso","status":"publish","type":"post","link":"https:\/\/projectes.xtec.cat\/programesiprojectesfp\/portada\/projecte-us-responsable-de-les-xarxes-socials-i-el-mobil-un-mini-projecte-en-collaboracio-cfgm-gestio-administrativa-angles-i-eso\/","title":{"rendered":"Projecte: \u00das responsable de les xarxes socials i el m\u00f2bil. Un mini projecte en col\u00b7laboraci\u00f3 CFGM Gesti\u00f3 Administrativa, angl\u00e8s i ESO."},"content":{"rendered":"<h1 style=\"text-align: center;\"><span style=\"font-size: 14pt;\"><strong> Institut Santa Eul\u00e0lia de Terrassa.<\/strong><\/span><a href=\"https:\/\/projectes.xtec.cat\/impulsfp\/wp-content\/uploads\/usu2078\/2021\/05\/3ER_ESO_foto1.jpg\"><img loading=\"lazy\" decoding=\"async\" class=\"size-large wp-image-10426 aligncenter\" src=\"https:\/\/projectes.xtec.cat\/impulsfp\/wp-content\/uploads\/usu2078\/2021\/05\/3ER_ESO_foto1-1024x415.jpg\" alt=\"\" width=\"1024\" height=\"415\" srcset=\"https:\/\/projectes.xtec.cat\/programesiprojectesfp\/wp-content\/uploads\/usu2078\/2021\/05\/3ER_ESO_foto1-1024x415.jpg 1024w, https:\/\/projectes.xtec.cat\/programesiprojectesfp\/wp-content\/uploads\/usu2078\/2021\/05\/3ER_ESO_foto1-300x122.jpg 300w, https:\/\/projectes.xtec.cat\/programesiprojectesfp\/wp-content\/uploads\/usu2078\/2021\/05\/3ER_ESO_foto1-768x311.jpg 768w, https:\/\/projectes.xtec.cat\/programesiprojectesfp\/wp-content\/uploads\/usu2078\/2021\/05\/3ER_ESO_foto1.jpg 2000w\" sizes=\"auto, (max-width: 1024px) 100vw, 1024px\" \/><\/a><\/h1>\n<p><span style=\"font-weight: 400;\">Aquesta activitat d&#8217;ensenyament aprenentatge s&#8217;emmarca als M\u00f2duls Professionals del CFGM de Gesti\u00f3 Administrativa de Comunicaci\u00f3 empresarial oral (MP01-UF1), Angl\u00e8s t\u00e8cnic (MP09-UF1) i Tecnologia i comunicacions digitals (MP07-UF1).<\/span><\/p>\n<p><span style=\"font-weight: 400;\">L&#8217;alumnat de 1er curs del CFGM de Gesti\u00f3 Administrativa ha realitzat un v\u00eddeo (en angl\u00e8s) per informar a l&#8217;alumnat de l&#8217;ESO sobre l&#8217;\u00fas de les xarxes socials i el m\u00f2bil. <\/span><\/p>\n<p><span style=\"font-weight: 400;\">L&#8217;alumnat ha dissenyat, dirigit i protagonitzat el v\u00eddeo orientat a l&#8217;alumnat de l&#8217;ESO en angl\u00e8s, subtitulat en catal\u00e0. <\/span><\/p>\n<p><span style=\"font-weight: 400;\">Tamb\u00e9 han dissenyat una enquesta pr\u00e8via per a l&#8217;alumnat de l&#8217;ESO per con\u00e8ixer els h\u00e0bits que tenen amb el m\u00f2bil.<\/span><\/p>\n<p><span style=\"font-weight: 400;\">Un cop s&#8217;ha creat, s&#8217;han programat dues sessions amb les classes de 3er i 4rt de l&#8217;ESO. <\/span><\/p>\n<p><span style=\"font-weight: 400;\">L&#8217;alumnat de l&#8217;ESO ja havien contestat l&#8217;enquesta i l&#8217;alumnat de CFGM els hi presenten el seu v\u00eddeo.<\/span><\/p>\n<p><span style=\"font-weight: 400;\">Documents realitzats per l&#8217;alumnat de 1er curs de CFGM Gesti\u00f3 Administrativa:<\/span><\/p>\n<p><a href=\"https:\/\/docs.google.com\/forms\/d\/1TJysBhR_0EjezKSlfxAuzo97BAE_H0bQoKs-IpkzsD4\/viewform?edit_requested=true\"><span style=\"font-weight: 400;\">ENQUESTA PR\u00c8VIA<\/span><\/a><\/p>\n<p><a href=\"https:\/\/drive.google.com\/file\/d\/1ycPuwtgbKTP1Q0tb4pnevwcB0nwYhhjs\/view?usp=sharing\"><span style=\"font-weight: 400;\">VIDEO<\/span><\/a><\/p>\n","protected":false},"excerpt":{"rendered":"<p>Institut Santa Eul\u00e0lia de Terrassa. Aquesta activitat d&#8217;ensenyament aprenentatge s&#8217;emmarca als M\u00f2duls Professionals del CFGM de Gesti\u00f3 Administrativa de Comunicaci\u00f3 empresarial oral (MP01-UF1), Angl\u00e8s t\u00e8cnic (MP09-UF1) i Tecnologia i comunicacions digitals (MP07-UF1). L&#8217;alumnat de 1er curs del CFGM de Gesti\u00f3 Administrativa ha realitzat un v\u00eddeo (en angl\u00e8s) per informar a l&#8217;alumnat de l&#8217;ESO sobre l&#8217;\u00fas [&hellip;]<\/p>\n","protected":false},"author":10,"featured_media":0,"comment_status":"closed","ping_status":"closed","sticky":false,"template":"","format":"standard","meta":{"site-sidebar-layout":"default","site-content-layout":"","ast-site-content-layout":"","site-content-style":"default","site-sidebar-style":"default","ast-global-header-display":"","ast-banner-title-visibility":"","ast-main-header-display":"","ast-hfb-above-header-display":"","ast-hfb-below-header-display":"","ast-hfb-mobile-header-display":"","site-post-title":"","ast-breadcrumbs-content":"","ast-featured-img":"","footer-sml-layout":"","theme-transparent-header-meta":"","adv-header-id-meta":"","stick-header-meta":"","header-above-stick-meta":"","header-main-stick-meta":"","header-below-stick-meta":"","astra-migrate-meta-layouts":"default","ast-page-background-enabled":"default","ast-page-background-meta":{"desktop":{"background-color":"var(--ast-global-color-4)","background-image":"","background-repeat":"repeat","background-position":"center center","background-size":"auto","background-attachment":"scroll","background-type":"","background-media":"","overlay-type":"","overlay-color":"","overlay-opacity":"","overlay-gradient":""},"tablet":{"background-color":"","background-image":"","background-repeat":"repeat","background-position":"center center","background-size":"auto","background-attachment":"scroll","background-type":"","background-media":"","overlay-type":"","overlay-color":"","overlay-opacity":"","overlay-gradient":""},"mobile":{"background-color":"","background-image":"","background-repeat":"repeat","background-position":"center center","background-size":"auto","background-attachment":"scroll","background-type":"","background-media":"","overlay-type":"","overlay-color":"","overlay-opacity":"","overlay-gradient":""}},"ast-content-background-meta":{"desktop":{"background-color":"var(--ast-global-color-5)","background-image":"","background-repeat":"repeat","background-position":"center center","background-size":"auto","background-attachment":"scroll","background-type":"","background-media":"","overlay-type":"","overlay-color":"","overlay-opacity":"","overlay-gradient":""},"tablet":{"background-color":"var(--ast-global-color-5)","background-image":"","background-repeat":"repeat","background-position":"center center","background-size":"auto","background-attachment":"scroll","background-type":"","background-media":"","overlay-type":"","overlay-color":"","overlay-opacity":"","overlay-gradient":""},"mobile":{"background-color":"var(--ast-global-color-5)","background-image":"","background-repeat":"repeat","background-position":"center center","background-size":"auto","background-attachment":"scroll","background-type":"","background-media":"","overlay-type":"","overlay-color":"","overlay-opacity":"","overlay-gradient":""}},"footnotes":""},"categories":[29,76],"tags":[],"class_list":["post-10427","post","type-post","status-publish","format-standard","hentry","category-portada","category-recursos"],"post_mailing_queue_ids":[],"_links":{"self":[{"href":"https:\/\/projectes.xtec.cat\/programesiprojectesfp\/wp-json\/wp\/v2\/posts\/10427","targetHints":{"allow":["GET"]}}],"collection":[{"href":"https:\/\/projectes.xtec.cat\/programesiprojectesfp\/wp-json\/wp\/v2\/posts"}],"about":[{"href":"https:\/\/projectes.xtec.cat\/programesiprojectesfp\/wp-json\/wp\/v2\/types\/post"}],"author":[{"embeddable":true,"href":"https:\/\/projectes.xtec.cat\/programesiprojectesfp\/wp-json\/wp\/v2\/users\/10"}],"replies":[{"embeddable":true,"href":"https:\/\/projectes.xtec.cat\/programesiprojectesfp\/wp-json\/wp\/v2\/comments?post=10427"}],"version-history":[{"count":2,"href":"https:\/\/projectes.xtec.cat\/programesiprojectesfp\/wp-json\/wp\/v2\/posts\/10427\/revisions"}],"predecessor-version":[{"id":10429,"href":"https:\/\/projectes.xtec.cat\/programesiprojectesfp\/wp-json\/wp\/v2\/posts\/10427\/revisions\/10429"}],"wp:attachment":[{"href":"https:\/\/projectes.xtec.cat\/programesiprojectesfp\/wp-json\/wp\/v2\/media?parent=10427"}],"wp:term":[{"taxonomy":"category","embeddable":true,"href":"https:\/\/projectes.xtec.cat\/programesiprojectesfp\/wp-json\/wp\/v2\/categories?post=10427"},{"taxonomy":"post_tag","embeddable":true,"href":"https:\/\/projectes.xtec.cat\/programesiprojectesfp\/wp-json\/wp\/v2\/tags?post=10427"}],"curies":[{"name":"wp","href":"https:\/\/api.w.org\/{rel}","templated":true}]}}