{"id":10436,"date":"2021-05-28T11:27:10","date_gmt":"2021-05-28T09:27:10","guid":{"rendered":"https:\/\/projectes.xtec.cat\/impulsfp\/?p=10436"},"modified":"2021-05-28T11:30:40","modified_gmt":"2021-05-28T09:30:40","slug":"its-my-turn-esdeveniment-que-obre-portes-al-mercat-laboral-de-lalumnat-del-centre-destudis-politecnics","status":"publish","type":"post","link":"https:\/\/projectes.xtec.cat\/programesiprojectesfp\/general\/its-my-turn-esdeveniment-que-obre-portes-al-mercat-laboral-de-lalumnat-del-centre-destudis-politecnics\/","title":{"rendered":"\u201cIt\u2019s My Turn\u201d, Esdeveniment que obre portes al mercat laboral de l&#8217;alumnat del Centre d&#8217;Estudis Polit\u00e8cnics."},"content":{"rendered":"<p><a href=\"https:\/\/projectes.xtec.cat\/impulsfp\/wp-content\/uploads\/usu2078\/2021\/05\/WhatsApp-Image-2021-05-28-at-10.54.57.jpeg\"><img loading=\"lazy\" decoding=\"async\" class=\"alignnone size-large wp-image-10435\" src=\"https:\/\/projectes.xtec.cat\/impulsfp\/wp-content\/uploads\/usu2078\/2021\/05\/WhatsApp-Image-2021-05-28-at-10.54.57-1024x575.jpeg\" alt=\"\" width=\"1024\" height=\"575\" srcset=\"https:\/\/projectes.xtec.cat\/programesiprojectesfp\/wp-content\/uploads\/usu2078\/2021\/05\/WhatsApp-Image-2021-05-28-at-10.54.57-1024x575.jpeg 1024w, https:\/\/projectes.xtec.cat\/programesiprojectesfp\/wp-content\/uploads\/usu2078\/2021\/05\/WhatsApp-Image-2021-05-28-at-10.54.57-300x169.jpeg 300w, https:\/\/projectes.xtec.cat\/programesiprojectesfp\/wp-content\/uploads\/usu2078\/2021\/05\/WhatsApp-Image-2021-05-28-at-10.54.57-768x432.jpeg 768w, https:\/\/projectes.xtec.cat\/programesiprojectesfp\/wp-content\/uploads\/usu2078\/2021\/05\/WhatsApp-Image-2021-05-28-at-10.54.57.jpeg 1600w\" sizes=\"auto, (max-width: 1024px) 100vw, 1024px\" \/><\/a><\/p>\n<p><a href=\"https:\/\/sites.google.com\/cepnet.net\/imt-politecnics\/imt21?authuser=0\">It&#8217;s my turn &#8217;21 *<\/a><\/p>\n<pre class=\"tw-data-text tw-text-large XcVN5d tw-ta\" dir=\"ltr\" data-placeholder=\"Traducci\u00f3\"><span class=\"Y2IQFc\" lang=\"ca\">En el transcurs d'aquests cinc anys, I'ts My Turn, ha anat incorporant noves estrat\u00e8gies de concepte i d'organitzaci\u00f3, adaptant-se als nous reptes i demandes de l'mercat laboral, assumint cada vegada m\u00e9s gran envergadura, i reafirmant la seva aposta per fer valer els talents futurs i contribuir aix\u00ed a la seva inserci\u00f3 laboral.\r\n\r\nLa plataforma en l\u00ednia d'aquesta edici\u00f3 de I'ts My Turn, #SumemTalentt, estar\u00e0 disponible al portal imt.politecnics.barcelona.\r\n\r\n<\/span><\/pre>\n<pre id=\"tw-target-text\" class=\"tw-data-text tw-text-large XcVN5d tw-ta\" dir=\"ltr\" data-placeholder=\"Traducci\u00f3\"><span class=\"Y2IQFc\" lang=\"ca\">S'acosta el final de curs, i amb aix\u00f2, un dels esdeveniments m\u00e9s representatius de Polit\u00e8cnics: It 's my turn. Es tracta d'una fira de talents, que enguany compleix la seva cinquena edici\u00f3, on el principal protagonista \u00e9s l'alumnat de segon curs, dels diferents cicles formatius que s'hi imparteixen, i que es gradua de forma imminent.\r\n\r\nEn aquesta ocasi\u00f3, el lema ser\u00e0 #SumemTalent, en refer\u00e8ncia a tres conceptes b\u00e0sics: talent, marca personal i inserci\u00f3 laboral, emmarcat en el context de la Formaci\u00f3 Professional.\r\n\r\nPer fer possible la celebraci\u00f3 d'l'esdeveniment, el Polit\u00e8cnics compta amb una plataforma en l\u00ednia preparada per albergar la presentaci\u00f3 dels projectes de marca personal del seu alumnat, juntament amb un directori digital de portafolis permetent con\u00e8ixer els perfils professionals d'alumnes i alumnes de diferents fam\u00edlies professionals: Comer\u00e7 i M\u00e0rqueting, Administraci\u00f3 i Gesti\u00f3, Hostaleria i Turisme, Inform\u00e0tica i Comunicacions. A m\u00e9s, s'habilitar\u00e0 un espai virtual de networking, propiciant la trobada entre empreses i aut\u00f2noms de diferents \u00e0mbits d'inter\u00e8s, afavorint l'acostament, de primera m\u00e0, a el mercat laboral.<\/span><\/pre>\n<pre id=\"tw-target-text\" class=\"tw-data-text tw-text-large XcVN5d tw-ta\" dir=\"ltr\" data-placeholder=\"Traducci\u00f3\"><span class=\"Y2IQFc\" lang=\"ca\">\u00a0<\/span><\/pre>\n<p>Per saber m\u00e9s:<\/p>\n<p>https:\/\/www.lavanguardia.com\/local\/barcelona\/20210526\/7482774\/acerca-it-s-my-turn-evento-abre-puertas-mercado-laboral.amp.html?__twitter_impression=true<\/p>\n<p>&nbsp;<\/p>\n<p><a href=\"https:\/\/projectes.xtec.cat\/impulsfp\/wp-content\/uploads\/usu2078\/2021\/05\/WhatsApp-Image-2021-05-28-at-10.54.29.jpeg\"><img loading=\"lazy\" decoding=\"async\" class=\"alignnone size-large wp-image-10434\" src=\"https:\/\/projectes.xtec.cat\/impulsfp\/wp-content\/uploads\/usu2078\/2021\/05\/WhatsApp-Image-2021-05-28-at-10.54.29-1024x575.jpeg\" alt=\"\" width=\"1024\" height=\"575\" srcset=\"https:\/\/projectes.xtec.cat\/programesiprojectesfp\/wp-content\/uploads\/usu2078\/2021\/05\/WhatsApp-Image-2021-05-28-at-10.54.29-1024x575.jpeg 1024w, https:\/\/projectes.xtec.cat\/programesiprojectesfp\/wp-content\/uploads\/usu2078\/2021\/05\/WhatsApp-Image-2021-05-28-at-10.54.29-300x169.jpeg 300w, https:\/\/projectes.xtec.cat\/programesiprojectesfp\/wp-content\/uploads\/usu2078\/2021\/05\/WhatsApp-Image-2021-05-28-at-10.54.29-768x432.jpeg 768w, https:\/\/projectes.xtec.cat\/programesiprojectesfp\/wp-content\/uploads\/usu2078\/2021\/05\/WhatsApp-Image-2021-05-28-at-10.54.29.jpeg 1600w\" sizes=\"auto, (max-width: 1024px) 100vw, 1024px\" \/><\/a><\/p>\n","protected":false},"excerpt":{"rendered":"<p>It&#8217;s my turn &#8217;21 * En el transcurs d&#8217;aquests cinc anys, I&#8217;ts My Turn, ha anat incorporant noves estrat\u00e8gies de concepte i d&#8217;organitzaci\u00f3, adaptant-se als nous reptes i demandes de l&#8217;mercat laboral, assumint cada vegada m\u00e9s gran envergadura, i reafirmant la seva aposta per fer valer els talents futurs i contribuir aix\u00ed a la seva [&hellip;]<\/p>\n","protected":false},"author":10,"featured_media":10435,"comment_status":"closed","ping_status":"closed","sticky":false,"template":"","format":"standard","meta":{"site-sidebar-layout":"default","site-content-layout":"","ast-site-content-layout":"","site-content-style":"default","site-sidebar-style":"default","ast-global-header-display":"","ast-banner-title-visibility":"","ast-main-header-display":"","ast-hfb-above-header-display":"","ast-hfb-below-header-display":"","ast-hfb-mobile-header-display":"","site-post-title":"","ast-breadcrumbs-content":"","ast-featured-img":"","footer-sml-layout":"","theme-transparent-header-meta":"","adv-header-id-meta":"","stick-header-meta":"","header-above-stick-meta":"","header-main-stick-meta":"","header-below-stick-meta":"","astra-migrate-meta-layouts":"default","ast-page-background-enabled":"default","ast-page-background-meta":{"desktop":{"background-color":"var(--ast-global-color-4)","background-image":"","background-repeat":"repeat","background-position":"center center","background-size":"auto","background-attachment":"scroll","background-type":"","background-media":"","overlay-type":"","overlay-color":"","overlay-opacity":"","overlay-gradient":""},"tablet":{"background-color":"","background-image":"","background-repeat":"repeat","background-position":"center center","background-size":"auto","background-attachment":"scroll","background-type":"","background-media":"","overlay-type":"","overlay-color":"","overlay-opacity":"","overlay-gradient":""},"mobile":{"background-color":"","background-image":"","background-repeat":"repeat","background-position":"center center","background-size":"auto","background-attachment":"scroll","background-type":"","background-media":"","overlay-type":"","overlay-color":"","overlay-opacity":"","overlay-gradient":""}},"ast-content-background-meta":{"desktop":{"background-color":"var(--ast-global-color-5)","background-image":"","background-repeat":"repeat","background-position":"center center","background-size":"auto","background-attachment":"scroll","background-type":"","background-media":"","overlay-type":"","overlay-color":"","overlay-opacity":"","overlay-gradient":""},"tablet":{"background-color":"var(--ast-global-color-5)","background-image":"","background-repeat":"repeat","background-position":"center center","background-size":"auto","background-attachment":"scroll","background-type":"","background-media":"","overlay-type":"","overlay-color":"","overlay-opacity":"","overlay-gradient":""},"mobile":{"background-color":"var(--ast-global-color-5)","background-image":"","background-repeat":"repeat","background-position":"center center","background-size":"auto","background-attachment":"scroll","background-type":"","background-media":"","overlay-type":"","overlay-color":"","overlay-opacity":"","overlay-gradient":""}},"footnotes":""},"categories":[1],"tags":[],"class_list":["post-10436","post","type-post","status-publish","format-standard","has-post-thumbnail","hentry","category-general"],"post_mailing_queue_ids":[],"_links":{"self":[{"href":"https:\/\/projectes.xtec.cat\/programesiprojectesfp\/wp-json\/wp\/v2\/posts\/10436","targetHints":{"allow":["GET"]}}],"collection":[{"href":"https:\/\/projectes.xtec.cat\/programesiprojectesfp\/wp-json\/wp\/v2\/posts"}],"about":[{"href":"https:\/\/projectes.xtec.cat\/programesiprojectesfp\/wp-json\/wp\/v2\/types\/post"}],"author":[{"embeddable":true,"href":"https:\/\/projectes.xtec.cat\/programesiprojectesfp\/wp-json\/wp\/v2\/users\/10"}],"replies":[{"embeddable":true,"href":"https:\/\/projectes.xtec.cat\/programesiprojectesfp\/wp-json\/wp\/v2\/comments?post=10436"}],"version-history":[{"count":1,"href":"https:\/\/projectes.xtec.cat\/programesiprojectesfp\/wp-json\/wp\/v2\/posts\/10436\/revisions"}],"predecessor-version":[{"id":10437,"href":"https:\/\/projectes.xtec.cat\/programesiprojectesfp\/wp-json\/wp\/v2\/posts\/10436\/revisions\/10437"}],"wp:featuredmedia":[{"embeddable":true,"href":"https:\/\/projectes.xtec.cat\/programesiprojectesfp\/wp-json\/wp\/v2\/media\/10435"}],"wp:attachment":[{"href":"https:\/\/projectes.xtec.cat\/programesiprojectesfp\/wp-json\/wp\/v2\/media?parent=10436"}],"wp:term":[{"taxonomy":"category","embeddable":true,"href":"https:\/\/projectes.xtec.cat\/programesiprojectesfp\/wp-json\/wp\/v2\/categories?post=10436"},{"taxonomy":"post_tag","embeddable":true,"href":"https:\/\/projectes.xtec.cat\/programesiprojectesfp\/wp-json\/wp\/v2\/tags?post=10436"}],"curies":[{"name":"wp","href":"https:\/\/api.w.org\/{rel}","templated":true}]}}