{"id":10438,"date":"2021-05-31T07:37:24","date_gmt":"2021-05-31T05:37:24","guid":{"rendered":"https:\/\/projectes.xtec.cat\/impulsfp\/?p=10438"},"modified":"2021-07-09T08:51:00","modified_gmt":"2021-07-09T06:51:00","slug":"les-bones-practiques-de-la-2a-mostra-impulsfp-ja-estan-a-la-web","status":"publish","type":"post","link":"https:\/\/projectes.xtec.cat\/programesiprojectesfp\/portada\/les-bones-practiques-de-la-2a-mostra-impulsfp-ja-estan-a-la-web\/","title":{"rendered":"LES BONES PR\u00c0CTIQUES DE LA  2a Mostra ImpulsFP JA ESTAN A LA WEB"},"content":{"rendered":"<p><a href=\"https:\/\/projectes.xtec.cat\/impulsfp\/wp-content\/uploads\/usu2078\/2021\/05\/mostra.png\"><img loading=\"lazy\" decoding=\"async\" class=\"wp-image-10440 alignnone\" src=\"https:\/\/projectes.xtec.cat\/impulsfp\/wp-content\/uploads\/usu2078\/2021\/05\/mostra.png\" alt=\"\" width=\"1223\" height=\"231\" srcset=\"https:\/\/projectes.xtec.cat\/programesiprojectesfp\/wp-content\/uploads\/usu2078\/2021\/05\/mostra.png 943w, https:\/\/projectes.xtec.cat\/programesiprojectesfp\/wp-content\/uploads\/usu2078\/2021\/05\/mostra-300x57.png 300w, https:\/\/projectes.xtec.cat\/programesiprojectesfp\/wp-content\/uploads\/usu2078\/2021\/05\/mostra-768x145.png 768w\" sizes=\"auto, (max-width: 1223px) 100vw, 1223px\" \/><\/a><\/p>\n<p>Durant els dies 11 i 12 de maig de 2021 es van presentar a la 2a Mostra d&#8217;ImpulsFP, 40 bones pr\u00e0ctiques de docents de formaci\u00f3 professional. De diferents families professionals i diferents tem\u00e0tiques. Projectes d&#8217;orientaci\u00f3, de metodologies, d&#8217;innovaci\u00f3&#8230;.Us convidem a escoltar-les, s\u00f3n pocs minuts, i segur que trobes un projecte interessant, si vols contactar amb els docents, envia un correu a : impulsfp@xtec.cat<\/p>\n<p>Ja tens els videos a la<a href=\"https:\/\/www.mostraimpulsfp.cat\/\"> web<\/a>. On pots trobar tamb\u00e9 les bones pr\u00e0ctiques que es van presentar a la 1a Mostra d&#8217;ImpulsFP.<\/p>\n<p><a href=\"https:\/\/www.mostraimpulsfp.cat\/\"><img loading=\"lazy\" decoding=\"async\" class=\"alignnone size-full wp-image-10444\" src=\"https:\/\/projectes.xtec.cat\/impulsfp\/wp-content\/uploads\/usu2078\/2021\/05\/mostra22.png\" alt=\"\" width=\"682\" height=\"769\" srcset=\"https:\/\/projectes.xtec.cat\/programesiprojectesfp\/wp-content\/uploads\/usu2078\/2021\/05\/mostra22.png 682w, https:\/\/projectes.xtec.cat\/programesiprojectesfp\/wp-content\/uploads\/usu2078\/2021\/05\/mostra22-266x300.png 266w\" sizes=\"auto, (max-width: 682px) 100vw, 682px\" \/><\/a><\/p>\n","protected":false},"excerpt":{"rendered":"<p>Durant els dies 11 i 12 de maig de 2021 es van presentar a la 2a Mostra d&#8217;ImpulsFP, 40 bones pr\u00e0ctiques de docents de formaci\u00f3 professional. De diferents families professionals i diferents tem\u00e0tiques. Projectes d&#8217;orientaci\u00f3, de metodologies, d&#8217;innovaci\u00f3&#8230;.Us convidem a escoltar-les, s\u00f3n pocs minuts, i segur que trobes un projecte interessant, si vols contactar amb [&hellip;]<\/p>\n","protected":false},"author":10,"featured_media":10439,"comment_status":"closed","ping_status":"closed","sticky":false,"template":"","format":"standard","meta":{"site-sidebar-layout":"default","site-content-layout":"","ast-site-content-layout":"","site-content-style":"default","site-sidebar-style":"default","ast-global-header-display":"","ast-banner-title-visibility":"","ast-main-header-display":"","ast-hfb-above-header-display":"","ast-hfb-below-header-display":"","ast-hfb-mobile-header-display":"","site-post-title":"","ast-breadcrumbs-content":"","ast-featured-img":"","footer-sml-layout":"","theme-transparent-header-meta":"","adv-header-id-meta":"","stick-header-meta":"","header-above-stick-meta":"","header-main-stick-meta":"","header-below-stick-meta":"","astra-migrate-meta-layouts":"default","ast-page-background-enabled":"default","ast-page-background-meta":{"desktop":{"background-color":"var(--ast-global-color-4)","background-image":"","background-repeat":"repeat","background-position":"center center","background-size":"auto","background-attachment":"scroll","background-type":"","background-media":"","overlay-type":"","overlay-color":"","overlay-opacity":"","overlay-gradient":""},"tablet":{"background-color":"","background-image":"","background-repeat":"repeat","background-position":"center center","background-size":"auto","background-attachment":"scroll","background-type":"","background-media":"","overlay-type":"","overlay-color":"","overlay-opacity":"","overlay-gradient":""},"mobile":{"background-color":"","background-image":"","background-repeat":"repeat","background-position":"center center","background-size":"auto","background-attachment":"scroll","background-type":"","background-media":"","overlay-type":"","overlay-color":"","overlay-opacity":"","overlay-gradient":""}},"ast-content-background-meta":{"desktop":{"background-color":"var(--ast-global-color-5)","background-image":"","background-repeat":"repeat","background-position":"center center","background-size":"auto","background-attachment":"scroll","background-type":"","background-media":"","overlay-type":"","overlay-color":"","overlay-opacity":"","overlay-gradient":""},"tablet":{"background-color":"var(--ast-global-color-5)","background-image":"","background-repeat":"repeat","background-position":"center center","background-size":"auto","background-attachment":"scroll","background-type":"","background-media":"","overlay-type":"","overlay-color":"","overlay-opacity":"","overlay-gradient":""},"mobile":{"background-color":"var(--ast-global-color-5)","background-image":"","background-repeat":"repeat","background-position":"center center","background-size":"auto","background-attachment":"scroll","background-type":"","background-media":"","overlay-type":"","overlay-color":"","overlay-opacity":"","overlay-gradient":""}},"footnotes":""},"categories":[64,154,288,29,76],"tags":[],"class_list":["post-10438","post","type-post","status-publish","format-standard","has-post-thumbnail","hentry","category-comunitat","category-formacio","category-innovafp","category-portada","category-recursos"],"post_mailing_queue_ids":[],"_links":{"self":[{"href":"https:\/\/projectes.xtec.cat\/programesiprojectesfp\/wp-json\/wp\/v2\/posts\/10438","targetHints":{"allow":["GET"]}}],"collection":[{"href":"https:\/\/projectes.xtec.cat\/programesiprojectesfp\/wp-json\/wp\/v2\/posts"}],"about":[{"href":"https:\/\/projectes.xtec.cat\/programesiprojectesfp\/wp-json\/wp\/v2\/types\/post"}],"author":[{"embeddable":true,"href":"https:\/\/projectes.xtec.cat\/programesiprojectesfp\/wp-json\/wp\/v2\/users\/10"}],"replies":[{"embeddable":true,"href":"https:\/\/projectes.xtec.cat\/programesiprojectesfp\/wp-json\/wp\/v2\/comments?post=10438"}],"version-history":[{"count":3,"href":"https:\/\/projectes.xtec.cat\/programesiprojectesfp\/wp-json\/wp\/v2\/posts\/10438\/revisions"}],"predecessor-version":[{"id":10447,"href":"https:\/\/projectes.xtec.cat\/programesiprojectesfp\/wp-json\/wp\/v2\/posts\/10438\/revisions\/10447"}],"wp:featuredmedia":[{"embeddable":true,"href":"https:\/\/projectes.xtec.cat\/programesiprojectesfp\/wp-json\/wp\/v2\/media\/10439"}],"wp:attachment":[{"href":"https:\/\/projectes.xtec.cat\/programesiprojectesfp\/wp-json\/wp\/v2\/media?parent=10438"}],"wp:term":[{"taxonomy":"category","embeddable":true,"href":"https:\/\/projectes.xtec.cat\/programesiprojectesfp\/wp-json\/wp\/v2\/categories?post=10438"},{"taxonomy":"post_tag","embeddable":true,"href":"https:\/\/projectes.xtec.cat\/programesiprojectesfp\/wp-json\/wp\/v2\/tags?post=10438"}],"curies":[{"name":"wp","href":"https:\/\/api.w.org\/{rel}","templated":true}]}}