{"id":10458,"date":"2021-06-04T01:18:50","date_gmt":"2021-06-03T23:18:50","guid":{"rendered":"https:\/\/projectes.xtec.cat\/impulsfp\/?p=10458"},"modified":"2021-06-04T01:22:32","modified_gmt":"2021-06-03T23:22:32","slug":"jornades-orientafp-1-i-2-de-juliol","status":"publish","type":"post","link":"https:\/\/projectes.xtec.cat\/programesiprojectesfp\/general\/jornades-orientafp-1-i-2-de-juliol\/","title":{"rendered":"Jornades OrientaFP 1 i 2 de juliol"},"content":{"rendered":"<p><a href=\"https:\/\/orientafp.reunim.cat\/\"><img loading=\"lazy\" decoding=\"async\" class=\"size-large wp-image-10459 aligncenter\" src=\"https:\/\/projectes.xtec.cat\/impulsfp\/wp-content\/uploads\/usu2078\/2021\/06\/image-1-1024x512.png\" alt=\"\" width=\"1024\" height=\"512\" srcset=\"https:\/\/projectes.xtec.cat\/programesiprojectesfp\/wp-content\/uploads\/usu2078\/2021\/06\/image-1-1024x512.png 1024w, https:\/\/projectes.xtec.cat\/programesiprojectesfp\/wp-content\/uploads\/usu2078\/2021\/06\/image-1-300x150.png 300w, https:\/\/projectes.xtec.cat\/programesiprojectesfp\/wp-content\/uploads\/usu2078\/2021\/06\/image-1-768x384.png 768w, https:\/\/projectes.xtec.cat\/programesiprojectesfp\/wp-content\/uploads\/usu2078\/2021\/06\/image-1.png 1280w\" sizes=\"auto, (max-width: 1024px) 100vw, 1024px\" \/><\/a><\/p>\n<ul>\n<li>Aquesta primera edici\u00f3 de les <a href=\"https:\/\/orientafp.reunim.cat\/\">Jornades OrientaFP,<\/a> proposa una reflexi\u00f3 sobre els rols canviants del professorat davant les transformacions de la formaci\u00f3 professional i el seu ecosistema, aix\u00ed com els seus reptes de futur.El professorat \u00e9s clau a l&#8217;hora de fidelitzar el comprom\u00eds de les joves i els joves amb la seva formaci\u00f3, i a l&#8217;hora d&#8217;impulsar la millora i la innovaci\u00f3 en els centres.<br \/>\nL&#8217;activitat docent de professorat de formaci\u00f3 professional \u00e9s especialment complexa i abasta tot un seguit de compet\u00e8ncies, habilitats i pr\u00e0ctiques, que naveguen entre el m\u00f3n laboral i escolar, en un exercici constant de traducci\u00f3 i adaptaci\u00f3.En els \u00faltims anys, la progressiva transformaci\u00f3 de les metodologies docents, la generalitzaci\u00f3 dels recursos digitals, la implementaci\u00f3 de el r\u00e8gim Dual, o la col\u00b7laboraci\u00f3 m\u00e9s estreta en projectes de tot tipus amb el sistema productiu i l&#8217;entorn social i cultural de el centre, han modificat les posicions ocupades pel professorat de formaci\u00f3 professional en aules i tallers.<\/p>\n<p>Quines compet\u00e8ncies ha hagut de desenvolupar el professorat, o quins s\u00f3n els seus l\u00edmits i possibilitats al abordar aquestes transformacions de l&#8217;FP, s\u00f3n algunes de les q\u00fcestions que guiaran la reflexi\u00f3 durant la<a href=\"https:\/\/orientafp.reunim.cat\/\"> Jornada OrientaFP<\/a> l&#8217;1 i 2 de juliol, en les quals, a trav\u00e9s de diferents escenaris clau, i acompanyats per actors rellevants, es parlar\u00e0 i es pensar\u00e0 sobre els rols de professorat de formaci\u00f3 professional d&#8217;avui i de el futur.<\/li>\n<\/ul>\n<ul>\n<li><b>P\u00fablic Objectiu:\u00a0<\/b>docents, tutors d&#8217;empreses, gestors d&#8217;\u00e0mbits diversos relacionats amb l&#8217;FP.<\/li>\n<li><b>Inscripcions:<\/b>\u00a0<a href=\"https:\/\/l.instagram.com\/?u=https%3A%2F%2Forientafp.reunim.cat%2F&amp;e=ATN0bHpIGd-_PUn8Y9AWAzW78nXLNWzOHt36wJUnH-30t4sRnSxX7hsqH9HcSfnRsJYPaOnkFcrUpSDagh6qWZE&amp;s=1\" target=\"_blank\" rel=\"noopener noreferrer\" data-saferedirecturl=\"https:\/\/www.google.com\/url?q=https:\/\/l.instagram.com\/?u%3Dhttps%253A%252F%252Forientafp.reunim.cat%252F%26e%3DATN0bHpIGd-_PUn8Y9AWAzW78nXLNWzOHt36wJUnH-30t4sRnSxX7hsqH9HcSfnRsJYPaOnkFcrUpSDagh6qWZE%26s%3D1&amp;source=gmail&amp;ust=1622848377217000&amp;usg=AFQjCNFuM1ZB_YddTQqMiBRwAdhN5yxDYw\">orientafp.<wbr \/>reunim.cat<\/a><\/li>\n<li><b>Xarxes socials de l&#8217;esdeveniment<\/b>: twitter: @JOrientafp ; Instagram: <span class=\"atwho-query\">@jornadesorientafp.<\/span><\/li>\n<\/ul>\n","protected":false},"excerpt":{"rendered":"<p>Aquesta primera edici\u00f3 de les Jornades OrientaFP, proposa una reflexi\u00f3 sobre els rols canviants del professorat davant les transformacions de la formaci\u00f3 professional i el seu ecosistema, aix\u00ed com els seus reptes de futur.El professorat \u00e9s clau a l&#8217;hora de fidelitzar el comprom\u00eds de les joves i els joves amb la seva formaci\u00f3, i a [&hellip;]<\/p>\n","protected":false},"author":1,"featured_media":10459,"comment_status":"closed","ping_status":"closed","sticky":false,"template":"","format":"standard","meta":{"site-sidebar-layout":"default","site-content-layout":"","ast-site-content-layout":"","site-content-style":"default","site-sidebar-style":"default","ast-global-header-display":"","ast-banner-title-visibility":"","ast-main-header-display":"","ast-hfb-above-header-display":"","ast-hfb-below-header-display":"","ast-hfb-mobile-header-display":"","site-post-title":"","ast-breadcrumbs-content":"","ast-featured-img":"","footer-sml-layout":"","theme-transparent-header-meta":"","adv-header-id-meta":"","stick-header-meta":"","header-above-stick-meta":"","header-main-stick-meta":"","header-below-stick-meta":"","astra-migrate-meta-layouts":"default","ast-page-background-enabled":"default","ast-page-background-meta":{"desktop":{"background-color":"var(--ast-global-color-4)","background-image":"","background-repeat":"repeat","background-position":"center center","background-size":"auto","background-attachment":"scroll","background-type":"","background-media":"","overlay-type":"","overlay-color":"","overlay-opacity":"","overlay-gradient":""},"tablet":{"background-color":"","background-image":"","background-repeat":"repeat","background-position":"center center","background-size":"auto","background-attachment":"scroll","background-type":"","background-media":"","overlay-type":"","overlay-color":"","overlay-opacity":"","overlay-gradient":""},"mobile":{"background-color":"","background-image":"","background-repeat":"repeat","background-position":"center center","background-size":"auto","background-attachment":"scroll","background-type":"","background-media":"","overlay-type":"","overlay-color":"","overlay-opacity":"","overlay-gradient":""}},"ast-content-background-meta":{"desktop":{"background-color":"var(--ast-global-color-5)","background-image":"","background-repeat":"repeat","background-position":"center center","background-size":"auto","background-attachment":"scroll","background-type":"","background-media":"","overlay-type":"","overlay-color":"","overlay-opacity":"","overlay-gradient":""},"tablet":{"background-color":"var(--ast-global-color-5)","background-image":"","background-repeat":"repeat","background-position":"center center","background-size":"auto","background-attachment":"scroll","background-type":"","background-media":"","overlay-type":"","overlay-color":"","overlay-opacity":"","overlay-gradient":""},"mobile":{"background-color":"var(--ast-global-color-5)","background-image":"","background-repeat":"repeat","background-position":"center center","background-size":"auto","background-attachment":"scroll","background-type":"","background-media":"","overlay-type":"","overlay-color":"","overlay-opacity":"","overlay-gradient":""}},"footnotes":""},"categories":[1],"tags":[],"class_list":["post-10458","post","type-post","status-publish","format-standard","has-post-thumbnail","hentry","category-general"],"post_mailing_queue_ids":[],"_links":{"self":[{"href":"https:\/\/projectes.xtec.cat\/programesiprojectesfp\/wp-json\/wp\/v2\/posts\/10458","targetHints":{"allow":["GET"]}}],"collection":[{"href":"https:\/\/projectes.xtec.cat\/programesiprojectesfp\/wp-json\/wp\/v2\/posts"}],"about":[{"href":"https:\/\/projectes.xtec.cat\/programesiprojectesfp\/wp-json\/wp\/v2\/types\/post"}],"author":[{"embeddable":true,"href":"https:\/\/projectes.xtec.cat\/programesiprojectesfp\/wp-json\/wp\/v2\/users\/1"}],"replies":[{"embeddable":true,"href":"https:\/\/projectes.xtec.cat\/programesiprojectesfp\/wp-json\/wp\/v2\/comments?post=10458"}],"version-history":[{"count":3,"href":"https:\/\/projectes.xtec.cat\/programesiprojectesfp\/wp-json\/wp\/v2\/posts\/10458\/revisions"}],"predecessor-version":[{"id":10462,"href":"https:\/\/projectes.xtec.cat\/programesiprojectesfp\/wp-json\/wp\/v2\/posts\/10458\/revisions\/10462"}],"wp:featuredmedia":[{"embeddable":true,"href":"https:\/\/projectes.xtec.cat\/programesiprojectesfp\/wp-json\/wp\/v2\/media\/10459"}],"wp:attachment":[{"href":"https:\/\/projectes.xtec.cat\/programesiprojectesfp\/wp-json\/wp\/v2\/media?parent=10458"}],"wp:term":[{"taxonomy":"category","embeddable":true,"href":"https:\/\/projectes.xtec.cat\/programesiprojectesfp\/wp-json\/wp\/v2\/categories?post=10458"},{"taxonomy":"post_tag","embeddable":true,"href":"https:\/\/projectes.xtec.cat\/programesiprojectesfp\/wp-json\/wp\/v2\/tags?post=10458"}],"curies":[{"name":"wp","href":"https:\/\/api.w.org\/{rel}","templated":true}]}}