{"id":10463,"date":"2021-06-07T08:00:37","date_gmt":"2021-06-07T06:00:37","guid":{"rendered":"https:\/\/projectes.xtec.cat\/impulsfp\/?p=10463"},"modified":"2021-06-25T01:26:48","modified_gmt":"2021-06-24T23:26:48","slug":"jornada-de-cloenda-2","status":"publish","type":"post","link":"https:\/\/projectes.xtec.cat\/programesiprojectesfp\/general\/jornada-de-cloenda-2\/","title":{"rendered":"Jornada de cloenda 28 de juny"},"content":{"rendered":"<p><a href=\"https:\/\/projectes.xtec.cat\/impulsfp\/wp-content\/uploads\/usu2078\/2021\/06\/pasted-image-0.png\"><img loading=\"lazy\" decoding=\"async\" class=\"size-large wp-image-10464 aligncenter\" src=\"https:\/\/projectes.xtec.cat\/impulsfp\/wp-content\/uploads\/usu2078\/2021\/06\/pasted-image-0-1024x178.png\" alt=\"\" width=\"1024\" height=\"178\" srcset=\"https:\/\/projectes.xtec.cat\/programesiprojectesfp\/wp-content\/uploads\/usu2078\/2021\/06\/pasted-image-0-1024x178.png 1024w, https:\/\/projectes.xtec.cat\/programesiprojectesfp\/wp-content\/uploads\/usu2078\/2021\/06\/pasted-image-0-300x52.png 300w, https:\/\/projectes.xtec.cat\/programesiprojectesfp\/wp-content\/uploads\/usu2078\/2021\/06\/pasted-image-0-768x133.png 768w, https:\/\/projectes.xtec.cat\/programesiprojectesfp\/wp-content\/uploads\/usu2078\/2021\/06\/pasted-image-0.png 1511w\" sizes=\"auto, (max-width: 1024px) 100vw, 1024px\" \/><\/a><\/p>\n<p>El dia\u00a0<strong>28 de juny<\/strong>\u00a0celebrarem la\u00a0<strong>Jornada de Cloenda dels diferents Programes i projectes de la Formaci\u00f3 Professional<\/strong>.<\/p>\n<p>En aquest esdeveniment participaran el Director General de Formaci\u00f3 Professional, \u00a0Sr. \u00c0ngel l. Miguel, el Sub-director general de programes i projectes Sr. Andr\u00e9s Villena i les Caps de Servei, la Sra. M\u00edriam Mil\u00e1n G\u00f3mez dels Programes i Projectes dels Ensenyaments Professionals i la Sra. Anabel Rodr\u00edguez Membrilla dels Programes de Qualificaci\u00f3 i Iniciaci\u00f3 Professional.<\/p>\n<p>Tamb\u00e9 comptarem amb la pon\u00e8ncia a c\u00e0rrec de la Sra. Bego\u00f1a Ibarrola, psic\u00f2loga i escriptora, \u201cSin emociones no hay aprendizaje\u201d.<\/p>\n<p>L\u2019enlla\u00e7\u00a0a la p\u00e0gina web\u00a0en la que trobareu la informaci\u00f3 de\u00a0l\u2019esdeveniment \u00e9s el seg\u00fcent:\u00a0<a href=\"https:\/\/sites.google.com\/xtec.cat\/jornada-de-cloenda-2021\" data-saferedirecturl=\"https:\/\/www.google.com\/url?q=https:\/\/sites.google.com\/xtec.cat\/jornada-de-cloenda-2021&amp;source=gmail&amp;ust=1624643969404000&amp;usg=AFQjCNGAns2Wz7FJX-9QOrCEYunUz3isFA\">enlla\u00e7 al site<\/a>.<\/p>\n<p>Us podeu inscriure al seg\u00fcent enlla\u00e7:\u00a0<a href=\"https:\/\/aplicacions.gestioeducativa.gencat.cat\/pls\/soloas\/pk_for_mod_ins.p_for_detall_activitat?p_header=Llista%20d%27activitats%5Epk_for_mod_ins.p_for_cons_activitats?p_totes=N%26p_inici=111%26p_excloure_crp_rec=T&amp;p_codi=0007400600&amp;p_curs=2020-2021&amp;p_excloure_crp_rec=T\" target=\"_blank\" rel=\"noopener noreferrer\" data-saferedirecturl=\"https:\/\/www.google.com\/url?q=https:\/\/aplicacions.gestioeducativa.gencat.cat\/pls\/soloas\/pk_for_mod_ins.p_for_detall_activitat?p_header%3DLlista%2520d%2527activitats%255Epk_for_mod_ins.p_for_cons_activitats?p_totes%3DN%2526p_inici%3D111%2526p_excloure_crp_rec%3DT%26p_codi%3D0007400600%26p_curs%3D2020-2021%26p_excloure_crp_rec%3DT&amp;source=gmail&amp;ust=1624643969404000&amp;usg=AFQjCNFTbbf9yMBGTvfgcDAJHpBnI6wxrg\">https:\/\/aplicacions.gestioeducativa.gencat.cat\/pls\/soloas\/pk_for_mod_ins.p_for_detall_activitat?p_header=Llista%20d%27activitats%5Epk_for_mod_ins.p_for_cons_activitats?p_totes=N%26p_inici=111%26p_excloure_crp_rec=T&amp;p_codi=0007400600&amp;p_curs=2020-2021&amp;p_excloure_crp_rec=T<\/a><\/p>\n<p>La primera part,\u00a0<strong>de 10 a 11:30\u00a0<\/strong>\u00a0podreu seguir-a en streaming al youtube a trav\u00e9s de l\u2019enlla\u00e7:\u00a0<a href=\"https:\/\/www.youtube.com\/watch?v=bHxWIiQYols\" target=\"_blank\" rel=\"noopener noreferrer\" data-saferedirecturl=\"https:\/\/www.google.com\/url?q=https:\/\/www.youtube.com\/watch?v%3DbHxWIiQYols&amp;source=gmail&amp;ust=1624643969404000&amp;usg=AFQjCNGwEXKe5hb4sag7MuL2FdcfhIgFBA\">enlla\u00e7 a Youtube<\/a>.<\/p>\n<p>De\u00a0<strong>11:30 a 12<\/strong>\u00a0farem una pausa-descans<\/p>\n<p>De\u00a0<strong>12 a 13:30\u00a0<\/strong>segons el programa\/projecte\u00a0al que us heu inscrit, haureu de seleccionar l\u2019enlla\u00e7 a la sala corresponent.<\/p>\n<p>A continuaci\u00f3 teniu els enlla\u00e7os a totes les sales:<\/p>\n<p><strong>SALA 1. Projecte de Qualitat i Millora Cont\u00ednua<\/strong>\u00a0<a href=\"https:\/\/us02web.zoom.us\/j\/89399700255\" target=\"_blank\" rel=\"noopener noreferrer\" data-saferedirecturl=\"https:\/\/www.google.com\/url?q=https:\/\/us02web.zoom.us\/j\/89399700255&amp;source=gmail&amp;ust=1624643969404000&amp;usg=AFQjCNGFefp1sBUO_jDPNsGLWoBOuAufbA\">(enlla\u00e7 a la sala)<\/a><\/p>\n<p><strong>SALA 2. Xarxes d\u2019FP DUAL<\/strong>\u00a0<a href=\"https:\/\/us02web.zoom.us\/j\/82571102761\" target=\"_blank\" rel=\"noopener noreferrer\" data-saferedirecturl=\"https:\/\/www.google.com\/url?q=https:\/\/us02web.zoom.us\/j\/82571102761&amp;source=gmail&amp;ust=1624643969404000&amp;usg=AFQjCNEn8GfzFrCRG6B40fKAqXS91l-ZXw\">(enlla\u00e7 a la sala)<\/a><\/p>\n<p><strong>SALA 3. Xarxes de MobilitatFP<\/strong>\u00a0<a href=\"https:\/\/us02web.zoom.us\/j\/84958630481\" target=\"_blank\" rel=\"noopener noreferrer\" data-saferedirecturl=\"https:\/\/www.google.com\/url?q=https:\/\/us02web.zoom.us\/j\/84958630481&amp;source=gmail&amp;ust=1624643969404000&amp;usg=AFQjCNG_saPz3Cr4rvkEyHJrQw0dlFZo4A\">(enlla\u00e7 a la sala)<\/a><\/p>\n<p><strong>SALA 4. Xarxes d\u2019EmpresaFP<\/strong>\u00a0<a href=\"https:\/\/us02web.zoom.us\/j\/82435386243\" target=\"_blank\" rel=\"noopener noreferrer\" data-saferedirecturl=\"https:\/\/www.google.com\/url?q=https:\/\/us02web.zoom.us\/j\/82435386243&amp;source=gmail&amp;ust=1624643969404000&amp;usg=AFQjCNFqOvLbbiD0fYPqXjSK7yBfyf73TA\">(enlla\u00e7 a la sala)<\/a><\/p>\n<p><strong>SALA 5. ImpulsFP<\/strong>\u00a0<a href=\"https:\/\/us02web.zoom.us\/j\/81240937406\" target=\"_blank\" rel=\"noopener noreferrer\" data-saferedirecturl=\"https:\/\/www.google.com\/url?q=https:\/\/us02web.zoom.us\/j\/81240937406&amp;source=gmail&amp;ust=1624643969404000&amp;usg=AFQjCNGoM1QXxgQHsD8iSUv7i32JZXXbQA\">(enlla\u00e7 a la sala)<\/a><\/p>\n<p><strong>SALA 6. PFI, PTT i FIAP, IntegraFP<\/strong>\u00a0<a href=\"https:\/\/us02web.zoom.us\/j\/82863990056\" target=\"_blank\" rel=\"noopener noreferrer\" data-saferedirecturl=\"https:\/\/www.google.com\/url?q=https:\/\/us02web.zoom.us\/j\/82863990056&amp;source=gmail&amp;ust=1624643969404000&amp;usg=AFQjCNEy-hgI5Pt-xd0HJuXU0-6s6S7vZA\">(enlla\u00e7 a la sala)<\/a><\/p>\n","protected":false},"excerpt":{"rendered":"<p>El dia\u00a028 de juny\u00a0celebrarem la\u00a0Jornada de Cloenda dels diferents Programes i projectes de la Formaci\u00f3 Professional. En aquest esdeveniment participaran el Director General de Formaci\u00f3 Professional, \u00a0Sr. \u00c0ngel l. Miguel, el Sub-director general de programes i projectes Sr. Andr\u00e9s Villena i les Caps de Servei, la Sra. M\u00edriam Mil\u00e1n G\u00f3mez dels Programes i Projectes dels [&hellip;]<\/p>\n","protected":false},"author":1,"featured_media":10464,"comment_status":"closed","ping_status":"closed","sticky":false,"template":"","format":"standard","meta":{"site-sidebar-layout":"default","site-content-layout":"","ast-site-content-layout":"","site-content-style":"default","site-sidebar-style":"default","ast-global-header-display":"","ast-banner-title-visibility":"","ast-main-header-display":"","ast-hfb-above-header-display":"","ast-hfb-below-header-display":"","ast-hfb-mobile-header-display":"","site-post-title":"","ast-breadcrumbs-content":"","ast-featured-img":"","footer-sml-layout":"","theme-transparent-header-meta":"","adv-header-id-meta":"","stick-header-meta":"","header-above-stick-meta":"","header-main-stick-meta":"","header-below-stick-meta":"","astra-migrate-meta-layouts":"default","ast-page-background-enabled":"default","ast-page-background-meta":{"desktop":{"background-color":"var(--ast-global-color-4)","background-image":"","background-repeat":"repeat","background-position":"center center","background-size":"auto","background-attachment":"scroll","background-type":"","background-media":"","overlay-type":"","overlay-color":"","overlay-opacity":"","overlay-gradient":""},"tablet":{"background-color":"","background-image":"","background-repeat":"repeat","background-position":"center center","background-size":"auto","background-attachment":"scroll","background-type":"","background-media":"","overlay-type":"","overlay-color":"","overlay-opacity":"","overlay-gradient":""},"mobile":{"background-color":"","background-image":"","background-repeat":"repeat","background-position":"center center","background-size":"auto","background-attachment":"scroll","background-type":"","background-media":"","overlay-type":"","overlay-color":"","overlay-opacity":"","overlay-gradient":""}},"ast-content-background-meta":{"desktop":{"background-color":"var(--ast-global-color-5)","background-image":"","background-repeat":"repeat","background-position":"center center","background-size":"auto","background-attachment":"scroll","background-type":"","background-media":"","overlay-type":"","overlay-color":"","overlay-opacity":"","overlay-gradient":""},"tablet":{"background-color":"var(--ast-global-color-5)","background-image":"","background-repeat":"repeat","background-position":"center center","background-size":"auto","background-attachment":"scroll","background-type":"","background-media":"","overlay-type":"","overlay-color":"","overlay-opacity":"","overlay-gradient":""},"mobile":{"background-color":"var(--ast-global-color-5)","background-image":"","background-repeat":"repeat","background-position":"center center","background-size":"auto","background-attachment":"scroll","background-type":"","background-media":"","overlay-type":"","overlay-color":"","overlay-opacity":"","overlay-gradient":""}},"footnotes":""},"categories":[1],"tags":[],"class_list":["post-10463","post","type-post","status-publish","format-standard","has-post-thumbnail","hentry","category-general"],"post_mailing_queue_ids":[],"_links":{"self":[{"href":"https:\/\/projectes.xtec.cat\/programesiprojectesfp\/wp-json\/wp\/v2\/posts\/10463","targetHints":{"allow":["GET"]}}],"collection":[{"href":"https:\/\/projectes.xtec.cat\/programesiprojectesfp\/wp-json\/wp\/v2\/posts"}],"about":[{"href":"https:\/\/projectes.xtec.cat\/programesiprojectesfp\/wp-json\/wp\/v2\/types\/post"}],"author":[{"embeddable":true,"href":"https:\/\/projectes.xtec.cat\/programesiprojectesfp\/wp-json\/wp\/v2\/users\/1"}],"replies":[{"embeddable":true,"href":"https:\/\/projectes.xtec.cat\/programesiprojectesfp\/wp-json\/wp\/v2\/comments?post=10463"}],"version-history":[{"count":3,"href":"https:\/\/projectes.xtec.cat\/programesiprojectesfp\/wp-json\/wp\/v2\/posts\/10463\/revisions"}],"predecessor-version":[{"id":10518,"href":"https:\/\/projectes.xtec.cat\/programesiprojectesfp\/wp-json\/wp\/v2\/posts\/10463\/revisions\/10518"}],"wp:featuredmedia":[{"embeddable":true,"href":"https:\/\/projectes.xtec.cat\/programesiprojectesfp\/wp-json\/wp\/v2\/media\/10464"}],"wp:attachment":[{"href":"https:\/\/projectes.xtec.cat\/programesiprojectesfp\/wp-json\/wp\/v2\/media?parent=10463"}],"wp:term":[{"taxonomy":"category","embeddable":true,"href":"https:\/\/projectes.xtec.cat\/programesiprojectesfp\/wp-json\/wp\/v2\/categories?post=10463"},{"taxonomy":"post_tag","embeddable":true,"href":"https:\/\/projectes.xtec.cat\/programesiprojectesfp\/wp-json\/wp\/v2\/tags?post=10463"}],"curies":[{"name":"wp","href":"https:\/\/api.w.org\/{rel}","templated":true}]}}