{"id":10467,"date":"2021-06-08T07:04:05","date_gmt":"2021-06-08T05:04:05","guid":{"rendered":"https:\/\/projectes.xtec.cat\/impulsfp\/?p=10467"},"modified":"2021-06-04T05:06:45","modified_gmt":"2021-06-04T03:06:45","slug":"qcampusfp21","status":"publish","type":"post","link":"https:\/\/projectes.xtec.cat\/programesiprojectesfp\/general\/qcampusfp21\/","title":{"rendered":"qCampusFP#21"},"content":{"rendered":"<p style=\"text-align: center;\"><a href=\"https:\/\/sites.google.com\/xtec.cat\/qcampusfp2021\/inici\"><img loading=\"lazy\" decoding=\"async\" class=\"alignnone size-full wp-image-10468\" src=\"https:\/\/projectes.xtec.cat\/impulsfp\/wp-content\/uploads\/usu2078\/2021\/06\/unnamed.png\" alt=\"\" width=\"863\" height=\"307\" srcset=\"https:\/\/projectes.xtec.cat\/programesiprojectesfp\/wp-content\/uploads\/usu2078\/2021\/06\/unnamed.png 863w, https:\/\/projectes.xtec.cat\/programesiprojectesfp\/wp-content\/uploads\/usu2078\/2021\/06\/unnamed-300x107.png 300w, https:\/\/projectes.xtec.cat\/programesiprojectesfp\/wp-content\/uploads\/usu2078\/2021\/06\/unnamed-768x273.png 768w\" sizes=\"auto, (max-width: 863px) 100vw, 863px\" \/><\/a><\/p>\n<p>&nbsp;<\/p>\n<p style=\"font-weight: 400;\">De\u00a0<strong>l\u20191 al 7 de juliol<\/strong>, docents de tot Catalunya podran assistir en l\u00ednia al campus d&#8217;estiu<a href=\"https:\/\/sites.google.com\/xtec.cat\/qcampusfp2021\/inici\">\u00a0<strong>qCampusFP# 2021<\/strong><\/a>\u00a0organitzat per la Sub-direcci\u00f3 General de Programes i Projectes dins de la Direcci\u00f3 General d&#8217;FPiERE, aquest curs m\u00e9s internacional que mai amb ponents i participants d&#8217;arreu d&#8217;Europa.<\/p>\n<p style=\"font-weight: 400;\">El qCampus \u00e9s una experi\u00e8ncia pionera a nivell europeu, en la que durant una setmana a l&#8217;any, professors i professores des de l&#8217;any 2006, participen en activitats formatives amb l&#8217;objectiu d&#8217;incrementar el coneixement de conceptes, eines i sistemes de gesti\u00f3 de la Qualitat, tant pel professorat dels centres que formen part d&#8217;algun dels programes i projectes de la sub-direcci\u00f3 d\u2019FP del Departament d&#8217;Educaci\u00f3, com pel professorat d&#8217;altres centres que puguin estar interessats. La formaci\u00f3 \u00e9s complement\u00e0ria o b\u00e9 d&#8217;introducci\u00f3 a la desenvolupada dins dels grups de treballs i Xarxes dels Programes \u00a0de la sub-direcci\u00f3; la metodologia emprada combina els conceptes, l&#8217;estudi de casos i la realitzaci\u00f3 d&#8217;activitats, amb la finalitat d&#8217;establir xarxes de coneixement i incrementar el valor de les relacions i la cooperaci\u00f3 que es cre\u00ef durant la setmana que dura l&#8217;esdeveniment.<\/p>\n<p style=\"font-weight: 400;\">\n<p style=\"font-weight: 400;\">Aquest curs l&#8217;oferta formativa augmenta significativament per tal d\u2019ampliar l\u2019abast dels programes d\u2019innovaci\u00f3 a l\u2019FP, amb m\u00e9s de 70 cursos diferents proposats pels diferents programes i projectes:<\/p>\n<p style=\"font-weight: 400;\">\u25a0\u00a0\u00a0\u00a0\u00a0\u00a0\u00a0ImpulsFP: ActivaFP, OrientaFP, Empr\u00e8nFP, FuturaFP, Catskills i InnovaFP<\/p>\n<p style=\"font-weight: 400;\">\u25a0\u00a0\u00a0\u00a0\u00a0\u00a0\u00a0Els Programes de Formaci\u00f3 i Inserci\u00f3 (PFI)<\/p>\n<p style=\"font-weight: 400;\">\u25a0\u00a0\u00a0\u00a0\u00a0\u00a0\u00a0FP dual<\/p>\n<p style=\"font-weight: 400;\">\u25a0\u00a0\u00a0\u00a0\u00a0\u00a0\u00a0Mobilitat internacional<\/p>\n<p style=\"font-weight: 400;\">\u25a0\u00a0\u00a0\u00a0\u00a0\u00a0\u00a0EmpresaFP<\/p>\n<p style=\"font-weight: 400;\">\u25a0\u00a0\u00a0\u00a0\u00a0\u00a0\u00a0IntegraFP<\/p>\n<p style=\"font-weight: 400;\">\u25a0\u00a0\u00a0\u00a0\u00a0\u00a0\u00a0Projecte de Qualitat i Millora Cont\u00ednua<\/p>\n","protected":false},"excerpt":{"rendered":"<p>&nbsp; De\u00a0l\u20191 al 7 de juliol, docents de tot Catalunya podran assistir en l\u00ednia al campus d&#8217;estiu\u00a0qCampusFP# 2021\u00a0organitzat per la Sub-direcci\u00f3 General de Programes i Projectes dins de la Direcci\u00f3 General d&#8217;FPiERE, aquest curs m\u00e9s internacional que mai amb ponents i participants d&#8217;arreu d&#8217;Europa. El qCampus \u00e9s una experi\u00e8ncia pionera a nivell europeu, en la [&hellip;]<\/p>\n","protected":false},"author":1,"featured_media":10468,"comment_status":"closed","ping_status":"closed","sticky":false,"template":"","format":"standard","meta":{"site-sidebar-layout":"default","site-content-layout":"","ast-site-content-layout":"","site-content-style":"default","site-sidebar-style":"default","ast-global-header-display":"","ast-banner-title-visibility":"","ast-main-header-display":"","ast-hfb-above-header-display":"","ast-hfb-below-header-display":"","ast-hfb-mobile-header-display":"","site-post-title":"","ast-breadcrumbs-content":"","ast-featured-img":"","footer-sml-layout":"","theme-transparent-header-meta":"","adv-header-id-meta":"","stick-header-meta":"","header-above-stick-meta":"","header-main-stick-meta":"","header-below-stick-meta":"","astra-migrate-meta-layouts":"default","ast-page-background-enabled":"default","ast-page-background-meta":{"desktop":{"background-color":"var(--ast-global-color-4)","background-image":"","background-repeat":"repeat","background-position":"center center","background-size":"auto","background-attachment":"scroll","background-type":"","background-media":"","overlay-type":"","overlay-color":"","overlay-opacity":"","overlay-gradient":""},"tablet":{"background-color":"","background-image":"","background-repeat":"repeat","background-position":"center center","background-size":"auto","background-attachment":"scroll","background-type":"","background-media":"","overlay-type":"","overlay-color":"","overlay-opacity":"","overlay-gradient":""},"mobile":{"background-color":"","background-image":"","background-repeat":"repeat","background-position":"center center","background-size":"auto","background-attachment":"scroll","background-type":"","background-media":"","overlay-type":"","overlay-color":"","overlay-opacity":"","overlay-gradient":""}},"ast-content-background-meta":{"desktop":{"background-color":"var(--ast-global-color-5)","background-image":"","background-repeat":"repeat","background-position":"center center","background-size":"auto","background-attachment":"scroll","background-type":"","background-media":"","overlay-type":"","overlay-color":"","overlay-opacity":"","overlay-gradient":""},"tablet":{"background-color":"var(--ast-global-color-5)","background-image":"","background-repeat":"repeat","background-position":"center center","background-size":"auto","background-attachment":"scroll","background-type":"","background-media":"","overlay-type":"","overlay-color":"","overlay-opacity":"","overlay-gradient":""},"mobile":{"background-color":"var(--ast-global-color-5)","background-image":"","background-repeat":"repeat","background-position":"center center","background-size":"auto","background-attachment":"scroll","background-type":"","background-media":"","overlay-type":"","overlay-color":"","overlay-opacity":"","overlay-gradient":""}},"footnotes":""},"categories":[1],"tags":[],"class_list":["post-10467","post","type-post","status-publish","format-standard","has-post-thumbnail","hentry","category-general"],"post_mailing_queue_ids":[],"_links":{"self":[{"href":"https:\/\/projectes.xtec.cat\/programesiprojectesfp\/wp-json\/wp\/v2\/posts\/10467","targetHints":{"allow":["GET"]}}],"collection":[{"href":"https:\/\/projectes.xtec.cat\/programesiprojectesfp\/wp-json\/wp\/v2\/posts"}],"about":[{"href":"https:\/\/projectes.xtec.cat\/programesiprojectesfp\/wp-json\/wp\/v2\/types\/post"}],"author":[{"embeddable":true,"href":"https:\/\/projectes.xtec.cat\/programesiprojectesfp\/wp-json\/wp\/v2\/users\/1"}],"replies":[{"embeddable":true,"href":"https:\/\/projectes.xtec.cat\/programesiprojectesfp\/wp-json\/wp\/v2\/comments?post=10467"}],"version-history":[{"count":1,"href":"https:\/\/projectes.xtec.cat\/programesiprojectesfp\/wp-json\/wp\/v2\/posts\/10467\/revisions"}],"predecessor-version":[{"id":10469,"href":"https:\/\/projectes.xtec.cat\/programesiprojectesfp\/wp-json\/wp\/v2\/posts\/10467\/revisions\/10469"}],"wp:featuredmedia":[{"embeddable":true,"href":"https:\/\/projectes.xtec.cat\/programesiprojectesfp\/wp-json\/wp\/v2\/media\/10468"}],"wp:attachment":[{"href":"https:\/\/projectes.xtec.cat\/programesiprojectesfp\/wp-json\/wp\/v2\/media?parent=10467"}],"wp:term":[{"taxonomy":"category","embeddable":true,"href":"https:\/\/projectes.xtec.cat\/programesiprojectesfp\/wp-json\/wp\/v2\/categories?post=10467"},{"taxonomy":"post_tag","embeddable":true,"href":"https:\/\/projectes.xtec.cat\/programesiprojectesfp\/wp-json\/wp\/v2\/tags?post=10467"}],"curies":[{"name":"wp","href":"https:\/\/api.w.org\/{rel}","templated":true}]}}