{"id":10769,"date":"2022-02-28T17:31:45","date_gmt":"2022-02-28T16:31:45","guid":{"rendered":"https:\/\/projectes.xtec.cat\/impulsfp\/?p=10769"},"modified":"2022-02-28T17:31:45","modified_gmt":"2022-02-28T16:31:45","slug":"jornada-dones-ciencia-i-tecnologia","status":"publish","type":"post","link":"https:\/\/projectes.xtec.cat\/programesiprojectesfp\/general\/jornada-dones-ciencia-i-tecnologia\/","title":{"rendered":"JORNADA DONES, CI\u00c8NCIA I TECNOLOGIA"},"content":{"rendered":"<p><a href=\"https:\/\/projectes.xtec.cat\/impulsfp\/wp-content\/uploads\/usu2078\/2022\/02\/Presentacio-sense-titol-1.jpg\"><img loading=\"lazy\" decoding=\"async\" class=\"alignnone size-full wp-image-10771\" src=\"https:\/\/projectes.xtec.cat\/impulsfp\/wp-content\/uploads\/usu2078\/2022\/02\/Presentacio-sense-titol-1.jpg\" alt=\"\" width=\"793\" height=\"830\" srcset=\"https:\/\/projectes.xtec.cat\/programesiprojectesfp\/wp-content\/uploads\/usu2078\/2022\/02\/Presentacio-sense-titol-1.jpg 793w, https:\/\/projectes.xtec.cat\/programesiprojectesfp\/wp-content\/uploads\/usu2078\/2022\/02\/Presentacio-sense-titol-1-287x300.jpg 287w, https:\/\/projectes.xtec.cat\/programesiprojectesfp\/wp-content\/uploads\/usu2078\/2022\/02\/Presentacio-sense-titol-1-768x804.jpg 768w\" sizes=\"auto, (max-width: 793px) 100vw, 793px\" \/><\/a><\/p>\n<p><span style=\"font-weight: 400;\">L\u2019Ajuntament de Terrassa, a trav\u00e9s de les regidories de Pol\u00edtiques de G\u00e8nere i d\u2019Universitats, i en col\u00b7laboraci\u00f3 amb l\u2019Escola Superior d\u2019Enginyeries Industrial, Aeroespacials i Audiovisuals de Terrassa (ESEIAAT-UPC), l\u2019Escola Universit\u00e0ria d\u2019Infermeria i Ter\u00e0pia Ocupacional de Terrassa (EUIT), la C\u00e0tedra UNESCO de Sostenibilitat i la Societat Catalana de Tecnologia (SCT), organitzen\u00a0la<\/span><b>\u00a0II Jornada Dones, Ci\u00e8ncia i Tecnologia\u00a0\u2013\u00a0WSCITECH<\/b><span style=\"font-weight: 400;\">\u00a0que se celebrar\u00e0 el\u00a0<\/span><b>dia 4 de mar\u00e7<\/b><span style=\"font-weight: 400;\">\u00a0en presencial al\u00a0<\/span><b>Vapor Universitari\u00a0(C\/Colom 114)<\/b><span style=\"font-weight: 400;\">\u00a0i ser\u00e0 emesa\u00a0pel canal YouTube de\u00a0l\u2019Ajuntament\u00a0de Terrassa.<\/span><\/p>\n<p><span style=\"font-weight: 400;\">\u00a0<\/span><span style=\"font-weight: 400;\"><br \/>\n<\/span><span style=\"font-weight: 400;\">L&#8217;objectiu de la Jornada, condu\u00efda per la periodista\u00a0Mari Pau Huguet,\u00a0\u00e9s preparar i assentar les bases de la 3a\u00a0edici\u00f3 del Congr\u00e9s Dones, Ci\u00e8ncia i Tecnologia\u00a0WSCITECH\u00a02023,\u00a0amb la voluntat de<\/span><b>\u00a0fomentar les vocacions cient\u00edfiques entre les\u00a0noies, posar en valor les aportacions de dones que treballen en\u00a0diferents disciplines i integrar la perspectiva de g\u00e8nere en totes les\u00a0esferes de l&#8217;\u00e0mbit acad\u00e8mic i educatiu.<\/b><\/p>\n<p><span style=\"font-weight: 400;\">El fil conductor d\u2019enguany \u00e9s la\u00a0<\/span><b>DONA i\u00a0l\u2019ESPAI<\/b><span style=\"font-weight: 400;\">, entenent el terme\u00a0\u201cespai\u201d\u00a0des\u00a0de les seves m\u00faltiples accepcions i, per tant, analitzant\u00a0la relaci\u00f3 entre dona i espai\u00a0des\u00a0dels diferents \u00e0mbits en qu\u00e8\u00a0s\u2019estructura\u00a0el congr\u00e9s: Ci\u00e8ncia i Tecnologia, Salut i Comunicaci\u00f3.<\/span><\/p>\n<p>&nbsp;<\/p>\n<p><span style=\"font-weight: 400;\">A la p\u00e0gina web\u00a0<\/span><a href=\"https:\/\/www.terrassa.cat\/wscitech22-jornada\"><span style=\"font-weight: 400;\">https:\/\/www.terrassa.cat\/wscitech22-jornada<\/span><\/a><span style=\"font-weight: 400;\">\u00a0podreu trobar m\u00e9s informaci\u00f3\u00a0pel que fa\u00a0al<\/span><b>\u00a0programa<\/b><span style=\"font-weight: 400;\">, pon\u00e8ncies i podeu confirmar la vostra assist\u00e8ncia en presencial emplenant aquest\u00a0<\/span><a href=\"https:\/\/docs.google.com\/forms\/d\/e\/1FAIpQLSfCA1dVpEadIRn33YAmEf7FFc6XyWdVC72UNFEMkcCTdURz_g\/viewform\"><span style=\"font-weight: 400;\">formulari<\/span><\/a><span style=\"font-weight: 400;\">.<\/span><\/p>\n","protected":false},"excerpt":{"rendered":"<p>L\u2019Ajuntament de Terrassa, a trav\u00e9s de les regidories de Pol\u00edtiques de G\u00e8nere i d\u2019Universitats, i en col\u00b7laboraci\u00f3 amb l\u2019Escola Superior d\u2019Enginyeries Industrial, Aeroespacials i Audiovisuals de Terrassa (ESEIAAT-UPC), l\u2019Escola Universit\u00e0ria d\u2019Infermeria i Ter\u00e0pia Ocupacional de Terrassa (EUIT), la C\u00e0tedra UNESCO de Sostenibilitat i la Societat Catalana de Tecnologia (SCT), organitzen\u00a0la\u00a0II Jornada Dones, Ci\u00e8ncia i Tecnologia\u00a0\u2013\u00a0WSCITECH\u00a0que [&hellip;]<\/p>\n","protected":false},"author":1,"featured_media":10770,"comment_status":"closed","ping_status":"closed","sticky":false,"template":"","format":"standard","meta":{"site-sidebar-layout":"default","site-content-layout":"","ast-site-content-layout":"","site-content-style":"default","site-sidebar-style":"default","ast-global-header-display":"","ast-banner-title-visibility":"","ast-main-header-display":"","ast-hfb-above-header-display":"","ast-hfb-below-header-display":"","ast-hfb-mobile-header-display":"","site-post-title":"","ast-breadcrumbs-content":"","ast-featured-img":"","footer-sml-layout":"","theme-transparent-header-meta":"","adv-header-id-meta":"","stick-header-meta":"","header-above-stick-meta":"","header-main-stick-meta":"","header-below-stick-meta":"","astra-migrate-meta-layouts":"default","ast-page-background-enabled":"default","ast-page-background-meta":{"desktop":{"background-color":"var(--ast-global-color-4)","background-image":"","background-repeat":"repeat","background-position":"center center","background-size":"auto","background-attachment":"scroll","background-type":"","background-media":"","overlay-type":"","overlay-color":"","overlay-opacity":"","overlay-gradient":""},"tablet":{"background-color":"","background-image":"","background-repeat":"repeat","background-position":"center center","background-size":"auto","background-attachment":"scroll","background-type":"","background-media":"","overlay-type":"","overlay-color":"","overlay-opacity":"","overlay-gradient":""},"mobile":{"background-color":"","background-image":"","background-repeat":"repeat","background-position":"center center","background-size":"auto","background-attachment":"scroll","background-type":"","background-media":"","overlay-type":"","overlay-color":"","overlay-opacity":"","overlay-gradient":""}},"ast-content-background-meta":{"desktop":{"background-color":"var(--ast-global-color-5)","background-image":"","background-repeat":"repeat","background-position":"center center","background-size":"auto","background-attachment":"scroll","background-type":"","background-media":"","overlay-type":"","overlay-color":"","overlay-opacity":"","overlay-gradient":""},"tablet":{"background-color":"var(--ast-global-color-5)","background-image":"","background-repeat":"repeat","background-position":"center center","background-size":"auto","background-attachment":"scroll","background-type":"","background-media":"","overlay-type":"","overlay-color":"","overlay-opacity":"","overlay-gradient":""},"mobile":{"background-color":"var(--ast-global-color-5)","background-image":"","background-repeat":"repeat","background-position":"center center","background-size":"auto","background-attachment":"scroll","background-type":"","background-media":"","overlay-type":"","overlay-color":"","overlay-opacity":"","overlay-gradient":""}},"footnotes":""},"categories":[1],"tags":[],"class_list":["post-10769","post","type-post","status-publish","format-standard","has-post-thumbnail","hentry","category-general"],"post_mailing_queue_ids":[],"_links":{"self":[{"href":"https:\/\/projectes.xtec.cat\/programesiprojectesfp\/wp-json\/wp\/v2\/posts\/10769","targetHints":{"allow":["GET"]}}],"collection":[{"href":"https:\/\/projectes.xtec.cat\/programesiprojectesfp\/wp-json\/wp\/v2\/posts"}],"about":[{"href":"https:\/\/projectes.xtec.cat\/programesiprojectesfp\/wp-json\/wp\/v2\/types\/post"}],"author":[{"embeddable":true,"href":"https:\/\/projectes.xtec.cat\/programesiprojectesfp\/wp-json\/wp\/v2\/users\/1"}],"replies":[{"embeddable":true,"href":"https:\/\/projectes.xtec.cat\/programesiprojectesfp\/wp-json\/wp\/v2\/comments?post=10769"}],"version-history":[{"count":1,"href":"https:\/\/projectes.xtec.cat\/programesiprojectesfp\/wp-json\/wp\/v2\/posts\/10769\/revisions"}],"predecessor-version":[{"id":10772,"href":"https:\/\/projectes.xtec.cat\/programesiprojectesfp\/wp-json\/wp\/v2\/posts\/10769\/revisions\/10772"}],"wp:featuredmedia":[{"embeddable":true,"href":"https:\/\/projectes.xtec.cat\/programesiprojectesfp\/wp-json\/wp\/v2\/media\/10770"}],"wp:attachment":[{"href":"https:\/\/projectes.xtec.cat\/programesiprojectesfp\/wp-json\/wp\/v2\/media?parent=10769"}],"wp:term":[{"taxonomy":"category","embeddable":true,"href":"https:\/\/projectes.xtec.cat\/programesiprojectesfp\/wp-json\/wp\/v2\/categories?post=10769"},{"taxonomy":"post_tag","embeddable":true,"href":"https:\/\/projectes.xtec.cat\/programesiprojectesfp\/wp-json\/wp\/v2\/tags?post=10769"}],"curies":[{"name":"wp","href":"https:\/\/api.w.org\/{rel}","templated":true}]}}