{"id":10907,"date":"2022-03-28T09:00:00","date_gmt":"2022-03-28T07:00:00","guid":{"rendered":"https:\/\/projectes.xtec.cat\/impulsfp\/?p=10907"},"modified":"2022-03-27T21:53:15","modified_gmt":"2022-03-27T19:53:15","slug":"teixint-aprenentatges","status":"publish","type":"post","link":"https:\/\/projectes.xtec.cat\/programesiprojectesfp\/general\/teixint-aprenentatges\/","title":{"rendered":"Teixint aprenentatges"},"content":{"rendered":"<h5><span style=\"font-weight: 400;\">Ordint i tramant com llan\u00e7adores d\u2019aprenentatges<\/span><\/h5>\n<p><span style=\"font-weight: 400;\">Tanquem la tercera setmana de <\/span><b>l\u2019ActivaFP MOOC <\/b><span style=\"font-weight: 400;\">i aix\u00f2 ja fa baixada, quan portes fet un 75% d\u2019un repte, el 25% restant ja es fa amb la motivaci\u00f3 d\u2019estar a prop d\u2019aconseguir l\u2019objectiu personal que en donar el primer pas t\u2019havies marcat. \u00c9s moment d\u2019aturar-se, respirar, mirar el paisatge que has deixat enrere (podeu mirar les aportacions dels vostres portafolis personals, el recull que va quedant en els resums setmanals o el rastre del hashtag #activaFPmooc a les xarxes socials), agafar aire amb satisfacci\u00f3, mirar cap endavant i enfilar el tram final!<\/span><\/p>\n<p><span style=\"font-weight: 400;\">Enfilar? Doncs sembla que aix\u00f2 \u00e9s el que heu estat fent aquesta setmana, posar fil a l\u2019agulla o m\u00e9s aviat a la llan\u00e7adora, perqu\u00e8\u00a0 amb el canvas ABP no heu comen\u00e7at a cosir els vostres projectes de qualsevol manera si no que heu comen\u00e7at a fer-los de manera estructurada, coordinada i entreteixint m\u00f2duls, cicles, resultats d\u2019aprenentatge\u2026 talment com en el teixit d\u2019un teler, on trama i ordit s\u2019uneixen gr\u00e0cies al treball de la llan\u00e7adora que va tota atrafegada de dreta a esquerra i d\u2019esquerra a dreta.\u00a0<\/span><\/p>\n<p><img loading=\"lazy\" decoding=\"async\" src=\"https:\/\/projectes.xtec.cat\/impulsfp\/wp-content\/uploads\/usu2078\/2022\/03\/Llanc\u0327adora-1.png\" alt=\"\" width=\"700\" height=\"67\" \/><img loading=\"lazy\" decoding=\"async\" src=\"https:\/\/projectes.xtec.cat\/impulsfp\/wp-content\/uploads\/usu2078\/2022\/03\/Llanc\u0327adora-2.png\" alt=\"\" width=\"700\" height=\"63\" \/><\/p>\n<p><span style=\"font-weight: 400;\">No sentiu que de vegades la nostra tasca docent s\u2019assembla a la d\u2019aquesta llan\u00e7adora? Anem d\u2019aqu\u00ed cap all\u00e0 ajudant, acompanyant, assessorant, fent una resposta t\u00e8cnica ara per fer tot seguit un acompanyament emocional, ara s\u2019ha d&#8217;apaivagar un conflicte, ara motivar i esperonar un equip apagat\u2026 Doncs ja que estem tan atrafagats i atrafagades que bonic \u00e9s fer-ho amb sentit, en equips motivats, treballant de manera coordinada, donant resposta als reptes reals que podem portar a l\u2019aula dins del context de l\u2019Aprenentatge Basat en Projectes. Com a llan\u00e7adores teixidores d\u2019aprenentatges ens fa falta un teler sobre el que treballar per unir la trama (que pot representar el repte plantejat per l\u2019ABP) i l\u2019ordit (que pot representar els aprenentatges que volem provocar i generar), aquest teler el conformen documents com el canvas d\u2019ABP.<\/span><\/p>\n<p><span style=\"font-weight: 400;\">Precisament aquesta setmana l\u2019heu dedicada a treballar en els vostres canvas d\u2019ABP\u2026 us heu parat a pensar qu\u00e8 vol dir canvas? S\u00ed? No? Canvas \u00e9s llen\u00e7 en angl\u00e9s\u2026 i ara preguntem: qu\u00e8 es pot fer sobre un tros de llen\u00e7 quadrat i ben tivat com el que heu estat creant? Exacte! Pintar quadres! Ara ja tenim la foto completa: el treball a l\u2019aula de tot l\u2019equip d\u2019aprenentatge (format per alumnat i equip docent) ser\u00e1 la pintura que donar\u00e0 vida i sentit als nostres teixits en blanc. Parlant de teixits en blanc\u2026 mirem alguns dels que heu creat i compartit a les xarxes de l\u2019#activaFPmooc i al f\u00f2rum de la plataforma?<\/span><\/p>\n<p><span style=\"font-weight: 400;\">La Blanca no deixa el seu canvas\u2026\u00a0 (veu de Mat\u00edas Prats)&#8230; en blanc! i ens comparteix al seu <\/span><a href=\"https:\/\/sites.google.com\/view\/portfolidelablancamooc\/disseny-projecte?authuser=0\"><span style=\"font-weight: 400;\">portafolis<\/span><\/a><span style=\"font-weight: 400;\"> un <\/span><a href=\"https:\/\/view.genial.ly\/623ada8038a2730011b8c3d7\/interactive-content-canvas-projectes-abp-blanca\"><span style=\"font-weight: 400;\">llen\u00e7<\/span><\/a><span style=\"font-weight: 400;\"> amb el repte d\u2019investigar sobre espais d\u2019aprenentatge relacionats amb l\u2019an\u00e0lisi cl\u00ednica:<\/span><\/p>\n<p><img loading=\"lazy\" decoding=\"async\" class=\"aligncenter\" src=\"https:\/\/projectes.xtec.cat\/impulsfp\/wp-content\/uploads\/usu2078\/2022\/03\/Blanca.png\" alt=\"\" width=\"750\" height=\"481\" \/><\/p>\n<p><span style=\"font-weight: 400;\">La M\u00aa \u00c0ngels Pujals ens comparteix<\/span><a href=\"https:\/\/sites.google.com\/xtec.cat\/mooc1-mapujals\/unitat-3-disseny-dun-projecte\"><span style=\"font-weight: 400;\"> al seu portafolis <\/span><\/a><span style=\"font-weight: 400;\">un canvas per organitzar l\u2019arxiu d\u2019una empresa i fa un pas cap endavant connectant Resultats d\u2019Aprenentatge de dos M\u00f2duls Professionals diferents:<\/span><\/p>\n<p><img loading=\"lazy\" decoding=\"async\" class=\"aligncenter\" src=\"https:\/\/projectes.xtec.cat\/impulsfp\/wp-content\/uploads\/usu2078\/2022\/03\/CANVAS-UNITAT3-MPUJALS.png\" alt=\"\" width=\"750\" height=\"531\" \/><\/p>\n<p><span style=\"font-weight: 400;\">En Juan Carlos no s\u2019espera a la pintura que posar\u00e0 a sobre del canvas el seu alumnat treballant en ABP i ja ens presenta <\/span><a href=\"https:\/\/sites.google.com\/inscampsblancs.cat\/moocabp\/unitat-3\"><span style=\"font-weight: 400;\">al seu portafolis<\/span><\/a><span style=\"font-weight: 400;\"> un llen\u00e7 ple de color que insufla ganes de llegir-ho i de participar amb ell i el seu alumnat del repte \u201c<\/span><a href=\"https:\/\/view.genial.ly\/623b4dcefc6885001af91663\"><span style=\"font-weight: 400;\">Un mon de Fantasia per desfilar cantant<\/span><\/a><span style=\"font-weight: 400;\">\u201d:<\/span><\/p>\n<p><img loading=\"lazy\" decoding=\"async\" class=\"aligncenter\" src=\"https:\/\/projectes.xtec.cat\/impulsfp\/wp-content\/uploads\/usu2078\/2022\/03\/Juan-Carlos.png\" alt=\"\" width=\"750\" height=\"483\" \/><\/p>\n<p><span style=\"font-weight: 400;\">El canvas de Juan Carlos, ple de color i imatges que faciliten la lectura, demostra que podem dissenyar (i fins i tot programar) fugint de documentaci\u00f3 feixuga que fa lent l\u2019acc\u00e9s a la informaci\u00f3 i ho aconsegueix fent servir estrat\u00e8gies de Visual Thinking que faciliten i agilitzen la navegaci\u00f3 per la informaci\u00f3 i que potser poden actuar com a \u00edndex que ens redirigeixi cap a documents m\u00e9s formals que poden ampliar el que al canvas hi apareix.<\/span><\/p>\n<p><span style=\"font-weight: 400;\">Per cert, Juan Carlos, veient que has de fer Webs\u2026 coneixem alguns equips de Cicles de Desenvolupament d\u2019Aplicacions Web que potser voldrien fer un intercentres amb vosaltres, cantar no cantaran, per\u00f2 fer dissenys de fantas\u00eda potser s\u00ed que ho faran! Entre l\u2019equip de dinamitzadors pots trobar candidatures, per\u00f2 entre les companyes i companys podries parlar amb en Joan Quintana, no sabeu qui \u00e9s? Doncs seguiu llegint, seguiu.<\/span><\/p>\n<p><span style=\"font-weight: 400;\">Si insistim en la import\u00e0ncia de fer projectes significatius i connectats a la realitat no podem deixar de compartir en aquest post l\u2019aportaci\u00f3 d\u2019en <\/span><a href=\"https:\/\/twitter.com\/joanillomaker\"><span style=\"font-weight: 400;\">Joan Quintana <\/span><\/a><span style=\"font-weight: 400;\">(<\/span><a href=\"https:\/\/twitter.com\/joanillomaker\"><span style=\"font-weight: 400;\">@Joanillomaker<\/span><\/a><span style=\"font-weight: 400;\">), que ens presenta un canvas amb un repte relacionat amb la Zona de Baixes Emissions que no ha pogut estar m\u00e9s present als mitjans de comunicaci\u00f3 durant aquesta setmana de Mar\u00e7. A m\u00e9s a m\u00e9s no us podeu perdre la descripci\u00f3 que fa del canvas al seu <\/span><a href=\"https:\/\/www.joanillo.org\/?p=1203\"><span style=\"font-weight: 400;\">portafolis <\/span><\/a><span style=\"font-weight: 400;\">complementant el que al llen\u00e7ol es pot veure:<\/span><\/p>\n<p><img loading=\"lazy\" decoding=\"async\" class=\"aligncenter\" src=\"https:\/\/projectes.xtec.cat\/impulsfp\/wp-content\/uploads\/usu2078\/2022\/03\/canvas_ZBE.png\" alt=\"\" width=\"750\" height=\"518\" \/><\/p>\n<p><span style=\"font-weight: 400;\">Com podeu veure encara ens costa trobar propostes intermodulars, aix\u00f2 t\u00e9 tot el sentit i parla molt b\u00e9 de la vostra prud\u00e8ncia. Tot just estem comen\u00e7ant a dissenyar i con\u00e8ixer les eines que ens han de permetre fer projectes m\u00e9s grans, sembla assenyat posar-les en pr\u00e0ctica primer en un projecte petit i acotat, tant en dificultat com en resultats d\u2019aprenentatge i persones implicades, per despr\u00e9s comen\u00e7ar a fer-ho cada vegada m\u00e9s gran, complicat i interconnectat.<\/span><\/p>\n<p><span style=\"font-weight: 400;\">Per acabar, recordeu que si no vau poder viure l&#8217;esdeveniment d\u2019aquesta setmana en directe, on en Miguel Valero i l&#8217;Isabel Miralv\u00e9s ens van explicar el projecte #ABP UPC-ProvenWEB, encara podeu fer-ho a trav\u00e9s d\u2019aquest enlla\u00e7 a youtube: <\/span><a href=\"https:\/\/youtu.be\/_uo-Ak7rcpA\"><span style=\"font-weight: 400;\">https:\/\/youtu.be\/_uo-Ak7rcpA<\/span><\/a><span style=\"font-weight: 400;\">\u00a0<\/span><\/p>\n<p style=\"text-align: center;\"><iframe loading=\"lazy\" title=\"YouTube video player\" src=\"https:\/\/www.youtube.com\/embed\/_uo-Ak7rcpA\" width=\"560\" height=\"315\" frameborder=\"0\" allowfullscreen=\"allowfullscreen\"><\/iframe><\/p>\n<p><span style=\"font-weight: 400;\">\u00c0nims amb la setmana que s\u2019obre i amb els seus reptes i sorpreses! Molta salut i bons aprenentatges!<\/span><\/p>\n<p><span style=\"font-weight: 400;\">P.D: Blanca, perd\u00f2 per l\u2019acudit dolent de la jornada, per\u00f2 no ens n\u2019hem pogut estar. \ud83d\ude4f\ud83c\udffc<\/span><\/p>\n","protected":false},"excerpt":{"rendered":"<p>Com a llan\u00e7adores teixidores d\u2019aprenentatges ens fa falta un teler sobre el que treballar per unir la trama (que pot representar el repte plantejat per l\u2019ABP) i l\u2019ordit (que pot representar els aprenentatges que volem provocar i generar)&#8230; i despr\u00e9s, sobre aquest llen\u00e7, ja podrem pintar!<\/p>\n","protected":false},"author":10,"featured_media":10908,"comment_status":"closed","ping_status":"closed","sticky":false,"template":"","format":"standard","meta":{"site-sidebar-layout":"default","site-content-layout":"","ast-site-content-layout":"","site-content-style":"default","site-sidebar-style":"default","ast-global-header-display":"","ast-banner-title-visibility":"","ast-main-header-display":"","ast-hfb-above-header-display":"","ast-hfb-below-header-display":"","ast-hfb-mobile-header-display":"","site-post-title":"","ast-breadcrumbs-content":"","ast-featured-img":"","footer-sml-layout":"","theme-transparent-header-meta":"","adv-header-id-meta":"","stick-header-meta":"","header-above-stick-meta":"","header-main-stick-meta":"","header-below-stick-meta":"","astra-migrate-meta-layouts":"default","ast-page-background-enabled":"default","ast-page-background-meta":{"desktop":{"background-color":"var(--ast-global-color-4)","background-image":"","background-repeat":"repeat","background-position":"center center","background-size":"auto","background-attachment":"scroll","background-type":"","background-media":"","overlay-type":"","overlay-color":"","overlay-opacity":"","overlay-gradient":""},"tablet":{"background-color":"","background-image":"","background-repeat":"repeat","background-position":"center center","background-size":"auto","background-attachment":"scroll","background-type":"","background-media":"","overlay-type":"","overlay-color":"","overlay-opacity":"","overlay-gradient":""},"mobile":{"background-color":"","background-image":"","background-repeat":"repeat","background-position":"center center","background-size":"auto","background-attachment":"scroll","background-type":"","background-media":"","overlay-type":"","overlay-color":"","overlay-opacity":"","overlay-gradient":""}},"ast-content-background-meta":{"desktop":{"background-color":"var(--ast-global-color-5)","background-image":"","background-repeat":"repeat","background-position":"center center","background-size":"auto","background-attachment":"scroll","background-type":"","background-media":"","overlay-type":"","overlay-color":"","overlay-opacity":"","overlay-gradient":""},"tablet":{"background-color":"var(--ast-global-color-5)","background-image":"","background-repeat":"repeat","background-position":"center center","background-size":"auto","background-attachment":"scroll","background-type":"","background-media":"","overlay-type":"","overlay-color":"","overlay-opacity":"","overlay-gradient":""},"mobile":{"background-color":"var(--ast-global-color-5)","background-image":"","background-repeat":"repeat","background-position":"center center","background-size":"auto","background-attachment":"scroll","background-type":"","background-media":"","overlay-type":"","overlay-color":"","overlay-opacity":"","overlay-gradient":""}},"footnotes":""},"categories":[1],"tags":[355,299,371],"class_list":["post-10907","post","type-post","status-publish","format-standard","has-post-thumbnail","hentry","category-general","tag-abp","tag-activafp","tag-mooc"],"post_mailing_queue_ids":[],"_links":{"self":[{"href":"https:\/\/projectes.xtec.cat\/programesiprojectesfp\/wp-json\/wp\/v2\/posts\/10907","targetHints":{"allow":["GET"]}}],"collection":[{"href":"https:\/\/projectes.xtec.cat\/programesiprojectesfp\/wp-json\/wp\/v2\/posts"}],"about":[{"href":"https:\/\/projectes.xtec.cat\/programesiprojectesfp\/wp-json\/wp\/v2\/types\/post"}],"author":[{"embeddable":true,"href":"https:\/\/projectes.xtec.cat\/programesiprojectesfp\/wp-json\/wp\/v2\/users\/10"}],"replies":[{"embeddable":true,"href":"https:\/\/projectes.xtec.cat\/programesiprojectesfp\/wp-json\/wp\/v2\/comments?post=10907"}],"version-history":[{"count":3,"href":"https:\/\/projectes.xtec.cat\/programesiprojectesfp\/wp-json\/wp\/v2\/posts\/10907\/revisions"}],"predecessor-version":[{"id":10917,"href":"https:\/\/projectes.xtec.cat\/programesiprojectesfp\/wp-json\/wp\/v2\/posts\/10907\/revisions\/10917"}],"wp:featuredmedia":[{"embeddable":true,"href":"https:\/\/projectes.xtec.cat\/programesiprojectesfp\/wp-json\/wp\/v2\/media\/10908"}],"wp:attachment":[{"href":"https:\/\/projectes.xtec.cat\/programesiprojectesfp\/wp-json\/wp\/v2\/media?parent=10907"}],"wp:term":[{"taxonomy":"category","embeddable":true,"href":"https:\/\/projectes.xtec.cat\/programesiprojectesfp\/wp-json\/wp\/v2\/categories?post=10907"},{"taxonomy":"post_tag","embeddable":true,"href":"https:\/\/projectes.xtec.cat\/programesiprojectesfp\/wp-json\/wp\/v2\/tags?post=10907"}],"curies":[{"name":"wp","href":"https:\/\/api.w.org\/{rel}","templated":true}]}}