{"id":10918,"date":"2022-03-29T10:00:19","date_gmt":"2022-03-29T08:00:19","guid":{"rendered":"https:\/\/projectes.xtec.cat\/impulsfp\/?p=10918"},"modified":"2022-03-28T19:09:10","modified_gmt":"2022-03-28T17:09:10","slug":"inici-de-lultima-unitat","status":"publish","type":"post","link":"https:\/\/projectes.xtec.cat\/programesiprojectesfp\/general\/inici-de-lultima-unitat\/","title":{"rendered":"Inici de l\u2019\u00faltima unitat!"},"content":{"rendered":"<h5><b>Propera parada: Implementacio\u0301 dels projectes ABP a l\u2019aula<\/b><\/h5>\n<p><span style=\"font-weight: 400;\">Doncs ja ha arribat\u2026 avui toca\u2026 obrir l\u2019\u00b4\u00faltima unitat del <\/span><b>MOOC d\u2019ActivaFP ABP FP Catalunya<\/b><span style=\"font-weight: 400;\">. Aquesta Unitat 4 porta per t\u00edtol \u201cImplementaci\u00f3 dels projectes ABP a l\u2019aula\u201d i, est\u00e0 clar, t\u00e9 com a objectiu fer arribar els projectes ABP a les vostres aules.\u00a0<\/span><\/p>\n<p><span style=\"font-weight: 400;\">Com a docents, ja tenim el (bon) costum de planificar el curs i les sessions que li donen forma. Per treballar per projectes, <\/span><b>la planificaci\u00f3 \u00e9s clau<\/b><span style=\"font-weight: 400;\">. Portar un projecte ABP a l\u2019aula implica posar una caixa sense tapa. Un espai sense sostre on les decisions de l&#8217;alumnat el far\u00e0 arribar m\u00e9s o menys lluny. I aix\u00f2 \u00e9s el que fa indispensable una planificaci\u00f3, doncs seria possible perdre\u2019ns en carrerons sense sortida o en voler arribar una mica m\u00e9s enll\u00e0 i ara m\u00e9s enll\u00e0, i una mica m\u00e9s,&#8230; . La planificaci\u00f3 ens ajudar\u00e0 a pasar d\u2019etapa a etapa i ajudar a l\u2019alumnat a assolir els objectius que ens plantegi cada projecte.<\/span><\/p>\n<p><img loading=\"lazy\" decoding=\"async\" class=\"aligncenter\" src=\"https:\/\/projectes.xtec.cat\/impulsfp\/wp-content\/uploads\/usu2078\/2022\/03\/Captura-de-pantalla-2022-03-26-a-las-14.51.35.png\" alt=\"\" width=\"700\" height=\"360\" \/><\/p>\n<p><span style=\"font-weight: 400;\">Hem d\u2019assumir tamb\u00e9 que aquell silenci continuat de quan l\u2019alumnat escolta amb m\u00e0xima atenci\u00f3 les nostres explicacions es donar\u00e0 poqu\u00edssimes vegades.\u00a0 L\u2019<\/span><b>alumnat estar\u00e0 treballant en equips, xerraran entre ells i elles per compartir idees<\/b><span style=\"font-weight: 400;\">, per prendre decisions, per trobar solucions. I nosaltres estarem donant explicacions, consells, orientacions a un equip ara, a un parell de persones despr\u00e9s. Per tant, \u00e9s bo establir nous acords, com el d\u2019estar a l\u2019aula amb clima de treball, on <\/span><b>qualsevol persona pot demanar una mica de calma<\/b><span style=\"font-weight: 400;\"> si la cosa es desmadra.<\/span><\/p>\n<p><span style=\"font-weight: 400;\">De <\/span><b>models d\u2019etapes de projecte hi ha molts<\/b><span style=\"font-weight: 400;\">, per\u00f2 a grans trets sempre passem per aquestes fases: presentaci\u00f3 del projecte, organitzaci\u00f3 dels equips, investigaci\u00f3, construcci\u00f3 de la soluci\u00f3, validaci\u00f3 i presentaci\u00f3 del producte final. I tot aix\u00f2, acompanyat sempre d\u2019un proc\u00e9s d&#8217;avaluaci\u00f3 i de revisi\u00f3 continu i multidireccional entre alumnat i equip docent.<\/span><\/p>\n<p><span style=\"font-weight: 400;\">L\u2019unitat presenta les diferents fases per on circula un projecte, entrant a detallar algunes de les tasques que hauran de desenvolupar els equips d\u2019alumnes.\u00a0<\/span><\/p>\n<p><span style=\"font-weight: 400;\">En mig del debat intern que segur teniu si mai heu aplicat metodologies actives a l\u2019aula, us aportem un argument m\u00e9s. I segurament no sigui nom\u00e9s un argument m\u00e9s. \u00c9s l\u2019argument. Quina \u00e9s aquesta ra\u00f3? Hem de tenir en compte que <\/span><b>les metodologies actives s\u00f3n l\u2019escenari ideal per a ajudar a atendre a la diversitat del nostre alumnat<\/b><span style=\"font-weight: 400;\">. \u00c9s un camp de joc on podem individualitzar, atendre a les necessitats de cadascun i cadascuna, adaptant ritmes i permeten buscar el millor cam\u00ed per a cada persona.\u00a0 Us convidem a fer una lectura tranquil\u00b7la i reflexionada d\u2019aquestes aportacions.<\/span><\/p>\n<p><img loading=\"lazy\" decoding=\"async\" class=\"aligncenter\" src=\"https:\/\/projectes.xtec.cat\/impulsfp\/wp-content\/uploads\/usu2078\/2022\/03\/Captura-de-pantalla-2022-03-26-a-las-14.51.10.png\" alt=\"\" width=\"715\" height=\"423\" \/><\/p>\n<p><span style=\"font-weight: 400;\">Tancarem la unitat amb l\u2019esdeveniment en directe del proper dilluns 4 d\u2019abril a les 19:00 hores, on la Marta Valero, en Paco Gonz\u00e1lez, l\u2019Olga Castilla i en Ruben Serrano <\/span><b>compartiran amb nosaltres alguns exemples de projectes realitzats<\/b><span style=\"font-weight: 400;\">. Ho podreu seguir des d\u2019aqu\u00ed: <a href=\"https:\/\/youtu.be\/Kkzwog04j2w\" target=\"_blank\" rel=\"noopener\">https:\/\/youtu.be\/Kkzwog04j2w<\/a>\u00a0<\/span><\/p>\n<p style=\"text-align: center;\"><iframe loading=\"lazy\" title=\"YouTube video player\" src=\"https:\/\/www.youtube.com\/embed\/Kkzwog04j2w\" width=\"560\" height=\"315\" frameborder=\"0\" allowfullscreen=\"allowfullscreen\"><\/iframe><\/p>\n<p><span style=\"font-weight: 400;\">I qualsevol aportaci\u00f3, idea o dubte, podeu fer servir els diferents espais socials del curs, fent servir l\u2019etiqueta #ActivaFPmooc a <\/span><a href=\"https:\/\/twitter.com\/ActivaFp\"><span style=\"font-weight: 400;\">Twitter<\/span><\/a><span style=\"font-weight: 400;\">, <\/span><a href=\"https:\/\/www.linkedin.com\/groups\/12633581\/\"><span style=\"font-weight: 400;\">Linkedin<\/span><\/a><span style=\"font-weight: 400;\"> i a <\/span><a href=\"https:\/\/www.instagram.com\/activafp\/?utm_medium=copy_link\"><span style=\"font-weight: 400;\">Instagram<\/span><\/a><span style=\"font-weight: 400;\">.<\/span><\/p>\n<p><span style=\"font-weight: 400;\">Ja queda poc, no defalliu!<\/span><\/p>\n","protected":false},"excerpt":{"rendered":"<p>L\u2019alumnat estar\u00e0 treballant en equips, xerraran entre ells i elles per compartir idees, per prendre decisions, per trobar solucions. I nosaltres estarem donant explicacions, consells, orientacions a un equip ara, a un parell de persones despr\u00e9s.<\/p>\n","protected":false},"author":10,"featured_media":10919,"comment_status":"closed","ping_status":"closed","sticky":false,"template":"","format":"standard","meta":{"site-sidebar-layout":"default","site-content-layout":"","ast-site-content-layout":"","site-content-style":"default","site-sidebar-style":"default","ast-global-header-display":"","ast-banner-title-visibility":"","ast-main-header-display":"","ast-hfb-above-header-display":"","ast-hfb-below-header-display":"","ast-hfb-mobile-header-display":"","site-post-title":"","ast-breadcrumbs-content":"","ast-featured-img":"","footer-sml-layout":"","theme-transparent-header-meta":"","adv-header-id-meta":"","stick-header-meta":"","header-above-stick-meta":"","header-main-stick-meta":"","header-below-stick-meta":"","astra-migrate-meta-layouts":"default","ast-page-background-enabled":"default","ast-page-background-meta":{"desktop":{"background-color":"var(--ast-global-color-4)","background-image":"","background-repeat":"repeat","background-position":"center center","background-size":"auto","background-attachment":"scroll","background-type":"","background-media":"","overlay-type":"","overlay-color":"","overlay-opacity":"","overlay-gradient":""},"tablet":{"background-color":"","background-image":"","background-repeat":"repeat","background-position":"center center","background-size":"auto","background-attachment":"scroll","background-type":"","background-media":"","overlay-type":"","overlay-color":"","overlay-opacity":"","overlay-gradient":""},"mobile":{"background-color":"","background-image":"","background-repeat":"repeat","background-position":"center center","background-size":"auto","background-attachment":"scroll","background-type":"","background-media":"","overlay-type":"","overlay-color":"","overlay-opacity":"","overlay-gradient":""}},"ast-content-background-meta":{"desktop":{"background-color":"var(--ast-global-color-5)","background-image":"","background-repeat":"repeat","background-position":"center center","background-size":"auto","background-attachment":"scroll","background-type":"","background-media":"","overlay-type":"","overlay-color":"","overlay-opacity":"","overlay-gradient":""},"tablet":{"background-color":"var(--ast-global-color-5)","background-image":"","background-repeat":"repeat","background-position":"center center","background-size":"auto","background-attachment":"scroll","background-type":"","background-media":"","overlay-type":"","overlay-color":"","overlay-opacity":"","overlay-gradient":""},"mobile":{"background-color":"var(--ast-global-color-5)","background-image":"","background-repeat":"repeat","background-position":"center center","background-size":"auto","background-attachment":"scroll","background-type":"","background-media":"","overlay-type":"","overlay-color":"","overlay-opacity":"","overlay-gradient":""}},"footnotes":""},"categories":[1],"tags":[299,373,371],"class_list":["post-10918","post","type-post","status-publish","format-standard","has-post-thumbnail","hentry","category-general","tag-activafp","tag-activafpmooc","tag-mooc"],"post_mailing_queue_ids":[],"_links":{"self":[{"href":"https:\/\/projectes.xtec.cat\/programesiprojectesfp\/wp-json\/wp\/v2\/posts\/10918","targetHints":{"allow":["GET"]}}],"collection":[{"href":"https:\/\/projectes.xtec.cat\/programesiprojectesfp\/wp-json\/wp\/v2\/posts"}],"about":[{"href":"https:\/\/projectes.xtec.cat\/programesiprojectesfp\/wp-json\/wp\/v2\/types\/post"}],"author":[{"embeddable":true,"href":"https:\/\/projectes.xtec.cat\/programesiprojectesfp\/wp-json\/wp\/v2\/users\/10"}],"replies":[{"embeddable":true,"href":"https:\/\/projectes.xtec.cat\/programesiprojectesfp\/wp-json\/wp\/v2\/comments?post=10918"}],"version-history":[{"count":2,"href":"https:\/\/projectes.xtec.cat\/programesiprojectesfp\/wp-json\/wp\/v2\/posts\/10918\/revisions"}],"predecessor-version":[{"id":10937,"href":"https:\/\/projectes.xtec.cat\/programesiprojectesfp\/wp-json\/wp\/v2\/posts\/10918\/revisions\/10937"}],"wp:featuredmedia":[{"embeddable":true,"href":"https:\/\/projectes.xtec.cat\/programesiprojectesfp\/wp-json\/wp\/v2\/media\/10919"}],"wp:attachment":[{"href":"https:\/\/projectes.xtec.cat\/programesiprojectesfp\/wp-json\/wp\/v2\/media?parent=10918"}],"wp:term":[{"taxonomy":"category","embeddable":true,"href":"https:\/\/projectes.xtec.cat\/programesiprojectesfp\/wp-json\/wp\/v2\/categories?post=10918"},{"taxonomy":"post_tag","embeddable":true,"href":"https:\/\/projectes.xtec.cat\/programesiprojectesfp\/wp-json\/wp\/v2\/tags?post=10918"}],"curies":[{"name":"wp","href":"https:\/\/api.w.org\/{rel}","templated":true}]}}