{"id":10949,"date":"2022-04-07T07:44:27","date_gmt":"2022-04-07T05:44:27","guid":{"rendered":"https:\/\/projectes.xtec.cat\/impulsfp\/?p=10949"},"modified":"2022-04-07T07:44:27","modified_gmt":"2022-04-07T05:44:27","slug":"el-7-dabril-fp-challenge-disseny-hub-barcelona-y-final-del-concurs-ultima-paraula","status":"publish","type":"post","link":"https:\/\/projectes.xtec.cat\/programesiprojectesfp\/general\/el-7-dabril-fp-challenge-disseny-hub-barcelona-y-final-del-concurs-ultima-paraula\/","title":{"rendered":"El 7 d\u2019abril FP Challenge Disseny HUB Barcelona y final del concurs \u00faltima paraula"},"content":{"rendered":"<p>&nbsp;<\/p>\n<p><a href=\"https:\/\/projectes.xtec.cat\/impulsfp\/wp-content\/uploads\/usu2078\/2022\/04\/Captura.png\"><img loading=\"lazy\" decoding=\"async\" class=\"alignnone size-full wp-image-10948\" src=\"https:\/\/projectes.xtec.cat\/impulsfp\/wp-content\/uploads\/usu2078\/2022\/04\/Captura.png\" alt=\"\" width=\"380\" height=\"142\" srcset=\"https:\/\/projectes.xtec.cat\/programesiprojectesfp\/wp-content\/uploads\/usu2078\/2022\/04\/Captura.png 380w, https:\/\/projectes.xtec.cat\/programesiprojectesfp\/wp-content\/uploads\/usu2078\/2022\/04\/Captura-300x112.png 300w\" sizes=\"auto, (max-width: 380px) 100vw, 380px\" \/><\/a><\/p>\n<p><b>8 centres de Catalunya participen en un challenge social al disseny HUB Barcelona. Un Challenge escenari\u00a0 de la final Catalana del concurs d\u2019orat\u00f2ria a l\u2019FP l&#8217;\u00daltima paraula<\/b><\/p>\n<p>&nbsp;<\/p>\n<p><span style=\"font-size: 24pt;\"><b>7 equips multidisciplinars d\u2019estudiants d\u2019FP de grau mitj\u00e0 i superior intenten donar la millor soluci\u00f3 al repte social que planteja la entitat social Mesclad\u00eds. En el mateix esdeveniment els set equips finalistes del concurs \u00faltima paraula competiran per aconseguir el guard\u00f3 al millor orador\/a de l\u2019FP a Catalunya.<\/b><\/span><\/p>\n<p>&nbsp;<\/p>\n<p><span style=\"font-weight: 400;\">Entre els mesos de mar\u00e7 i maig tene lloc 10 FP challenge al llarg del territori catal\u00e0 on diversos grups de centres s\u2019organitzen per tirar endavant una hackat\u00f3 en petit format on diversos equips d\u2019alumnes competeixen per donar la millor soluci\u00f3 a un repte plantejat per una entitat social o pel mateix grup de centres. Reptes que es desprenen dels ODS . aquest esdeveniments distribu\u00efts al llarg del territori tenen com a finalitat despertar la creativitat i la consci\u00e8ncia social a trav\u00e9s de metodologies \u00e0gils, especialment el design thinking. Aix\u00ed al llarg d\u2019un mat\u00ed\u00a0 o una tarda treballen en equips multidisciplinaris per trobar la millor soluci\u00f3 al repte social plantejat.<\/span><\/p>\n<p>&nbsp;<\/p>\n<p><span style=\"font-weight: 400;\">El dia 7 celebtrem un d\u2019aquest esdeveniments on 7 equips de estudiants provinents de 8 centres educatius de barcelona ciutat i \u00e0rea metropolitana treballaran amb l\u2019ajuda d\u2019un d\u2019un docent que els guiar\u00e0 i acomp\u00e0nyar\u00e0 en el proc\u00e9s per arribar a una soluci\u00f3 real i viable del repte que l\u2019entitat social Mesclad\u00eds planteja.\u00a0<\/span><\/p>\n<p>&nbsp;<\/p>\n<p><span style=\"font-weight: 400;\">En cada un dels set equips s&#8217;incorporaran com a membres un equip finalista d\u2019estudiants d\u2019FP del concurs d\u2019orat\u00f2ria L\u2019\u00faltima paraula que seran els encarregats de l\u2019estrat\u00e8gia de comunicaci\u00f3 dels equips participants.<\/span><\/p>\n<p>&nbsp;<\/p>\n<p><span style=\"font-weight: 400;\">L\u2019FP challenge Disseny HUB Barcelona esdev\u00e9 l\u2019escenari \u00fanic per treballar la creativitat i la compet\u00e8ncia comunicativa a l\u2019FP.<\/span><\/p>\n<p>&nbsp;<\/p>\n<p><span style=\"font-weight: 400;\">Aquest FP challenge est\u00e0 promocionat des de el Departament d\u2019Educaci\u00f3 de la generalitat de catalunya i compta amb el suport de Caixabank Dualiza.<\/span><\/p>\n<p>&nbsp;<\/p>\n<p><span style=\"font-weight: 400;\">Barcelona, 7 d\u2019abril de 2022<\/span><\/p>\n<p>&nbsp;<\/p>\n<p><a href=\"https:\/\/sites.google.com\/xtec.cat\/fpchallenge\/inici\"><span style=\"font-weight: 400;\">https:\/\/sites.google.com\/xtec.cat\/fpchallenge\/inici<\/span><\/a><\/p>\n<p><a href=\"http:\/\/www.impulsfp.cat\/ultimaparaula\/\"><span style=\"font-weight: 400;\">http:\/\/www.impulsfp.cat\/ultimaparaula\/<\/span><\/a><\/p>\n","protected":false},"excerpt":{"rendered":"<p>&nbsp; 8 centres de Catalunya participen en un challenge social al disseny HUB Barcelona. Un Challenge escenari\u00a0 de la final Catalana del concurs d\u2019orat\u00f2ria a l\u2019FP l&#8217;\u00daltima paraula &nbsp; 7 equips multidisciplinars d\u2019estudiants d\u2019FP de grau mitj\u00e0 i superior intenten donar la millor soluci\u00f3 al repte social que planteja la entitat social Mesclad\u00eds. En el [&hellip;]<\/p>\n","protected":false},"author":1,"featured_media":10948,"comment_status":"closed","ping_status":"closed","sticky":false,"template":"","format":"standard","meta":{"site-sidebar-layout":"default","site-content-layout":"","ast-site-content-layout":"","site-content-style":"default","site-sidebar-style":"default","ast-global-header-display":"","ast-banner-title-visibility":"","ast-main-header-display":"","ast-hfb-above-header-display":"","ast-hfb-below-header-display":"","ast-hfb-mobile-header-display":"","site-post-title":"","ast-breadcrumbs-content":"","ast-featured-img":"","footer-sml-layout":"","theme-transparent-header-meta":"","adv-header-id-meta":"","stick-header-meta":"","header-above-stick-meta":"","header-main-stick-meta":"","header-below-stick-meta":"","astra-migrate-meta-layouts":"default","ast-page-background-enabled":"default","ast-page-background-meta":{"desktop":{"background-color":"var(--ast-global-color-4)","background-image":"","background-repeat":"repeat","background-position":"center center","background-size":"auto","background-attachment":"scroll","background-type":"","background-media":"","overlay-type":"","overlay-color":"","overlay-opacity":"","overlay-gradient":""},"tablet":{"background-color":"","background-image":"","background-repeat":"repeat","background-position":"center center","background-size":"auto","background-attachment":"scroll","background-type":"","background-media":"","overlay-type":"","overlay-color":"","overlay-opacity":"","overlay-gradient":""},"mobile":{"background-color":"","background-image":"","background-repeat":"repeat","background-position":"center center","background-size":"auto","background-attachment":"scroll","background-type":"","background-media":"","overlay-type":"","overlay-color":"","overlay-opacity":"","overlay-gradient":""}},"ast-content-background-meta":{"desktop":{"background-color":"var(--ast-global-color-5)","background-image":"","background-repeat":"repeat","background-position":"center center","background-size":"auto","background-attachment":"scroll","background-type":"","background-media":"","overlay-type":"","overlay-color":"","overlay-opacity":"","overlay-gradient":""},"tablet":{"background-color":"var(--ast-global-color-5)","background-image":"","background-repeat":"repeat","background-position":"center center","background-size":"auto","background-attachment":"scroll","background-type":"","background-media":"","overlay-type":"","overlay-color":"","overlay-opacity":"","overlay-gradient":""},"mobile":{"background-color":"var(--ast-global-color-5)","background-image":"","background-repeat":"repeat","background-position":"center center","background-size":"auto","background-attachment":"scroll","background-type":"","background-media":"","overlay-type":"","overlay-color":"","overlay-opacity":"","overlay-gradient":""}},"footnotes":""},"categories":[1],"tags":[],"class_list":["post-10949","post","type-post","status-publish","format-standard","has-post-thumbnail","hentry","category-general"],"post_mailing_queue_ids":[],"_links":{"self":[{"href":"https:\/\/projectes.xtec.cat\/programesiprojectesfp\/wp-json\/wp\/v2\/posts\/10949","targetHints":{"allow":["GET"]}}],"collection":[{"href":"https:\/\/projectes.xtec.cat\/programesiprojectesfp\/wp-json\/wp\/v2\/posts"}],"about":[{"href":"https:\/\/projectes.xtec.cat\/programesiprojectesfp\/wp-json\/wp\/v2\/types\/post"}],"author":[{"embeddable":true,"href":"https:\/\/projectes.xtec.cat\/programesiprojectesfp\/wp-json\/wp\/v2\/users\/1"}],"replies":[{"embeddable":true,"href":"https:\/\/projectes.xtec.cat\/programesiprojectesfp\/wp-json\/wp\/v2\/comments?post=10949"}],"version-history":[{"count":1,"href":"https:\/\/projectes.xtec.cat\/programesiprojectesfp\/wp-json\/wp\/v2\/posts\/10949\/revisions"}],"predecessor-version":[{"id":10950,"href":"https:\/\/projectes.xtec.cat\/programesiprojectesfp\/wp-json\/wp\/v2\/posts\/10949\/revisions\/10950"}],"wp:featuredmedia":[{"embeddable":true,"href":"https:\/\/projectes.xtec.cat\/programesiprojectesfp\/wp-json\/wp\/v2\/media\/10948"}],"wp:attachment":[{"href":"https:\/\/projectes.xtec.cat\/programesiprojectesfp\/wp-json\/wp\/v2\/media?parent=10949"}],"wp:term":[{"taxonomy":"category","embeddable":true,"href":"https:\/\/projectes.xtec.cat\/programesiprojectesfp\/wp-json\/wp\/v2\/categories?post=10949"},{"taxonomy":"post_tag","embeddable":true,"href":"https:\/\/projectes.xtec.cat\/programesiprojectesfp\/wp-json\/wp\/v2\/tags?post=10949"}],"curies":[{"name":"wp","href":"https:\/\/api.w.org\/{rel}","templated":true}]}}