{"id":11101,"date":"2022-09-12T01:25:16","date_gmt":"2022-09-11T23:25:16","guid":{"rendered":"https:\/\/projectes.xtec.cat\/impulsfp\/?p=11101"},"modified":"2022-09-13T06:56:33","modified_gmt":"2022-09-13T04:56:33","slug":"una-taula-rodona-amb-4-directores-de-centres-dfp-obrira-la-jornada-inaugural-dimpulsfp-pel-curs-2022-23","status":"publish","type":"post","link":"https:\/\/projectes.xtec.cat\/programesiprojectesfp\/general\/una-taula-rodona-amb-4-directores-de-centres-dfp-obrira-la-jornada-inaugural-dimpulsfp-pel-curs-2022-23\/","title":{"rendered":"Una taula rodona amb 4 directores de centres d\u2019FP obrir\u00e0 la jornada inaugural d\u2019ImpulsFP pel curs 2022-23"},"content":{"rendered":"<p><a href=\"https:\/\/sites.google.com\/xtec.cat\/jornada-inaugural-curs2022-23\/inici?authuser=0\"><img loading=\"lazy\" decoding=\"async\" class=\"size-large wp-image-11102 aligncenter\" src=\"https:\/\/projectes.xtec.cat\/impulsfp\/wp-content\/uploads\/usu2078\/2022\/09\/Captura-1024x316.png\" alt=\"\" width=\"1024\" height=\"316\" srcset=\"https:\/\/projectes.xtec.cat\/programesiprojectesfp\/wp-content\/uploads\/usu2078\/2022\/09\/Captura-1024x316.png 1024w, https:\/\/projectes.xtec.cat\/programesiprojectesfp\/wp-content\/uploads\/usu2078\/2022\/09\/Captura-300x92.png 300w, https:\/\/projectes.xtec.cat\/programesiprojectesfp\/wp-content\/uploads\/usu2078\/2022\/09\/Captura-768x237.png 768w, https:\/\/projectes.xtec.cat\/programesiprojectesfp\/wp-content\/uploads\/usu2078\/2022\/09\/Captura-1536x473.png 1536w, https:\/\/projectes.xtec.cat\/programesiprojectesfp\/wp-content\/uploads\/usu2078\/2022\/09\/Captura.png 1872w\" sizes=\"auto, (max-width: 1024px) 100vw, 1024px\" \/><\/a><\/p>\n<p><span style=\"font-size: 24pt;\"><b>Una taula rodona amb 4 directores de centres d\u2019FP obrir\u00e0 la jornada inaugural d\u2019ImpulsFP pel curs 2022-23<\/b><\/span><\/p>\n<p><b>M\u00e9s de 400 docents dels centres d\u2019FP\u00a0 m\u00e9s innovadors de Catalunya es reuneixen en la\u00a0 Jornada Inaugural d\u2019ImpulsFP<\/b><b>\u00a0<\/b><\/p>\n<p><span style=\"font-weight: 400;\">Despr\u00e9s de dos cursos de virtualitat\u00a0 es realitza la primera jornada inaugural presencial d\u2019ImpulsFP a l\u2019institut Salvador Segu\u00ed de Barcelona\u00a0 i l\u2019institut Carles Vallbona de granollers<\/span><\/p>\n<p><span style=\"font-weight: 400;\">El dimarts, 13 de setembre es celebrar\u00e0 la jornada inaugural\u00a0 d\u2019ImpulsFP on uns 300 docents d\u2019arreu del territori s\u2019aplegaran per donar el tret de sortida als sis programes d\u2019innovaci\u00f3 que acull ImpulsFP.<\/span><\/p>\n<p><span style=\"font-weight: 400;\">Les directores Neus Caufap\u00e9 de l&#8217;institut Escola del treball de Lleida, Isabel Garc\u00eda de l&#8217;institut Salvador Segu\u00ed de Barcelona, Chus Berm\u00fadez de l\u2019institut Carles Vallbona de Granollers i Lourdes Gonz\u00e1lez de l\u2019institut Mare de D\u00e9u de la Merc\u00e8 de Barcelona, participaran en una taula rodona moderada per Anabel Rodr\u00edguez, cap de servei de programes i projectes de la DGFP.<\/span><\/p>\n<p><span style=\"font-weight: 400;\">Jordi Font Director de negoci i estrat\u00e8gia Adolescents.cat ser\u00e0 el ponet central de la jornada on ens revelar\u00e0 algunes dades significatives sobre els joves i la seva relaci\u00f3 amb l\u2019educaci\u00f3 des d\u2019una mirada externa al sistema educatiu.<\/span><\/p>\n<p><span style=\"font-weight: 400;\">A la jornada els responsables de cada programa d\u2019innovaci\u00f3: OrientaFP, ActivaFP, FuturaFP, Catskills, InnovaFP i Empr\u00e8nFP marcaran les l\u00ednies de treball pel present curs i les novetats que ofereix cada programa.\u00a0<\/span><\/p>\n<p><span style=\"font-weight: 400;\">Conclourem la jornada amb una din\u00e0mica de networking per generar sin\u00e8rgies entre els docents i centres assistents.<\/span><\/p>\n<p>&nbsp;<\/p>\n<p><span style=\"font-weight: 400;\">Josep Moratal<\/span><\/p>\n<p><span style=\"font-weight: 400;\">Barcelona, 12 de setembre de 2022<\/span><\/p>\n<p><b>@educaciocat @fpcatalunya @catFPx <\/b><a href=\"https:\/\/twitter.com\/ICarlesVallbona\"><b>@ICarlesVallbona @SalvadorSegui<\/b><\/a><\/p>\n","protected":false},"excerpt":{"rendered":"<p>Una taula rodona amb 4 directores de centres d\u2019FP obrir\u00e0 la jornada inaugural d\u2019ImpulsFP pel curs 2022-23 M\u00e9s de 400 docents dels centres d\u2019FP\u00a0 m\u00e9s innovadors de Catalunya es reuneixen en la\u00a0 Jornada Inaugural d\u2019ImpulsFP\u00a0 Despr\u00e9s de dos cursos de virtualitat\u00a0 es realitza la primera jornada inaugural presencial d\u2019ImpulsFP a l\u2019institut Salvador Segu\u00ed de Barcelona\u00a0 [&hellip;]<\/p>\n","protected":false},"author":1,"featured_media":11102,"comment_status":"closed","ping_status":"closed","sticky":false,"template":"","format":"standard","meta":{"site-sidebar-layout":"default","site-content-layout":"","ast-site-content-layout":"","site-content-style":"default","site-sidebar-style":"default","ast-global-header-display":"","ast-banner-title-visibility":"","ast-main-header-display":"","ast-hfb-above-header-display":"","ast-hfb-below-header-display":"","ast-hfb-mobile-header-display":"","site-post-title":"","ast-breadcrumbs-content":"","ast-featured-img":"","footer-sml-layout":"","theme-transparent-header-meta":"","adv-header-id-meta":"","stick-header-meta":"","header-above-stick-meta":"","header-main-stick-meta":"","header-below-stick-meta":"","astra-migrate-meta-layouts":"default","ast-page-background-enabled":"default","ast-page-background-meta":{"desktop":{"background-color":"var(--ast-global-color-4)","background-image":"","background-repeat":"repeat","background-position":"center center","background-size":"auto","background-attachment":"scroll","background-type":"","background-media":"","overlay-type":"","overlay-color":"","overlay-opacity":"","overlay-gradient":""},"tablet":{"background-color":"","background-image":"","background-repeat":"repeat","background-position":"center center","background-size":"auto","background-attachment":"scroll","background-type":"","background-media":"","overlay-type":"","overlay-color":"","overlay-opacity":"","overlay-gradient":""},"mobile":{"background-color":"","background-image":"","background-repeat":"repeat","background-position":"center center","background-size":"auto","background-attachment":"scroll","background-type":"","background-media":"","overlay-type":"","overlay-color":"","overlay-opacity":"","overlay-gradient":""}},"ast-content-background-meta":{"desktop":{"background-color":"var(--ast-global-color-5)","background-image":"","background-repeat":"repeat","background-position":"center center","background-size":"auto","background-attachment":"scroll","background-type":"","background-media":"","overlay-type":"","overlay-color":"","overlay-opacity":"","overlay-gradient":""},"tablet":{"background-color":"var(--ast-global-color-5)","background-image":"","background-repeat":"repeat","background-position":"center center","background-size":"auto","background-attachment":"scroll","background-type":"","background-media":"","overlay-type":"","overlay-color":"","overlay-opacity":"","overlay-gradient":""},"mobile":{"background-color":"var(--ast-global-color-5)","background-image":"","background-repeat":"repeat","background-position":"center center","background-size":"auto","background-attachment":"scroll","background-type":"","background-media":"","overlay-type":"","overlay-color":"","overlay-opacity":"","overlay-gradient":""}},"footnotes":""},"categories":[1],"tags":[],"class_list":["post-11101","post","type-post","status-publish","format-standard","has-post-thumbnail","hentry","category-general"],"post_mailing_queue_ids":[],"_links":{"self":[{"href":"https:\/\/projectes.xtec.cat\/programesiprojectesfp\/wp-json\/wp\/v2\/posts\/11101","targetHints":{"allow":["GET"]}}],"collection":[{"href":"https:\/\/projectes.xtec.cat\/programesiprojectesfp\/wp-json\/wp\/v2\/posts"}],"about":[{"href":"https:\/\/projectes.xtec.cat\/programesiprojectesfp\/wp-json\/wp\/v2\/types\/post"}],"author":[{"embeddable":true,"href":"https:\/\/projectes.xtec.cat\/programesiprojectesfp\/wp-json\/wp\/v2\/users\/1"}],"replies":[{"embeddable":true,"href":"https:\/\/projectes.xtec.cat\/programesiprojectesfp\/wp-json\/wp\/v2\/comments?post=11101"}],"version-history":[{"count":3,"href":"https:\/\/projectes.xtec.cat\/programesiprojectesfp\/wp-json\/wp\/v2\/posts\/11101\/revisions"}],"predecessor-version":[{"id":11107,"href":"https:\/\/projectes.xtec.cat\/programesiprojectesfp\/wp-json\/wp\/v2\/posts\/11101\/revisions\/11107"}],"wp:featuredmedia":[{"embeddable":true,"href":"https:\/\/projectes.xtec.cat\/programesiprojectesfp\/wp-json\/wp\/v2\/media\/11102"}],"wp:attachment":[{"href":"https:\/\/projectes.xtec.cat\/programesiprojectesfp\/wp-json\/wp\/v2\/media?parent=11101"}],"wp:term":[{"taxonomy":"category","embeddable":true,"href":"https:\/\/projectes.xtec.cat\/programesiprojectesfp\/wp-json\/wp\/v2\/categories?post=11101"},{"taxonomy":"post_tag","embeddable":true,"href":"https:\/\/projectes.xtec.cat\/programesiprojectesfp\/wp-json\/wp\/v2\/tags?post=11101"}],"curies":[{"name":"wp","href":"https:\/\/api.w.org\/{rel}","templated":true}]}}