{"id":12136,"date":"2023-02-07T13:15:28","date_gmt":"2023-02-07T12:15:28","guid":{"rendered":"https:\/\/projectes.xtec.cat\/impulsfp\/?p=12136"},"modified":"2023-02-07T13:59:37","modified_gmt":"2023-02-07T12:59:37","slug":"experiencia-de-lalumnat-en-les-practiques-fp-dual","status":"publish","type":"post","link":"https:\/\/projectes.xtec.cat\/programesiprojectesfp\/formacio\/experiencia-de-lalumnat-en-les-practiques-fp-dual\/","title":{"rendered":"Experi\u00e8ncia de l&#8217;alumnat en les pr\u00e0ctiques FP Dual"},"content":{"rendered":"<p><span class=\"break-words\"><span dir=\"ltr\">La setmana passada vam organitzar una trobada a<strong> l&#8217;institut\u00a0Joan d&#8217;\u00c0ustria<\/strong> entre l&#8217;alumnat de 2n i de 1r de CFGS. Aquesta trobada tenia la intenci\u00f3 de qu\u00e8 l&#8217;alumnat de 2n pogu\u00e9s donar una visi\u00f3 m\u00e9s propera de la seva experi\u00e8ncia a les pr\u00e0ctiques <a href=\"https:\/\/www.linkedin.com\/company\/fp-dual-catalunya\/\" data-attribute-index=\"0\" data-entity-hovercard-id=\"urn:li:fs_miniCompany:80009873\" data-entity-type=\"MINI_COMPANY\">FP dual Catalunya<\/a> a l&#8217;alumnat de 1r i permetre con\u00e8ixer en profunditat la tasca que faran l&#8217;any vinent.<\/span><\/span><\/p>\n<p>La jornada la vam organitzar en tres blocs:<\/p>\n<p>&#8211; Bloc 1:\u00a0La por a la dual i a la entrevista (qu\u00e8 demanen, qu\u00e8 se abans d&#8217;anar-hi, em formaran?, com fer la entrevista, etc)<br \/>\n&#8211; Bloc 2:\u00a0L&#8217;empresa\/feina (quines tasques es fan, com et formen, quin ambient)<br \/>\n&#8211; Bloc 3:\u00a0Preguntes obertes per a tots<\/p>\n<p>Moltes gr\u00e0cies a tot l&#8217;alumnat de 2n per oferir-vos a explicar la vostra experi\u00e8ncia a l&#8217;alumnat de primer.<\/p>\n<p>Esperem que us vagi agradar la trobada i ja esteu amb ganes de comen\u00e7ar la vostra formaci\u00f3 a l&#8217;empresa \ud83d\udc4f\ud83d\ude01<\/p>\n\n<p>&nbsp;<\/p>\n","protected":false},"excerpt":{"rendered":"<p>La setmana passada vam organitzar una trobada a l&#8217;institut\u00a0Joan d&#8217;\u00c0ustria entre l&#8217;alumnat de 2n i de 1r de CFGS. Aquesta trobada tenia la intenci\u00f3 de qu\u00e8 l&#8217;alumnat de 2n pogu\u00e9s donar una visi\u00f3 m\u00e9s propera de la seva experi\u00e8ncia a les pr\u00e0ctiques FP dual Catalunya a l&#8217;alumnat de 1r i permetre con\u00e8ixer en profunditat la [&hellip;]<\/p>\n","protected":false},"author":254,"featured_media":12137,"comment_status":"open","ping_status":"closed","sticky":false,"template":"","format":"standard","meta":{"site-sidebar-layout":"default","site-content-layout":"","ast-site-content-layout":"","site-content-style":"default","site-sidebar-style":"default","ast-global-header-display":"","ast-banner-title-visibility":"","ast-main-header-display":"","ast-hfb-above-header-display":"","ast-hfb-below-header-display":"","ast-hfb-mobile-header-display":"","site-post-title":"","ast-breadcrumbs-content":"","ast-featured-img":"","footer-sml-layout":"","theme-transparent-header-meta":"","adv-header-id-meta":"","stick-header-meta":"","header-above-stick-meta":"","header-main-stick-meta":"","header-below-stick-meta":"","astra-migrate-meta-layouts":"default","ast-page-background-enabled":"default","ast-page-background-meta":{"desktop":{"background-color":"var(--ast-global-color-4)","background-image":"","background-repeat":"repeat","background-position":"center center","background-size":"auto","background-attachment":"scroll","background-type":"","background-media":"","overlay-type":"","overlay-color":"","overlay-opacity":"","overlay-gradient":""},"tablet":{"background-color":"","background-image":"","background-repeat":"repeat","background-position":"center center","background-size":"auto","background-attachment":"scroll","background-type":"","background-media":"","overlay-type":"","overlay-color":"","overlay-opacity":"","overlay-gradient":""},"mobile":{"background-color":"","background-image":"","background-repeat":"repeat","background-position":"center center","background-size":"auto","background-attachment":"scroll","background-type":"","background-media":"","overlay-type":"","overlay-color":"","overlay-opacity":"","overlay-gradient":""}},"ast-content-background-meta":{"desktop":{"background-color":"var(--ast-global-color-5)","background-image":"","background-repeat":"repeat","background-position":"center center","background-size":"auto","background-attachment":"scroll","background-type":"","background-media":"","overlay-type":"","overlay-color":"","overlay-opacity":"","overlay-gradient":""},"tablet":{"background-color":"var(--ast-global-color-5)","background-image":"","background-repeat":"repeat","background-position":"center center","background-size":"auto","background-attachment":"scroll","background-type":"","background-media":"","overlay-type":"","overlay-color":"","overlay-opacity":"","overlay-gradient":""},"mobile":{"background-color":"var(--ast-global-color-5)","background-image":"","background-repeat":"repeat","background-position":"center center","background-size":"auto","background-attachment":"scroll","background-type":"","background-media":"","overlay-type":"","overlay-color":"","overlay-opacity":"","overlay-gradient":""}},"footnotes":""},"categories":[154],"tags":[],"class_list":["post-12136","post","type-post","status-publish","format-standard","has-post-thumbnail","hentry","category-formacio"],"post_mailing_queue_ids":[],"_links":{"self":[{"href":"https:\/\/projectes.xtec.cat\/programesiprojectesfp\/wp-json\/wp\/v2\/posts\/12136","targetHints":{"allow":["GET"]}}],"collection":[{"href":"https:\/\/projectes.xtec.cat\/programesiprojectesfp\/wp-json\/wp\/v2\/posts"}],"about":[{"href":"https:\/\/projectes.xtec.cat\/programesiprojectesfp\/wp-json\/wp\/v2\/types\/post"}],"author":[{"embeddable":true,"href":"https:\/\/projectes.xtec.cat\/programesiprojectesfp\/wp-json\/wp\/v2\/users\/254"}],"replies":[{"embeddable":true,"href":"https:\/\/projectes.xtec.cat\/programesiprojectesfp\/wp-json\/wp\/v2\/comments?post=12136"}],"version-history":[{"count":3,"href":"https:\/\/projectes.xtec.cat\/programesiprojectesfp\/wp-json\/wp\/v2\/posts\/12136\/revisions"}],"predecessor-version":[{"id":12149,"href":"https:\/\/projectes.xtec.cat\/programesiprojectesfp\/wp-json\/wp\/v2\/posts\/12136\/revisions\/12149"}],"wp:featuredmedia":[{"embeddable":true,"href":"https:\/\/projectes.xtec.cat\/programesiprojectesfp\/wp-json\/wp\/v2\/media\/12137"}],"wp:attachment":[{"href":"https:\/\/projectes.xtec.cat\/programesiprojectesfp\/wp-json\/wp\/v2\/media?parent=12136"}],"wp:term":[{"taxonomy":"category","embeddable":true,"href":"https:\/\/projectes.xtec.cat\/programesiprojectesfp\/wp-json\/wp\/v2\/categories?post=12136"},{"taxonomy":"post_tag","embeddable":true,"href":"https:\/\/projectes.xtec.cat\/programesiprojectesfp\/wp-json\/wp\/v2\/tags?post=12136"}],"curies":[{"name":"wp","href":"https:\/\/api.w.org\/{rel}","templated":true}]}}