{"id":12574,"date":"2023-05-14T09:21:54","date_gmt":"2023-05-14T07:21:54","guid":{"rendered":"https:\/\/projectes.xtec.cat\/impulsfp\/?p=12574"},"modified":"2023-05-14T09:35:05","modified_gmt":"2023-05-14T07:35:05","slug":"potenciant-la-comunicacio-en-la-formacio-professional-la-clau-de-lexit","status":"publish","type":"post","link":"https:\/\/projectes.xtec.cat\/programesiprojectesfp\/general\/potenciant-la-comunicacio-en-la-formacio-professional-la-clau-de-lexit\/","title":{"rendered":"Potenciant la Comunicaci\u00f3 en la Formaci\u00f3 Professional: La clau de l&#8217;\u00e8xit"},"content":{"rendered":"<p><a href=\"https:\/\/projectes.xtec.cat\/impulsfp\/wp-content\/uploads\/usu2078\/2023\/05\/Captura-de-pantalla-2023-05-14-a-las-9.24.14.png\"><img loading=\"lazy\" decoding=\"async\" class=\"alignnone size-full wp-image-12578\" src=\"https:\/\/projectes.xtec.cat\/impulsfp\/wp-content\/uploads\/usu2078\/2023\/05\/Captura-de-pantalla-2023-05-14-a-las-9.24.14.png\" alt=\"\" width=\"942\" height=\"382\" srcset=\"https:\/\/projectes.xtec.cat\/programesiprojectesfp\/wp-content\/uploads\/usu2078\/2023\/05\/Captura-de-pantalla-2023-05-14-a-las-9.24.14.png 942w, https:\/\/projectes.xtec.cat\/programesiprojectesfp\/wp-content\/uploads\/usu2078\/2023\/05\/Captura-de-pantalla-2023-05-14-a-las-9.24.14-300x122.png 300w, https:\/\/projectes.xtec.cat\/programesiprojectesfp\/wp-content\/uploads\/usu2078\/2023\/05\/Captura-de-pantalla-2023-05-14-a-las-9.24.14-768x311.png 768w\" sizes=\"auto, (max-width: 942px) 100vw, 942px\" \/><\/a><br \/>\nEn l&#8217;\u00e0mbit de la Formaci\u00f3 Professional (FP), la comunicaci\u00f3 es converteix en un factor determinant per al desenvolupament dels estudiants i el seu futur professional. El concurs &#8220;L&#8217;\u00faltima paraula&#8221; \u00e9s un clar exemple de com es fomenta la compet\u00e8ncia comunicativa entre els alumnes d&#8217;FP, destacant la import\u00e0ncia de la comunicaci\u00f3 en el desenvolupament d&#8217;un projecte professional reeixit, ja sigui com a empleat, professional independent o emprenedor. En aquest article d&#8217;opini\u00f3, explorarem la rellev\u00e0ncia de la comunicaci\u00f3 en l&#8217;FP i com contribueix al creixement personal i professional dels estudiants.<\/p>\n<p>La comunicaci\u00f3 efectiva \u00e9s una habilitat essencial en qualsevol \u00e0mbit laboral. En l&#8217;FP, l&#8217;enfocament en el desenvolupament d&#8217;aquesta compet\u00e8ncia \u00e9s crucial, ja que permet als estudiants expressar-se de manera clara i persuasiva, tant de manera oral com escrita. La capacitat de comunicar-se de manera efectiva els permetr\u00e0 presentar les seves idees, negociar, resoldre conflictes i establir relacions s\u00f2lides amb col\u00b7legues i clients en l&#8217;entorn laboral.<\/p>\n<p>La incorporaci\u00f3 d&#8217;una categoria dedicada al debat en &#8220;L&#8217;\u00faltima paraula&#8221; demostra el valor que se li atorga a aquesta eina com a part del proc\u00e9s comunicatiu en l&#8217;FP. El debat promou l&#8217;an\u00e0lisi cr\u00edtica, l&#8217;intercanvi d&#8217;idees i la capacitat d&#8217;argumentaci\u00f3. Aquestes habilitats no sols enforteixen la comunicaci\u00f3 verbal, sin\u00f3 que tamb\u00e9 contribueixen al desenvolupament del pensament cr\u00edtic i la presa de decisions informades, compet\u00e8ncies clau en qualsevol camp professional.<\/p>\n<p>La inclusi\u00f3 d&#8217;una categoria especial per als docents reconeix la import\u00e0ncia del seu talent comunicatiu. Els educadors exerceixen un paper fonamental en la formaci\u00f3 dels estudiants, no sols transmetent coneixements, sin\u00f3 tamb\u00e9 ensenyant habilitats de comunicaci\u00f3 efectiva. En destacar el talent comunicatiu dels docents, se&#8217;ls brinda l&#8217;oportunitat de mostrar la seva expertise i servir com a models a seguir per als estudiants.<\/p>\n<p>La comunicaci\u00f3 efectiva es converteix en un factor determinant en la traject\u00f2ria professional dels estudiants d&#8217;FP. Aquells que posseeixen habilitats s\u00f2lides de comunicaci\u00f3 tenen un avantatge significatiu en el mercat laboral. Una comunicaci\u00f3 clara, concisa i persuasiva els permet presentar el seu treball, transmetre les seves idees i destacar entre altres professionals. A m\u00e9s, les habilitats de comunicaci\u00f3 tamb\u00e9 faciliten la construcci\u00f3 de xarxes professionals i la col\u00b7laboraci\u00f3 reeixida en equips de treball.<\/p>\n<p>La import\u00e0ncia de la comunicaci\u00f3 en la Formaci\u00f3 Professional no pot ser subestimada. El concurs &#8220;L&#8217;\u00faltima paraula&#8221; \u00e9s un clar exemple de com es valora i promou aquesta compet\u00e8ncia entre els estudiants d&#8217;FP. En potenciar les habilitats comunicatives, es prepara als estudiants per a enfrontar els desafiaments del m\u00f3n laboral, destacant entre els seus col\u00b7legues i obrint portes cap a l&#8217;\u00e8xit professional. La comunicaci\u00f3 efectiva \u00e9s una eina poderosa que ha de ser conreada i valorada en tots els nivells de la FP.<\/p>\n","protected":false},"excerpt":{"rendered":"<p>En l&#8217;\u00e0mbit de la Formaci\u00f3 Professional (FP), la comunicaci\u00f3 es converteix en un factor determinant per al desenvolupament dels estudiants i el seu futur professional. El concurs &#8220;L&#8217;\u00faltima paraula&#8221; \u00e9s un clar exemple de com es fomenta la compet\u00e8ncia comunicativa entre els alumnes d&#8217;FP, destacant la import\u00e0ncia de la comunicaci\u00f3 en el desenvolupament d&#8217;un projecte [&hellip;]<\/p>\n","protected":false},"author":1,"featured_media":12578,"comment_status":"closed","ping_status":"closed","sticky":false,"template":"","format":"standard","meta":{"site-sidebar-layout":"default","site-content-layout":"","ast-site-content-layout":"","site-content-style":"default","site-sidebar-style":"default","ast-global-header-display":"","ast-banner-title-visibility":"","ast-main-header-display":"","ast-hfb-above-header-display":"","ast-hfb-below-header-display":"","ast-hfb-mobile-header-display":"","site-post-title":"","ast-breadcrumbs-content":"","ast-featured-img":"","footer-sml-layout":"","theme-transparent-header-meta":"","adv-header-id-meta":"","stick-header-meta":"","header-above-stick-meta":"","header-main-stick-meta":"","header-below-stick-meta":"","astra-migrate-meta-layouts":"default","ast-page-background-enabled":"default","ast-page-background-meta":{"desktop":{"background-color":"var(--ast-global-color-4)","background-image":"","background-repeat":"repeat","background-position":"center center","background-size":"auto","background-attachment":"scroll","background-type":"","background-media":"","overlay-type":"","overlay-color":"","overlay-opacity":"","overlay-gradient":""},"tablet":{"background-color":"","background-image":"","background-repeat":"repeat","background-position":"center center","background-size":"auto","background-attachment":"scroll","background-type":"","background-media":"","overlay-type":"","overlay-color":"","overlay-opacity":"","overlay-gradient":""},"mobile":{"background-color":"","background-image":"","background-repeat":"repeat","background-position":"center center","background-size":"auto","background-attachment":"scroll","background-type":"","background-media":"","overlay-type":"","overlay-color":"","overlay-opacity":"","overlay-gradient":""}},"ast-content-background-meta":{"desktop":{"background-color":"var(--ast-global-color-5)","background-image":"","background-repeat":"repeat","background-position":"center center","background-size":"auto","background-attachment":"scroll","background-type":"","background-media":"","overlay-type":"","overlay-color":"","overlay-opacity":"","overlay-gradient":""},"tablet":{"background-color":"var(--ast-global-color-5)","background-image":"","background-repeat":"repeat","background-position":"center center","background-size":"auto","background-attachment":"scroll","background-type":"","background-media":"","overlay-type":"","overlay-color":"","overlay-opacity":"","overlay-gradient":""},"mobile":{"background-color":"var(--ast-global-color-5)","background-image":"","background-repeat":"repeat","background-position":"center center","background-size":"auto","background-attachment":"scroll","background-type":"","background-media":"","overlay-type":"","overlay-color":"","overlay-opacity":"","overlay-gradient":""}},"footnotes":""},"categories":[1],"tags":[],"class_list":["post-12574","post","type-post","status-publish","format-standard","has-post-thumbnail","hentry","category-general"],"post_mailing_queue_ids":[],"_links":{"self":[{"href":"https:\/\/projectes.xtec.cat\/programesiprojectesfp\/wp-json\/wp\/v2\/posts\/12574","targetHints":{"allow":["GET"]}}],"collection":[{"href":"https:\/\/projectes.xtec.cat\/programesiprojectesfp\/wp-json\/wp\/v2\/posts"}],"about":[{"href":"https:\/\/projectes.xtec.cat\/programesiprojectesfp\/wp-json\/wp\/v2\/types\/post"}],"author":[{"embeddable":true,"href":"https:\/\/projectes.xtec.cat\/programesiprojectesfp\/wp-json\/wp\/v2\/users\/1"}],"replies":[{"embeddable":true,"href":"https:\/\/projectes.xtec.cat\/programesiprojectesfp\/wp-json\/wp\/v2\/comments?post=12574"}],"version-history":[{"count":3,"href":"https:\/\/projectes.xtec.cat\/programesiprojectesfp\/wp-json\/wp\/v2\/posts\/12574\/revisions"}],"predecessor-version":[{"id":12582,"href":"https:\/\/projectes.xtec.cat\/programesiprojectesfp\/wp-json\/wp\/v2\/posts\/12574\/revisions\/12582"}],"wp:featuredmedia":[{"embeddable":true,"href":"https:\/\/projectes.xtec.cat\/programesiprojectesfp\/wp-json\/wp\/v2\/media\/12578"}],"wp:attachment":[{"href":"https:\/\/projectes.xtec.cat\/programesiprojectesfp\/wp-json\/wp\/v2\/media?parent=12574"}],"wp:term":[{"taxonomy":"category","embeddable":true,"href":"https:\/\/projectes.xtec.cat\/programesiprojectesfp\/wp-json\/wp\/v2\/categories?post=12574"},{"taxonomy":"post_tag","embeddable":true,"href":"https:\/\/projectes.xtec.cat\/programesiprojectesfp\/wp-json\/wp\/v2\/tags?post=12574"}],"curies":[{"name":"wp","href":"https:\/\/api.w.org\/{rel}","templated":true}]}}