{"id":12591,"date":"2023-05-17T23:16:01","date_gmt":"2023-05-17T21:16:01","guid":{"rendered":"https:\/\/projectes.xtec.cat\/impulsfp\/?p=12591"},"modified":"2023-05-17T23:16:51","modified_gmt":"2023-05-17T21:16:51","slug":"competencia-empresarial-en-leducacio-i-formacio-professional-vet-estudi-de-cas-de-cedefop","status":"publish","type":"post","link":"https:\/\/projectes.xtec.cat\/programesiprojectesfp\/general\/competencia-empresarial-en-leducacio-i-formacio-professional-vet-estudi-de-cas-de-cedefop\/","title":{"rendered":"Compet\u00e8ncia empresarial en l&#8217;educaci\u00f3 i formaci\u00f3 professional (VET): Estudi de cas de Cedefop"},"content":{"rendered":"<p><a href=\"https:\/\/projectes.xtec.cat\/impulsfp\/wp-content\/uploads\/usu2078\/2023\/05\/europeday_2023.jpg\"><img loading=\"lazy\" decoding=\"async\" class=\"wp-image-12592 aligncenter\" src=\"https:\/\/projectes.xtec.cat\/impulsfp\/wp-content\/uploads\/usu2078\/2023\/05\/europeday_2023-1024x576.jpg\" alt=\"\" width=\"562\" height=\"316\" srcset=\"https:\/\/projectes.xtec.cat\/programesiprojectesfp\/wp-content\/uploads\/usu2078\/2023\/05\/europeday_2023-1024x576.jpg 1024w, https:\/\/projectes.xtec.cat\/programesiprojectesfp\/wp-content\/uploads\/usu2078\/2023\/05\/europeday_2023-300x169.jpg 300w, https:\/\/projectes.xtec.cat\/programesiprojectesfp\/wp-content\/uploads\/usu2078\/2023\/05\/europeday_2023-768x432.jpg 768w, https:\/\/projectes.xtec.cat\/programesiprojectesfp\/wp-content\/uploads\/usu2078\/2023\/05\/europeday_2023.jpg 1280w\" sizes=\"auto, (max-width: 562px) 100vw, 562px\" \/><\/a>Acaba de publicar-se un estudi revolucionari titulat &#8220;Compet\u00e8ncia empresarial en l&#8217;educaci\u00f3 i formaci\u00f3 professional (VET): Estudi de cas de Cedefop&#8221;. Aquest informe es basa en la recerca realitzada per Cedefop i forma part d&#8217;una s\u00e8rie de vuit estudis de cas nacionals que inclouen Espanya, Fran\u00e7a, Cro\u00e0cia, It\u00e0lia, Let\u00f2nia, \u00c0ustria, Finl\u00e0ndia i Su\u00e8cia. A m\u00e9s, s&#8217;espera el llan\u00e7ament proper de l&#8217;informe final.<\/p>\n<p>L&#8217;estudi, dut a terme per Cedefop, l&#8217;Ag\u00e8ncia Europea per al Desenvolupament de l&#8217;Educaci\u00f3 i la Formaci\u00f3 Professional, t\u00e9 com a objectiu explorar la compet\u00e8ncia empresarial en l&#8217;\u00e0mbit de l&#8217;educaci\u00f3 i la formaci\u00f3 professional. Mitjan\u00e7ant an\u00e0lisis exhaustius, investigadors experts han examinat com s&#8217;estimula i es desenvolupa aquesta habilitat en els pa\u00efsos esmentats anteriorment.<\/p>\n<p>L&#8217;informe proporciona una visi\u00f3 detallada sobre les pol\u00edtiques i les pr\u00e0ctiques existents a cada un dels pa\u00efsos estudiats en relaci\u00f3 amb la compet\u00e8ncia empresarial en l&#8217;educaci\u00f3 i formaci\u00f3 professional. A m\u00e9s, destaca les iniciatives i els programes d&#8217;\u00e8xit que han demostrat promoure l&#8217;esperit empresarial i la innovaci\u00f3 en aquests contextos educatius.<\/p>\n<p>La recerca de Cedefop no nom\u00e9s analitza la compet\u00e8ncia empresarial des d&#8217;una perspectiva te\u00f2rica, sin\u00f3 que tamb\u00e9 identifica els factors clau que influeixen en el seu desenvolupament i ofereix recomanacions per a enfortir-la. Amb aquesta informaci\u00f3 valuosa, s&#8217;espera que els responsables pol\u00edtics, els educadors i els formadors puguin millorar els seus programes d&#8217;educaci\u00f3 i formaci\u00f3 professional, adaptant-los millor a les necessitats empresarials del segle XXI.<\/p>\n<p>El llan\u00e7ament d&#8217;aquest estudi representa un aven\u00e7 important en el camp de l&#8217;educaci\u00f3 i formaci\u00f3 professional, ja que proporciona una base s\u00f2lida per a futures investigacions i la millora cont\u00ednua dels sistemes educatius a tota Europa.<\/p>\n<p>A mesura que s&#8217;acosta la publicaci\u00f3 de l&#8217;informe final, s&#8217;espera que la comunitat educativa i els responsables pol\u00edtics estiguin ansi\u00f3s de con\u00e8ixer les conclusions i les recomanacions addicionals que Cedefop compartir\u00e0 amb el p\u00fablic. Aquest estudi promet proporcionar informaci\u00f3 valuosa per impulsar l&#8217;esperit empresarial i fomentar la innovaci\u00f3 en l&#8217;educaci\u00f3 i formaci\u00f3 professional en els pa\u00efsos participants.<\/p>\n<p>L&#8217;informe complet i detallat est\u00e0 disponible per a la desc\u00e0rrega al lloc web oficial de Cedefop. No et perdis aquesta oportunitat d&#8217;accedir a informaci\u00f3 rellevant sobre la compet\u00e8ncia empresarial en l&#8217;educaci\u00f3 i formaci\u00f3 professional!<\/p>\n<div><\/div>\n<div><a href=\"https:\/\/www.cedefop.europa.eu\/en\/publications\/5593\" target=\"_blank\" rel=\"noopener\" data-saferedirecturl=\"https:\/\/www.google.com\/url?q=https:\/\/www.cedefop.europa.eu\/en\/publications\/5593&amp;source=gmail&amp;ust=1684441704351000&amp;usg=AOvVaw1aFDZHS7PpU3YiRICVD00o\">https:\/\/www.cedefop.europa.eu\/<wbr \/>en\/publications\/5593<\/a><\/div>\n<div><\/div>\n<div>Document complet:<\/div>\n<div><\/div>\n<div><a href=\"https:\/\/www.cedefop.europa.eu\/files\/5593_en.pdf\" target=\"_blank\" rel=\"noopener\" data-saferedirecturl=\"https:\/\/www.google.com\/url?q=https:\/\/www.cedefop.europa.eu\/files\/5593_en.pdf&amp;source=gmail&amp;ust=1684441704351000&amp;usg=AOvVaw14kXfuZdr5Y7S9fYT5PLDS\">https:\/\/www.cedefop.europa.eu\/<wbr \/>files\/5593_en.pdf<\/a><\/div>\n","protected":false},"excerpt":{"rendered":"<p>Acaba de publicar-se un estudi revolucionari titulat &#8220;Compet\u00e8ncia empresarial en l&#8217;educaci\u00f3 i formaci\u00f3 professional (VET): Estudi de cas de Cedefop&#8221;. Aquest informe es basa en la recerca realitzada per Cedefop i forma part d&#8217;una s\u00e8rie de vuit estudis de cas nacionals que inclouen Espanya, Fran\u00e7a, Cro\u00e0cia, It\u00e0lia, Let\u00f2nia, \u00c0ustria, Finl\u00e0ndia i Su\u00e8cia. A m\u00e9s, s&#8217;espera [&hellip;]<\/p>\n","protected":false},"author":1,"featured_media":12592,"comment_status":"closed","ping_status":"closed","sticky":false,"template":"","format":"standard","meta":{"site-sidebar-layout":"default","site-content-layout":"","ast-site-content-layout":"","site-content-style":"default","site-sidebar-style":"default","ast-global-header-display":"","ast-banner-title-visibility":"","ast-main-header-display":"","ast-hfb-above-header-display":"","ast-hfb-below-header-display":"","ast-hfb-mobile-header-display":"","site-post-title":"","ast-breadcrumbs-content":"","ast-featured-img":"","footer-sml-layout":"","theme-transparent-header-meta":"","adv-header-id-meta":"","stick-header-meta":"","header-above-stick-meta":"","header-main-stick-meta":"","header-below-stick-meta":"","astra-migrate-meta-layouts":"default","ast-page-background-enabled":"default","ast-page-background-meta":{"desktop":{"background-color":"var(--ast-global-color-4)","background-image":"","background-repeat":"repeat","background-position":"center center","background-size":"auto","background-attachment":"scroll","background-type":"","background-media":"","overlay-type":"","overlay-color":"","overlay-opacity":"","overlay-gradient":""},"tablet":{"background-color":"","background-image":"","background-repeat":"repeat","background-position":"center center","background-size":"auto","background-attachment":"scroll","background-type":"","background-media":"","overlay-type":"","overlay-color":"","overlay-opacity":"","overlay-gradient":""},"mobile":{"background-color":"","background-image":"","background-repeat":"repeat","background-position":"center center","background-size":"auto","background-attachment":"scroll","background-type":"","background-media":"","overlay-type":"","overlay-color":"","overlay-opacity":"","overlay-gradient":""}},"ast-content-background-meta":{"desktop":{"background-color":"var(--ast-global-color-5)","background-image":"","background-repeat":"repeat","background-position":"center center","background-size":"auto","background-attachment":"scroll","background-type":"","background-media":"","overlay-type":"","overlay-color":"","overlay-opacity":"","overlay-gradient":""},"tablet":{"background-color":"var(--ast-global-color-5)","background-image":"","background-repeat":"repeat","background-position":"center center","background-size":"auto","background-attachment":"scroll","background-type":"","background-media":"","overlay-type":"","overlay-color":"","overlay-opacity":"","overlay-gradient":""},"mobile":{"background-color":"var(--ast-global-color-5)","background-image":"","background-repeat":"repeat","background-position":"center center","background-size":"auto","background-attachment":"scroll","background-type":"","background-media":"","overlay-type":"","overlay-color":"","overlay-opacity":"","overlay-gradient":""}},"footnotes":""},"categories":[1],"tags":[],"class_list":["post-12591","post","type-post","status-publish","format-standard","has-post-thumbnail","hentry","category-general"],"post_mailing_queue_ids":[],"_links":{"self":[{"href":"https:\/\/projectes.xtec.cat\/programesiprojectesfp\/wp-json\/wp\/v2\/posts\/12591","targetHints":{"allow":["GET"]}}],"collection":[{"href":"https:\/\/projectes.xtec.cat\/programesiprojectesfp\/wp-json\/wp\/v2\/posts"}],"about":[{"href":"https:\/\/projectes.xtec.cat\/programesiprojectesfp\/wp-json\/wp\/v2\/types\/post"}],"author":[{"embeddable":true,"href":"https:\/\/projectes.xtec.cat\/programesiprojectesfp\/wp-json\/wp\/v2\/users\/1"}],"replies":[{"embeddable":true,"href":"https:\/\/projectes.xtec.cat\/programesiprojectesfp\/wp-json\/wp\/v2\/comments?post=12591"}],"version-history":[{"count":2,"href":"https:\/\/projectes.xtec.cat\/programesiprojectesfp\/wp-json\/wp\/v2\/posts\/12591\/revisions"}],"predecessor-version":[{"id":12594,"href":"https:\/\/projectes.xtec.cat\/programesiprojectesfp\/wp-json\/wp\/v2\/posts\/12591\/revisions\/12594"}],"wp:featuredmedia":[{"embeddable":true,"href":"https:\/\/projectes.xtec.cat\/programesiprojectesfp\/wp-json\/wp\/v2\/media\/12592"}],"wp:attachment":[{"href":"https:\/\/projectes.xtec.cat\/programesiprojectesfp\/wp-json\/wp\/v2\/media?parent=12591"}],"wp:term":[{"taxonomy":"category","embeddable":true,"href":"https:\/\/projectes.xtec.cat\/programesiprojectesfp\/wp-json\/wp\/v2\/categories?post=12591"},{"taxonomy":"post_tag","embeddable":true,"href":"https:\/\/projectes.xtec.cat\/programesiprojectesfp\/wp-json\/wp\/v2\/tags?post=12591"}],"curies":[{"name":"wp","href":"https:\/\/api.w.org\/{rel}","templated":true}]}}