{"id":12675,"date":"2023-05-31T13:04:33","date_gmt":"2023-05-31T11:04:33","guid":{"rendered":"https:\/\/projectes.xtec.cat\/impulsfp\/?p=12675"},"modified":"2023-05-31T13:04:33","modified_gmt":"2023-05-31T11:04:33","slug":"iii-jornades-orientafp-genere-i-fp","status":"publish","type":"post","link":"https:\/\/projectes.xtec.cat\/programesiprojectesfp\/portada\/iii-jornades-orientafp-genere-i-fp\/","title":{"rendered":"III Jornades OrientaFP \u201cG\u00e8nere i FP\u201d."},"content":{"rendered":"<p><main id=\"main\"><\/p>\n<section class=\"padding-xs padding-sm padding-md colorSectionOdd\">\n<article class=\"container fullcontainer-xs\">\n<div class=\"row\">\n<div id=\"detall\">\n<div class=\"fpca_activitatAgenda\">\n<article>\n<div class=\"container\">\n<div class=\"row\">\n<div class=\"fitxa\">\n<div class=\" col-sm-8 m-0\">\n<div class=\"basic_text_peq m-15m link-dotted\">\n<p><a href=\"https:\/\/projectes.xtec.cat\/impulsfp\/wp-content\/uploads\/usu2078\/2023\/05\/agenda-410x275-orientafp-2023.png_1637373458-1.png\"><img loading=\"lazy\" decoding=\"async\" class=\"alignnone  wp-image-12676\" src=\"https:\/\/projectes.xtec.cat\/impulsfp\/wp-content\/uploads\/usu2078\/2023\/05\/agenda-410x275-orientafp-2023.png_1637373458-1.png\" alt=\"\" width=\"468\" height=\"314\" srcset=\"https:\/\/projectes.xtec.cat\/programesiprojectesfp\/wp-content\/uploads\/usu2078\/2023\/05\/agenda-410x275-orientafp-2023.png_1637373458-1.png 410w, https:\/\/projectes.xtec.cat\/programesiprojectesfp\/wp-content\/uploads\/usu2078\/2023\/05\/agenda-410x275-orientafp-2023.png_1637373458-1-300x201.png 300w\" sizes=\"auto, (max-width: 468px) 100vw, 468px\" \/><\/a><\/p>\n<p>El pr\u00f2xim 22 de juny del 2023, al Districte Administratiu de la Generalitat de Catalunya, es realitzaran les III Jornades<br \/>\nOrientaFP \u201cG\u00e8nere i formaci\u00f3 professional\u201d organitzades des de la unitat ImpulsFP de la Direcci\u00f3 General de Formaci\u00f3 Professional del Departament d\u2019Educaci\u00f3.<\/p>\n<p>Enguany, les jornades tracten de sensibilitzar al voltant de les pr\u00e0ctiques quotidianes dels i de les docents d\u2019FP, oferir recursos que ajudin al disseny i implementaci\u00f3 de les pol\u00edtiques i estrat\u00e8gies educatives dels centres, aix\u00ed com posar en joc elements de discussi\u00f3 sobre g\u00e8nere, educaci\u00f3 i formaci\u00f3 en el context general de la formaci\u00f3 professional, tenint en compte la perspectiva de g\u00e8nere.<\/p>\n<p>L\u2019esdeveniment s&amp;#39;iniciar\u00e0 a les 9.00 h amb la confer\u00e8ncia de la Dra. Kristina Ledman de la Universitat d\u2019Umea (Su\u00e8cia). A continuaci\u00f3 dues taules rodones: la primera d\u2019elles titulada \u201cEls biaixos de g\u00e8nere en la formaci\u00f3 professional\u201d i la segona anomenada \u201cPer un treball sense g\u00e8nere: el rol de les empreses en la Formaci\u00f3 Professional\u201d. Per acabar, la Dra. Marina Subirats ens parlar\u00e0 sobre la dificultat d\u2019erradicar el biaix de g\u00e8nere en FP a causa de l\u2019associaci\u00f3 d\u2019aquesta etapa educativa a professions masculines. Les jornades finalitzen amb el desenvolupament de manera simult\u00e0nia de cinc tallers organitzats per diferents associacions i professionals docents de Catalunya.<\/p>\n<p>Per formalitzar la inscripci\u00f3, aqu\u00ed teniu l\u2019enlla\u00e7: https:\/\/acortar.link\/aos7lB<br \/>\nPodeu trobar m\u00e9s informaci\u00f3 sobre el programa, els ponents i els tallers a la p\u00e0gina web de l\u2019esdeveniment: https:\/\/www.impulsfp.cat\/jornadesorientafp\/<\/p>\n<p>P\u00e0gina web<\/p>\n<blockquote class=\"wp-embedded-content\" data-secret=\"ueoXo962eR\"><p><a href=\"https:\/\/www.impulsfp.cat\/jornadesorientafp\/iii\/presentacio3\/\">Presentaci\u00f33<\/a><\/p><\/blockquote>\n<p><iframe loading=\"lazy\" class=\"wp-embedded-content\" sandbox=\"allow-scripts\" security=\"restricted\" style=\"position: absolute; clip: rect(1px, 1px, 1px, 1px);\" title=\"&#8220;Presentaci\u00f33&#8221; &#8212; Jornades OrientaFP\" src=\"https:\/\/www.impulsfp.cat\/jornadesorientafp\/iii\/presentacio3\/embed\/#?secret=lO11fvHVb7#?secret=ueoXo962eR\" data-secret=\"ueoXo962eR\" width=\"500\" height=\"282\" frameborder=\"0\" marginwidth=\"0\" marginheight=\"0\" scrolling=\"no\"><\/iframe><\/p>\n<\/div>\n<\/div>\n<\/div>\n<\/div>\n<\/div>\n<\/article>\n<\/div>\n<\/div>\n<\/div>\n<\/article>\n<\/section>\n<p><\/main><\/p>\n","protected":false},"excerpt":{"rendered":"<p>El pr\u00f2xim 22 de juny del 2023, al Districte Administratiu de la Generalitat de Catalunya, es realitzaran les III Jornades OrientaFP \u201cG\u00e8nere i formaci\u00f3 professional\u201d organitzades des de la unitat ImpulsFP de la Direcci\u00f3 General de Formaci\u00f3 Professional del Departament d\u2019Educaci\u00f3. Enguany, les jornades tracten de sensibilitzar al voltant de les pr\u00e0ctiques quotidianes dels i [&hellip;]<\/p>\n","protected":false},"author":1,"featured_media":12676,"comment_status":"closed","ping_status":"closed","sticky":false,"template":"","format":"standard","meta":{"site-sidebar-layout":"default","site-content-layout":"","ast-site-content-layout":"","site-content-style":"default","site-sidebar-style":"default","ast-global-header-display":"","ast-banner-title-visibility":"","ast-main-header-display":"","ast-hfb-above-header-display":"","ast-hfb-below-header-display":"","ast-hfb-mobile-header-display":"","site-post-title":"","ast-breadcrumbs-content":"","ast-featured-img":"","footer-sml-layout":"","theme-transparent-header-meta":"","adv-header-id-meta":"","stick-header-meta":"","header-above-stick-meta":"","header-main-stick-meta":"","header-below-stick-meta":"","astra-migrate-meta-layouts":"default","ast-page-background-enabled":"default","ast-page-background-meta":{"desktop":{"background-color":"var(--ast-global-color-4)","background-image":"","background-repeat":"repeat","background-position":"center center","background-size":"auto","background-attachment":"scroll","background-type":"","background-media":"","overlay-type":"","overlay-color":"","overlay-opacity":"","overlay-gradient":""},"tablet":{"background-color":"","background-image":"","background-repeat":"repeat","background-position":"center center","background-size":"auto","background-attachment":"scroll","background-type":"","background-media":"","overlay-type":"","overlay-color":"","overlay-opacity":"","overlay-gradient":""},"mobile":{"background-color":"","background-image":"","background-repeat":"repeat","background-position":"center center","background-size":"auto","background-attachment":"scroll","background-type":"","background-media":"","overlay-type":"","overlay-color":"","overlay-opacity":"","overlay-gradient":""}},"ast-content-background-meta":{"desktop":{"background-color":"var(--ast-global-color-5)","background-image":"","background-repeat":"repeat","background-position":"center center","background-size":"auto","background-attachment":"scroll","background-type":"","background-media":"","overlay-type":"","overlay-color":"","overlay-opacity":"","overlay-gradient":""},"tablet":{"background-color":"var(--ast-global-color-5)","background-image":"","background-repeat":"repeat","background-position":"center center","background-size":"auto","background-attachment":"scroll","background-type":"","background-media":"","overlay-type":"","overlay-color":"","overlay-opacity":"","overlay-gradient":""},"mobile":{"background-color":"var(--ast-global-color-5)","background-image":"","background-repeat":"repeat","background-position":"center center","background-size":"auto","background-attachment":"scroll","background-type":"","background-media":"","overlay-type":"","overlay-color":"","overlay-opacity":"","overlay-gradient":""}},"footnotes":""},"categories":[29],"tags":[],"class_list":["post-12675","post","type-post","status-publish","format-standard","has-post-thumbnail","hentry","category-portada"],"post_mailing_queue_ids":[],"_links":{"self":[{"href":"https:\/\/projectes.xtec.cat\/programesiprojectesfp\/wp-json\/wp\/v2\/posts\/12675","targetHints":{"allow":["GET"]}}],"collection":[{"href":"https:\/\/projectes.xtec.cat\/programesiprojectesfp\/wp-json\/wp\/v2\/posts"}],"about":[{"href":"https:\/\/projectes.xtec.cat\/programesiprojectesfp\/wp-json\/wp\/v2\/types\/post"}],"author":[{"embeddable":true,"href":"https:\/\/projectes.xtec.cat\/programesiprojectesfp\/wp-json\/wp\/v2\/users\/1"}],"replies":[{"embeddable":true,"href":"https:\/\/projectes.xtec.cat\/programesiprojectesfp\/wp-json\/wp\/v2\/comments?post=12675"}],"version-history":[{"count":1,"href":"https:\/\/projectes.xtec.cat\/programesiprojectesfp\/wp-json\/wp\/v2\/posts\/12675\/revisions"}],"predecessor-version":[{"id":12677,"href":"https:\/\/projectes.xtec.cat\/programesiprojectesfp\/wp-json\/wp\/v2\/posts\/12675\/revisions\/12677"}],"wp:featuredmedia":[{"embeddable":true,"href":"https:\/\/projectes.xtec.cat\/programesiprojectesfp\/wp-json\/wp\/v2\/media\/12676"}],"wp:attachment":[{"href":"https:\/\/projectes.xtec.cat\/programesiprojectesfp\/wp-json\/wp\/v2\/media?parent=12675"}],"wp:term":[{"taxonomy":"category","embeddable":true,"href":"https:\/\/projectes.xtec.cat\/programesiprojectesfp\/wp-json\/wp\/v2\/categories?post=12675"},{"taxonomy":"post_tag","embeddable":true,"href":"https:\/\/projectes.xtec.cat\/programesiprojectesfp\/wp-json\/wp\/v2\/tags?post=12675"}],"curies":[{"name":"wp","href":"https:\/\/api.w.org\/{rel}","templated":true}]}}