{"id":12699,"date":"2023-06-11T11:39:53","date_gmt":"2023-06-11T09:39:53","guid":{"rendered":"https:\/\/projectes.xtec.cat\/impulsfp\/?p=12699"},"modified":"2023-06-13T12:04:05","modified_gmt":"2023-06-13T10:04:05","slug":"lemocio-senlaira-la-liga-espanola-de-debate-en-formacion-profesional-enta-en-la-fase-de-la-final","status":"publish","type":"post","link":"https:\/\/projectes.xtec.cat\/programesiprojectesfp\/general\/lemocio-senlaira-la-liga-espanola-de-debate-en-formacion-profesional-enta-en-la-fase-de-la-final\/","title":{"rendered":"L&#8217;emoci\u00f3 s&#8217;enlaira: La Liga Espa\u00f1ola de Debate en Formaci\u00f3n Profesional que entra en la fase de la final"},"content":{"rendered":"<p><a href=\"https:\/\/projectes.xtec.cat\/impulsfp\/wp-content\/uploads\/usu2078\/2023\/06\/Captura-1.png\"><img loading=\"lazy\" decoding=\"async\" class=\"wp-image-12700 aligncenter\" src=\"https:\/\/projectes.xtec.cat\/impulsfp\/wp-content\/uploads\/usu2078\/2023\/06\/Captura-1-1024x488.png\" alt=\"\" width=\"619\" height=\"295\" srcset=\"https:\/\/projectes.xtec.cat\/programesiprojectesfp\/wp-content\/uploads\/usu2078\/2023\/06\/Captura-1-1024x488.png 1024w, https:\/\/projectes.xtec.cat\/programesiprojectesfp\/wp-content\/uploads\/usu2078\/2023\/06\/Captura-1-300x143.png 300w, https:\/\/projectes.xtec.cat\/programesiprojectesfp\/wp-content\/uploads\/usu2078\/2023\/06\/Captura-1-768x366.png 768w, https:\/\/projectes.xtec.cat\/programesiprojectesfp\/wp-content\/uploads\/usu2078\/2023\/06\/Captura-1.png 1234w\" sizes=\"auto, (max-width: 619px) 100vw, 619px\" \/><\/a><\/p>\n<p>La competici\u00f3 est\u00e0 a punt de comen\u00e7ar la seva recta final i l&#8217;emoci\u00f3 est\u00e0 en l&#8217;aire. Des de Abdera i la Liga Espa\u00f1ola de Debate Universitario, estem emocionats de continuar ampliant els horitzons del debat en els diferents \u00e0mbits educatius. Aquest any, estem a punt de fer realitat un projecte que hav\u00edem somiat durant molt de temps: la primera edici\u00f3 de la Liga Espa\u00f1ola de Debate en Formaci\u00f3n Profesional.<\/p>\n<p>Aquesta iniciativa t\u00e9 com a objectiu, al igual que en les nostres altres competicions, completar la formaci\u00f3 de les habilitats transversals dels estudiants de Formaci\u00f3 Professional. Ens centrem en el desenvolupament de compet\u00e8ncies com la comunicaci\u00f3 oral, el pensament cr\u00edtic i el treball en equip. Aquestes habilitats seran de gran utilitat per al seu futur professional, donant-los una avantatge en el m\u00f3n laboral.<\/p>\n<p>En diverses comunitats aut\u00f2nomes ja van\u00a0 seleccionar els equips que les representaran. L&#8217;emoci\u00f3 i la tensi\u00f3 s\u00f3n palpables mentre els estudiants defensen les seves opinions i argumenten els seus punts de vista. Els millors equips tindran l&#8217;oportunitat de lluitar per la vict\u00f2ria a la fase final, que se celebra els dies 10 i 11 de juny a Madrid.<\/p>\n<p>Enguany, la pregunta que es debatr\u00e0 a la fase final \u00e9s: &#8220;Les xarxes socials perjudiquen la salut mental?&#8221;. \u00c9s una oportunitat perqu\u00e8 els equips de diferents comunitats aut\u00f2nomes, com Madrid, Castella-la Manxa i Catalunya, mostrin les seves habilitats de debat i defensin les seves posicions amb passi\u00f3 i intel\u00b7lig\u00e8ncia.<\/p>\n<p>Els instituts de Catalunya que participen en aquesta apassionant competici\u00f3 s\u00f3n l&#8217;Institut Bosc de la Coma d&#8217;Olot, Girona, l&#8217;Institut Escola del Treball de Barcelona i l&#8217;Institut Baix Camp de Reus, Tarragona. Estem conven\u00e7uts que aquests joves talents ens sorprendran amb les seves habilitats de debat i el seu entusiasme.<\/p>\n<p>La Liga Espa\u00f1ola de Debate en Formaci\u00f3n Profesional \u00e9s una oportunitat per als estudiants de demostrar les seves habilitats comunicatives i de debat, mentre desenvolupen les seves capacitats per afrontar reptes professionals. Estem emocionats de presenciar aquest esdeveniment i veure com aquests joves debatents brillen en l&#8217;escenari.<\/p>\n<p>Que comenci la final i que els millors equips guanyin. El debat est\u00e0 assegurat i l&#8217;emoci\u00f3 ens acompanya en aquest apassionant viatge cap a la vict\u00f2ria.<\/p>\n","protected":false},"excerpt":{"rendered":"<p>La competici\u00f3 est\u00e0 a punt de comen\u00e7ar la seva recta final i l&#8217;emoci\u00f3 est\u00e0 en l&#8217;aire. Des de Abdera i la Liga Espa\u00f1ola de Debate Universitario, estem emocionats de continuar ampliant els horitzons del debat en els diferents \u00e0mbits educatius. Aquest any, estem a punt de fer realitat un projecte que hav\u00edem somiat durant molt [&hellip;]<\/p>\n","protected":false},"author":1,"featured_media":12700,"comment_status":"closed","ping_status":"closed","sticky":false,"template":"","format":"standard","meta":{"site-sidebar-layout":"default","site-content-layout":"","ast-site-content-layout":"","site-content-style":"default","site-sidebar-style":"default","ast-global-header-display":"","ast-banner-title-visibility":"","ast-main-header-display":"","ast-hfb-above-header-display":"","ast-hfb-below-header-display":"","ast-hfb-mobile-header-display":"","site-post-title":"","ast-breadcrumbs-content":"","ast-featured-img":"","footer-sml-layout":"","theme-transparent-header-meta":"","adv-header-id-meta":"","stick-header-meta":"","header-above-stick-meta":"","header-main-stick-meta":"","header-below-stick-meta":"","astra-migrate-meta-layouts":"default","ast-page-background-enabled":"default","ast-page-background-meta":{"desktop":{"background-color":"var(--ast-global-color-4)","background-image":"","background-repeat":"repeat","background-position":"center center","background-size":"auto","background-attachment":"scroll","background-type":"","background-media":"","overlay-type":"","overlay-color":"","overlay-opacity":"","overlay-gradient":""},"tablet":{"background-color":"","background-image":"","background-repeat":"repeat","background-position":"center center","background-size":"auto","background-attachment":"scroll","background-type":"","background-media":"","overlay-type":"","overlay-color":"","overlay-opacity":"","overlay-gradient":""},"mobile":{"background-color":"","background-image":"","background-repeat":"repeat","background-position":"center center","background-size":"auto","background-attachment":"scroll","background-type":"","background-media":"","overlay-type":"","overlay-color":"","overlay-opacity":"","overlay-gradient":""}},"ast-content-background-meta":{"desktop":{"background-color":"var(--ast-global-color-5)","background-image":"","background-repeat":"repeat","background-position":"center center","background-size":"auto","background-attachment":"scroll","background-type":"","background-media":"","overlay-type":"","overlay-color":"","overlay-opacity":"","overlay-gradient":""},"tablet":{"background-color":"var(--ast-global-color-5)","background-image":"","background-repeat":"repeat","background-position":"center center","background-size":"auto","background-attachment":"scroll","background-type":"","background-media":"","overlay-type":"","overlay-color":"","overlay-opacity":"","overlay-gradient":""},"mobile":{"background-color":"var(--ast-global-color-5)","background-image":"","background-repeat":"repeat","background-position":"center center","background-size":"auto","background-attachment":"scroll","background-type":"","background-media":"","overlay-type":"","overlay-color":"","overlay-opacity":"","overlay-gradient":""}},"footnotes":""},"categories":[287,1,29],"tags":[],"class_list":["post-12699","post","type-post","status-publish","format-standard","has-post-thumbnail","hentry","category-emprenfp","category-general","category-portada"],"post_mailing_queue_ids":[],"_links":{"self":[{"href":"https:\/\/projectes.xtec.cat\/programesiprojectesfp\/wp-json\/wp\/v2\/posts\/12699","targetHints":{"allow":["GET"]}}],"collection":[{"href":"https:\/\/projectes.xtec.cat\/programesiprojectesfp\/wp-json\/wp\/v2\/posts"}],"about":[{"href":"https:\/\/projectes.xtec.cat\/programesiprojectesfp\/wp-json\/wp\/v2\/types\/post"}],"author":[{"embeddable":true,"href":"https:\/\/projectes.xtec.cat\/programesiprojectesfp\/wp-json\/wp\/v2\/users\/1"}],"replies":[{"embeddable":true,"href":"https:\/\/projectes.xtec.cat\/programesiprojectesfp\/wp-json\/wp\/v2\/comments?post=12699"}],"version-history":[{"count":3,"href":"https:\/\/projectes.xtec.cat\/programesiprojectesfp\/wp-json\/wp\/v2\/posts\/12699\/revisions"}],"predecessor-version":[{"id":12703,"href":"https:\/\/projectes.xtec.cat\/programesiprojectesfp\/wp-json\/wp\/v2\/posts\/12699\/revisions\/12703"}],"wp:featuredmedia":[{"embeddable":true,"href":"https:\/\/projectes.xtec.cat\/programesiprojectesfp\/wp-json\/wp\/v2\/media\/12700"}],"wp:attachment":[{"href":"https:\/\/projectes.xtec.cat\/programesiprojectesfp\/wp-json\/wp\/v2\/media?parent=12699"}],"wp:term":[{"taxonomy":"category","embeddable":true,"href":"https:\/\/projectes.xtec.cat\/programesiprojectesfp\/wp-json\/wp\/v2\/categories?post=12699"},{"taxonomy":"post_tag","embeddable":true,"href":"https:\/\/projectes.xtec.cat\/programesiprojectesfp\/wp-json\/wp\/v2\/tags?post=12699"}],"curies":[{"name":"wp","href":"https:\/\/api.w.org\/{rel}","templated":true}]}}