{"id":12965,"date":"2023-10-27T10:57:23","date_gmt":"2023-10-27T08:57:23","guid":{"rendered":"https:\/\/projectes.xtec.cat\/impulsfp\/?p=12965"},"modified":"2023-10-27T11:01:54","modified_gmt":"2023-10-27T09:01:54","slug":"primera-trobada-de-lespai-obert-amb-mes-de-100-assistents","status":"publish","type":"post","link":"https:\/\/projectes.xtec.cat\/programesiprojectesfp\/general\/primera-trobada-de-lespai-obert-amb-mes-de-100-assistents\/","title":{"rendered":"Primera trobada de l&#8217;Espai Obert amb m\u00e9s de 100 assistents"},"content":{"rendered":"<p>La primera cita del calendari de l&#8217;Espai obert,\u00a0 va tenir lloc a l&#8217;Institut Obert de Catalunya, i tract\u00e0 el tema de la salut mental, el ponent convidat, en Joan Roa, psic\u00f2leg, professor associat i investigador de Psicologia Social a la Universitat de Girona, va parlar sobre com identificar i acompanyar els trastorns mentals, les dificultats emocionals i la gesti\u00f3 de la conducta, entre altres q\u00fcestions que s\u00f3n comunes a les aules i que poden ser un repte per als docents.<\/p>\n<p>Joan Roa va oferir eines i estrat\u00e8gies per abordar aquests problemes, destacant la import\u00e0ncia d&#8217;identificar els factors de risc i prevenci\u00f3 en els estudiants. Tamb\u00e9 va subratllar la import\u00e0ncia de treballar amb els alumnes la toler\u00e0ncia als errors i com gestionar la frustraci\u00f3, ja que aquests s\u00f3n factors crucials per a una bona salut mental.<\/p>\n<p>Aquesta trobada va ser una oportunitat valuosa per als docents per obtenir coneixements i eines per millorar la seva capacitat oferir suport als estudiants en q\u00fcestions de salut mental i emocional. Les recomanacions de Joan Roa als docents semblen van estar centrades en la import\u00e0ncia de la seva pr\u00f2pia salut i benestar, aix\u00ed com en la creaci\u00f3 d&#8217;espais col\u00b7laboratius per abordar q\u00fcestions relacionades amb la seva feina com a educadors, com s\u00f3n els claustres pedag\u00f2gics.<\/p>\n<p>La trobada, de format breu, va ser molt participativa i va generar un inter\u00e8s significatiu entre els assistents, tant els presents a l&#8217;aula com els que la seguien en l\u00ednia. Aquesta reacci\u00f3 demostra la import\u00e0ncia creixent que els docents donen a la salut mental i al benestar emocional dels seus alumnes. Algunes de les observacions i comentaris realitzats pels assistents destaquen punts claus:<\/p>\n<p>&#8216;Cal distingir entre malestar emocional i trastorn de salut mental&#8217; segons comentava la Carmen G\u00f3mez, de Prat educaci\u00f3 a la sortida, &#8216;ja que el malestar emocional \u00e9s adaptatiu i necessari i pot ser una resposta normal a les circumst\u00e0ncies&#8217;.<\/p>\n<p>En Roger Bellmunt, professor del IOC va destacar al finalitzar: &#8216;M&#8217;enduc eines i estrat\u00e8gies per a la tutoria en l\u00ednia, per poder identificar quan alguna cosa no va b\u00e9 amb els estudiants&#8217;<\/p>\n<p>El cicle de trobades de l&#8217;Espai obert fomenta l&#8217;aprenentatge entre iguals, la formaci\u00f3 continua i una oportunitat valuosa per al di\u00e0leg.<\/p>\n<p>Per a m\u00e9s informaci\u00f3 sobre la xerrada i inscripcions a les properes trobades, consulteu la p\u00e0gina web <a href=\"http:\/\/151.80.43.150:14129\/quefarem\">d&#8217;Espai obert.<\/a><\/p>\n","protected":false},"excerpt":{"rendered":"<p>La primera cita del calendari de l&#8217;Espai obert,\u00a0 va tenir lloc a l&#8217;Institut Obert de Catalunya, i tract\u00e0 el tema de la salut mental, el ponent convidat, en Joan Roa, psic\u00f2leg, professor associat i investigador de Psicologia Social a la Universitat de Girona, va parlar sobre com identificar i acompanyar els trastorns mentals, les dificultats [&hellip;]<\/p>\n","protected":false},"author":1,"featured_media":12966,"comment_status":"closed","ping_status":"closed","sticky":false,"template":"","format":"standard","meta":{"site-sidebar-layout":"default","site-content-layout":"","ast-site-content-layout":"","site-content-style":"default","site-sidebar-style":"default","ast-global-header-display":"","ast-banner-title-visibility":"","ast-main-header-display":"","ast-hfb-above-header-display":"","ast-hfb-below-header-display":"","ast-hfb-mobile-header-display":"","site-post-title":"","ast-breadcrumbs-content":"","ast-featured-img":"","footer-sml-layout":"","theme-transparent-header-meta":"","adv-header-id-meta":"","stick-header-meta":"","header-above-stick-meta":"","header-main-stick-meta":"","header-below-stick-meta":"","astra-migrate-meta-layouts":"default","ast-page-background-enabled":"default","ast-page-background-meta":{"desktop":{"background-color":"var(--ast-global-color-4)","background-image":"","background-repeat":"repeat","background-position":"center center","background-size":"auto","background-attachment":"scroll","background-type":"","background-media":"","overlay-type":"","overlay-color":"","overlay-opacity":"","overlay-gradient":""},"tablet":{"background-color":"","background-image":"","background-repeat":"repeat","background-position":"center center","background-size":"auto","background-attachment":"scroll","background-type":"","background-media":"","overlay-type":"","overlay-color":"","overlay-opacity":"","overlay-gradient":""},"mobile":{"background-color":"","background-image":"","background-repeat":"repeat","background-position":"center center","background-size":"auto","background-attachment":"scroll","background-type":"","background-media":"","overlay-type":"","overlay-color":"","overlay-opacity":"","overlay-gradient":""}},"ast-content-background-meta":{"desktop":{"background-color":"var(--ast-global-color-5)","background-image":"","background-repeat":"repeat","background-position":"center center","background-size":"auto","background-attachment":"scroll","background-type":"","background-media":"","overlay-type":"","overlay-color":"","overlay-opacity":"","overlay-gradient":""},"tablet":{"background-color":"var(--ast-global-color-5)","background-image":"","background-repeat":"repeat","background-position":"center center","background-size":"auto","background-attachment":"scroll","background-type":"","background-media":"","overlay-type":"","overlay-color":"","overlay-opacity":"","overlay-gradient":""},"mobile":{"background-color":"var(--ast-global-color-5)","background-image":"","background-repeat":"repeat","background-position":"center center","background-size":"auto","background-attachment":"scroll","background-type":"","background-media":"","overlay-type":"","overlay-color":"","overlay-opacity":"","overlay-gradient":""}},"footnotes":""},"categories":[64,66,154,1,76],"tags":[414,410,413,412],"class_list":["post-12965","post","type-post","status-publish","format-standard","has-post-thumbnail","hentry","category-comunitat","category-dinamitzacio","category-formacio","category-general","category-recursos","tag-eines","tag-estudiants","tag-recursos","tag-salut-mental"],"post_mailing_queue_ids":[],"_links":{"self":[{"href":"https:\/\/projectes.xtec.cat\/programesiprojectesfp\/wp-json\/wp\/v2\/posts\/12965","targetHints":{"allow":["GET"]}}],"collection":[{"href":"https:\/\/projectes.xtec.cat\/programesiprojectesfp\/wp-json\/wp\/v2\/posts"}],"about":[{"href":"https:\/\/projectes.xtec.cat\/programesiprojectesfp\/wp-json\/wp\/v2\/types\/post"}],"author":[{"embeddable":true,"href":"https:\/\/projectes.xtec.cat\/programesiprojectesfp\/wp-json\/wp\/v2\/users\/1"}],"replies":[{"embeddable":true,"href":"https:\/\/projectes.xtec.cat\/programesiprojectesfp\/wp-json\/wp\/v2\/comments?post=12965"}],"version-history":[{"count":2,"href":"https:\/\/projectes.xtec.cat\/programesiprojectesfp\/wp-json\/wp\/v2\/posts\/12965\/revisions"}],"predecessor-version":[{"id":12968,"href":"https:\/\/projectes.xtec.cat\/programesiprojectesfp\/wp-json\/wp\/v2\/posts\/12965\/revisions\/12968"}],"wp:featuredmedia":[{"embeddable":true,"href":"https:\/\/projectes.xtec.cat\/programesiprojectesfp\/wp-json\/wp\/v2\/media\/12966"}],"wp:attachment":[{"href":"https:\/\/projectes.xtec.cat\/programesiprojectesfp\/wp-json\/wp\/v2\/media?parent=12965"}],"wp:term":[{"taxonomy":"category","embeddable":true,"href":"https:\/\/projectes.xtec.cat\/programesiprojectesfp\/wp-json\/wp\/v2\/categories?post=12965"},{"taxonomy":"post_tag","embeddable":true,"href":"https:\/\/projectes.xtec.cat\/programesiprojectesfp\/wp-json\/wp\/v2\/tags?post=12965"}],"curies":[{"name":"wp","href":"https:\/\/api.w.org\/{rel}","templated":true}]}}