{"id":13127,"date":"2023-12-05T12:59:41","date_gmt":"2023-12-05T11:59:41","guid":{"rendered":"https:\/\/projectes.xtec.cat\/impulsfp\/?p=13127"},"modified":"2023-12-06T09:29:26","modified_gmt":"2023-12-06T08:29:26","slug":"reverberacions-jornada-dactivacions-tecniques-i-culturals","status":"publish","type":"post","link":"https:\/\/projectes.xtec.cat\/programesiprojectesfp\/portada\/reverberacions-jornada-dactivacions-tecniques-i-culturals\/","title":{"rendered":"Reverberacions: jornada d&#8217;activacions t\u00e8cniques i culturals"},"content":{"rendered":"<p>Enguany a l&#8217;<a href=\"https:\/\/www.emav.com\/\">EMAV (Institut Mitjans Audiovisuals)<\/a> celebrem la segona edici\u00f3 del cicle Reverberacions, despr\u00e9s d&#8217;una <a href=\"https:\/\/www.emav.com\/reverberacions-cicle-dactivacions-culturals\/\">primera edici\u00f3 motivadora i engrescadora<\/a>.<\/p>\n<p><a href=\"https:\/\/www.emav.com\/reverberacions-jornada-dactivacions-culturals\/\"><strong>Reverberacions<\/strong><\/a> \u00e9s una jornada d\u2019activacions culturals que es dura a terme el dijous 14 de desembre a la Sala d\u2019Actes del centre, formant part del M\u00f2dul de Projectes, est\u00e0 obert a tota la comunitat educativa de l\u2019EMAV. Reverberacions \u00e9s una zona temporalment aut\u00f2noma que neix per a ser una resson\u00e0ncia de veus diverses, un espai on es comparteixen processos creatius que exploren la conflu\u00e8ncia entre la tecnologia, l\u2019audiovisual i lo sonor a partir de diferents invitades.<\/p>\n<div style=\"width: 848px;\" class=\"wp-video\"><!--[if lt IE 9]><script>document.createElement('video');<\/script><![endif]-->\n<video class=\"wp-video-shortcode\" id=\"video-13127-1\" width=\"848\" height=\"478\" preload=\"metadata\" controls=\"controls\"><source type=\"video\/mp4\" src=\"https:\/\/projectes.xtec.cat\/impulsfp\/wp-content\/uploads\/usu2078\/2023\/12\/21ED0D10-4240-4CB7-BA2D-35E449FFDC8E_1_102_o.jpeg_V111.mp4?_=1\" \/><a href=\"https:\/\/projectes.xtec.cat\/impulsfp\/wp-content\/uploads\/usu2078\/2023\/12\/21ED0D10-4240-4CB7-BA2D-35E449FFDC8E_1_102_o.jpeg_V111.mp4\">https:\/\/projectes.xtec.cat\/impulsfp\/wp-content\/uploads\/usu2078\/2023\/12\/21ED0D10-4240-4CB7-BA2D-35E449FFDC8E_1_102_o.jpeg_V111.mp4<\/a><\/video><\/div>\n<p>L\u2019objectiu principal del cicle \u00e9s fomentar la innovaci\u00f3 en tota la comunitat educativa en el terreny de la imatge, el so i l\u2019audiovisual en general, a m\u00e9s d\u2019aportar refer\u00e8ncies des de la perspectiva de g\u00e8nere. Durant el dijous 14 de desembre ens submergim en la necess\u00e0ria reflexi\u00f3 de la repercussi\u00f3 de les aportacions creatives i t\u00e8cniques en l\u2019\u00e0mbit de les narratives contempor\u00e0nies i tecnologies audiovisuals.<\/p>\n<p>Segueix les novetats al nostre <a href=\"https:\/\/www.instagram.com\/emavescola\/\">Instagram<\/a> i <a href=\"https:\/\/twitter.com\/emavescola\">Twitter<\/a><\/p>\n<p><strong>QUAN? Dijous 14 de desembre de 2023.<\/strong><\/p>\n<p><strong>ON? Sala d\u2019Actes de l\u2019escola.<\/strong><\/p>\n<p>#reverberaEMAV #innovaFP<\/p>\n<p><strong><img decoding=\"async\" src=\"https:\/\/www.emav.com\/wp-content\/uploads\/2023\/11\/reverb_cartellV2-06-min.jpg\" alt=\"\" \/><\/strong><\/p>\n","protected":false},"excerpt":{"rendered":"<p>Enguany a l&#8217;EMAV (Institut Mitjans Audiovisuals) celebrem la segona edici\u00f3 del cicle Reverberacions, despr\u00e9s d&#8217;una primera edici\u00f3 motivadora i engrescadora. Reverberacions \u00e9s una jornada d\u2019activacions culturals que es dura a terme el dijous 14 de desembre a la Sala d\u2019Actes del centre, formant part del M\u00f2dul de Projectes, est\u00e0 obert a tota la comunitat educativa [&hellip;]<\/p>\n","protected":false},"author":377,"featured_media":13143,"comment_status":"closed","ping_status":"closed","sticky":false,"template":"","format":"standard","meta":{"site-sidebar-layout":"default","site-content-layout":"","ast-site-content-layout":"","site-content-style":"default","site-sidebar-style":"default","ast-global-header-display":"","ast-banner-title-visibility":"","ast-main-header-display":"","ast-hfb-above-header-display":"","ast-hfb-below-header-display":"","ast-hfb-mobile-header-display":"","site-post-title":"","ast-breadcrumbs-content":"","ast-featured-img":"","footer-sml-layout":"","theme-transparent-header-meta":"","adv-header-id-meta":"","stick-header-meta":"","header-above-stick-meta":"","header-main-stick-meta":"","header-below-stick-meta":"","astra-migrate-meta-layouts":"default","ast-page-background-enabled":"default","ast-page-background-meta":{"desktop":{"background-color":"var(--ast-global-color-4)","background-image":"","background-repeat":"repeat","background-position":"center center","background-size":"auto","background-attachment":"scroll","background-type":"","background-media":"","overlay-type":"","overlay-color":"","overlay-opacity":"","overlay-gradient":""},"tablet":{"background-color":"","background-image":"","background-repeat":"repeat","background-position":"center center","background-size":"auto","background-attachment":"scroll","background-type":"","background-media":"","overlay-type":"","overlay-color":"","overlay-opacity":"","overlay-gradient":""},"mobile":{"background-color":"","background-image":"","background-repeat":"repeat","background-position":"center center","background-size":"auto","background-attachment":"scroll","background-type":"","background-media":"","overlay-type":"","overlay-color":"","overlay-opacity":"","overlay-gradient":""}},"ast-content-background-meta":{"desktop":{"background-color":"var(--ast-global-color-5)","background-image":"","background-repeat":"repeat","background-position":"center center","background-size":"auto","background-attachment":"scroll","background-type":"","background-media":"","overlay-type":"","overlay-color":"","overlay-opacity":"","overlay-gradient":""},"tablet":{"background-color":"var(--ast-global-color-5)","background-image":"","background-repeat":"repeat","background-position":"center center","background-size":"auto","background-attachment":"scroll","background-type":"","background-media":"","overlay-type":"","overlay-color":"","overlay-opacity":"","overlay-gradient":""},"mobile":{"background-color":"var(--ast-global-color-5)","background-image":"","background-repeat":"repeat","background-position":"center center","background-size":"auto","background-attachment":"scroll","background-type":"","background-media":"","overlay-type":"","overlay-color":"","overlay-opacity":"","overlay-gradient":""}},"footnotes":""},"categories":[287,154,288,29],"tags":[417,420,416,353,419,362,387,300,348,418],"class_list":["post-13127","post","type-post","status-publish","format-standard","has-post-thumbnail","hentry","category-emprenfp","category-formacio","category-innovafp","category-portada","tag-cultura","tag-emav","tag-emprenedoria","tag-experiencies-alumnat","tag-formacio-alumnat","tag-formacio-professorat","tag-innovacio","tag-innovafp","tag-orientacio-professional","tag-tecnologia"],"post_mailing_queue_ids":[],"_links":{"self":[{"href":"https:\/\/projectes.xtec.cat\/programesiprojectesfp\/wp-json\/wp\/v2\/posts\/13127","targetHints":{"allow":["GET"]}}],"collection":[{"href":"https:\/\/projectes.xtec.cat\/programesiprojectesfp\/wp-json\/wp\/v2\/posts"}],"about":[{"href":"https:\/\/projectes.xtec.cat\/programesiprojectesfp\/wp-json\/wp\/v2\/types\/post"}],"author":[{"embeddable":true,"href":"https:\/\/projectes.xtec.cat\/programesiprojectesfp\/wp-json\/wp\/v2\/users\/377"}],"replies":[{"embeddable":true,"href":"https:\/\/projectes.xtec.cat\/programesiprojectesfp\/wp-json\/wp\/v2\/comments?post=13127"}],"version-history":[{"count":6,"href":"https:\/\/projectes.xtec.cat\/programesiprojectesfp\/wp-json\/wp\/v2\/posts\/13127\/revisions"}],"predecessor-version":[{"id":13142,"href":"https:\/\/projectes.xtec.cat\/programesiprojectesfp\/wp-json\/wp\/v2\/posts\/13127\/revisions\/13142"}],"wp:featuredmedia":[{"embeddable":true,"href":"https:\/\/projectes.xtec.cat\/programesiprojectesfp\/wp-json\/wp\/v2\/media\/13143"}],"wp:attachment":[{"href":"https:\/\/projectes.xtec.cat\/programesiprojectesfp\/wp-json\/wp\/v2\/media?parent=13127"}],"wp:term":[{"taxonomy":"category","embeddable":true,"href":"https:\/\/projectes.xtec.cat\/programesiprojectesfp\/wp-json\/wp\/v2\/categories?post=13127"},{"taxonomy":"post_tag","embeddable":true,"href":"https:\/\/projectes.xtec.cat\/programesiprojectesfp\/wp-json\/wp\/v2\/tags?post=13127"}],"curies":[{"name":"wp","href":"https:\/\/api.w.org\/{rel}","templated":true}]}}