{"id":13477,"date":"2024-03-22T04:03:30","date_gmt":"2024-03-22T03:03:30","guid":{"rendered":"https:\/\/projectes.xtec.cat\/impulsfp\/?p=13477"},"modified":"2024-03-22T04:03:30","modified_gmt":"2024-03-22T03:03:30","slug":"exit-en-les-jornades-institut-empresa-biada%e2%89%a1nllacat-a-lins-miquel-biada","status":"publish","type":"post","link":"https:\/\/projectes.xtec.cat\/programesiprojectesfp\/general\/exit-en-les-jornades-institut-empresa-biada%e2%89%a1nllacat-a-lins-miquel-biada\/","title":{"rendered":"\u00c8xit en les Jornades institut-empresa Biada\u2261nlla\u00e7a\u2019t a l\u2019INS Miquel Biada"},"content":{"rendered":"<p><a href=\"https:\/\/projectes.xtec.cat\/impulsfp\/wp-content\/uploads\/usu2078\/2024\/03\/ii1.jpg\"><img loading=\"lazy\" decoding=\"async\" class=\"alignnone  wp-image-13478\" src=\"https:\/\/projectes.xtec.cat\/impulsfp\/wp-content\/uploads\/usu2078\/2024\/03\/ii1.jpg\" alt=\"\" width=\"346\" height=\"260\" srcset=\"https:\/\/projectes.xtec.cat\/programesiprojectesfp\/wp-content\/uploads\/usu2078\/2024\/03\/ii1.jpg 622w, https:\/\/projectes.xtec.cat\/programesiprojectesfp\/wp-content\/uploads\/usu2078\/2024\/03\/ii1-300x225.jpg 300w, https:\/\/projectes.xtec.cat\/programesiprojectesfp\/wp-content\/uploads\/usu2078\/2024\/03\/ii1-200x150.jpg 200w\" sizes=\"auto, (max-width: 346px) 100vw, 346px\" \/><\/a> <a href=\"https:\/\/projectes.xtec.cat\/impulsfp\/wp-content\/uploads\/usu2078\/2024\/03\/ii.jpg\"><img loading=\"lazy\" decoding=\"async\" class=\"alignnone  wp-image-13479\" src=\"https:\/\/projectes.xtec.cat\/impulsfp\/wp-content\/uploads\/usu2078\/2024\/03\/ii.jpg\" alt=\"\" width=\"342\" height=\"241\" srcset=\"https:\/\/projectes.xtec.cat\/programesiprojectesfp\/wp-content\/uploads\/usu2078\/2024\/03\/ii.jpg 597w, https:\/\/projectes.xtec.cat\/programesiprojectesfp\/wp-content\/uploads\/usu2078\/2024\/03\/ii-300x211.jpg 300w\" sizes=\"auto, (max-width: 342px) 100vw, 342px\" \/><\/a><\/p>\n<p>&nbsp;<\/p>\n<p>En un ambient d&#8217;intercanvi din\u00e0mic i enriquidor, les jornades institut-empresa, Biada\u2261nlla\u00e7a&#8217;t, celebrades el passat dijous 14 de mar\u00e7 a l&#8217;Institut Miquel Biada de Matar\u00f3, van concloure amb \u00e8xit. L&#8217;esdeveniment, que va reunir a representants de diverses empreses del sector qu\u00edmic i a representants del m\u00f3n de l&#8217;educaci\u00f3 en FP, va tindre com a objectiu principal enlla\u00e7ar l&#8217;institut i l&#8217;empresa per enfortir aquesta relaci\u00f3 i poder donar un espai de trobada on intercanviar idees i debatre temes relacionats amb l&#8217;FP.<\/p>\n<p>Un dels punts a destacar de les Jornades va ser l&#8217;\u00e8mfasi en la import\u00e0ncia d&#8217;enfortir la relaci\u00f3 entre l&#8217;empresa i l&#8217;institut. Les representants van subratllar la import\u00e0ncia de poder disposar d&#8217;un espai on interaccionar i donar visibilitat a l&#8217;alumnat.<\/p>\n<p>Durant les jornades, els participants van tindre l&#8217;oportunitat de compartir experi\u00e8ncies, coneixements i resoldre dubtes sobre la inserci\u00f3 laboral i tot all\u00f2 que engloba. Una presentaci\u00f3 de p\u00f2sters per part dels alumnes dels cicles formatius de grau mitj\u00e0 i superior de la fam\u00edlia qu\u00edmica i una taula rodona formada per totes les representants d&#8217;empresa i l&#8217;alumnat van conformar el programa d&#8217;aquestes jornades, que van comptar amb l&#8217;assist\u00e8ncia de m\u00e9s de 80 persones entre professors, estudiants, empres\u00e0ries i representants del sector de l&#8217;educaci\u00f3.<em>\u00a0<\/em><\/p>\n<p>Aix\u00ed mateix, es van abordar temes crucials, com s\u00f3n la inserci\u00f3 laboral dels alumnes que finalitzen els cicles formatius de la fam\u00edlia qu\u00edmica, els avantatges que t\u00e9 l&#8217;alumnat en la realitzaci\u00f3 de les seves pr\u00e0ctiques en modalitat Dual, la import\u00e0ncia de les habilitats personals de l&#8217;alumnat en el proc\u00e9s d&#8217;inserci\u00f3 laboral i tamb\u00e9 dels seus coneixements t\u00e8cnics i de<\/p>\n<p>l&#8217;adaptaci\u00f3 de la formaci\u00f3 acad\u00e8mica a les demandes canviants del mercat laboral.<\/p>\n<p>Les empres\u00e0ries presents van destacar com d&#8217;enriquidora va ser l&#8217;experi\u00e8ncia i la import\u00e0ncia d&#8217;iniciatives com aquesta, per poder identificar oportunitats de col\u00b7laboraci\u00f3 i con\u00e8ixer en primera persona els projectes que estan treballant l&#8217;alumnat dels cicles formatius de qu\u00edmica.<\/p>\n<p>En un context marcat per canvis curriculars i reptes econ\u00f2mics, aquestes jornades de col\u00b7laboraci\u00f3 institut-empresa Biada\u2261nlla\u00e7a&#8217;t emergeixen com un punt de trobada i interacci\u00f3, assentant les bases per obtenir un enlla\u00e7 fruct\u00edfer i durador entre empreses i institut, peces clau d&#8217;aquest engranatge per poder continuar donant suport al teixit socioecon\u00f2mic que ens envolta.<\/p>\n","protected":false},"excerpt":{"rendered":"<p>&nbsp; En un ambient d&#8217;intercanvi din\u00e0mic i enriquidor, les jornades institut-empresa, Biada\u2261nlla\u00e7a&#8217;t, celebrades el passat dijous 14 de mar\u00e7 a l&#8217;Institut Miquel Biada de Matar\u00f3, van concloure amb \u00e8xit. L&#8217;esdeveniment, que va reunir a representants de diverses empreses del sector qu\u00edmic i a representants del m\u00f3n de l&#8217;educaci\u00f3 en FP, va tindre com a objectiu [&hellip;]<\/p>\n","protected":false},"author":1,"featured_media":13480,"comment_status":"closed","ping_status":"closed","sticky":false,"template":"","format":"standard","meta":{"site-sidebar-layout":"default","site-content-layout":"","ast-site-content-layout":"","site-content-style":"default","site-sidebar-style":"default","ast-global-header-display":"","ast-banner-title-visibility":"","ast-main-header-display":"","ast-hfb-above-header-display":"","ast-hfb-below-header-display":"","ast-hfb-mobile-header-display":"","site-post-title":"","ast-breadcrumbs-content":"","ast-featured-img":"","footer-sml-layout":"","theme-transparent-header-meta":"","adv-header-id-meta":"","stick-header-meta":"","header-above-stick-meta":"","header-main-stick-meta":"","header-below-stick-meta":"","astra-migrate-meta-layouts":"default","ast-page-background-enabled":"default","ast-page-background-meta":{"desktop":{"background-color":"var(--ast-global-color-4)","background-image":"","background-repeat":"repeat","background-position":"center center","background-size":"auto","background-attachment":"scroll","background-type":"","background-media":"","overlay-type":"","overlay-color":"","overlay-opacity":"","overlay-gradient":""},"tablet":{"background-color":"","background-image":"","background-repeat":"repeat","background-position":"center center","background-size":"auto","background-attachment":"scroll","background-type":"","background-media":"","overlay-type":"","overlay-color":"","overlay-opacity":"","overlay-gradient":""},"mobile":{"background-color":"","background-image":"","background-repeat":"repeat","background-position":"center center","background-size":"auto","background-attachment":"scroll","background-type":"","background-media":"","overlay-type":"","overlay-color":"","overlay-opacity":"","overlay-gradient":""}},"ast-content-background-meta":{"desktop":{"background-color":"var(--ast-global-color-5)","background-image":"","background-repeat":"repeat","background-position":"center center","background-size":"auto","background-attachment":"scroll","background-type":"","background-media":"","overlay-type":"","overlay-color":"","overlay-opacity":"","overlay-gradient":""},"tablet":{"background-color":"var(--ast-global-color-5)","background-image":"","background-repeat":"repeat","background-position":"center center","background-size":"auto","background-attachment":"scroll","background-type":"","background-media":"","overlay-type":"","overlay-color":"","overlay-opacity":"","overlay-gradient":""},"mobile":{"background-color":"var(--ast-global-color-5)","background-image":"","background-repeat":"repeat","background-position":"center center","background-size":"auto","background-attachment":"scroll","background-type":"","background-media":"","overlay-type":"","overlay-color":"","overlay-opacity":"","overlay-gradient":""}},"footnotes":""},"categories":[1,29],"tags":[],"class_list":["post-13477","post","type-post","status-publish","format-standard","has-post-thumbnail","hentry","category-general","category-portada"],"post_mailing_queue_ids":[],"_links":{"self":[{"href":"https:\/\/projectes.xtec.cat\/programesiprojectesfp\/wp-json\/wp\/v2\/posts\/13477","targetHints":{"allow":["GET"]}}],"collection":[{"href":"https:\/\/projectes.xtec.cat\/programesiprojectesfp\/wp-json\/wp\/v2\/posts"}],"about":[{"href":"https:\/\/projectes.xtec.cat\/programesiprojectesfp\/wp-json\/wp\/v2\/types\/post"}],"author":[{"embeddable":true,"href":"https:\/\/projectes.xtec.cat\/programesiprojectesfp\/wp-json\/wp\/v2\/users\/1"}],"replies":[{"embeddable":true,"href":"https:\/\/projectes.xtec.cat\/programesiprojectesfp\/wp-json\/wp\/v2\/comments?post=13477"}],"version-history":[{"count":1,"href":"https:\/\/projectes.xtec.cat\/programesiprojectesfp\/wp-json\/wp\/v2\/posts\/13477\/revisions"}],"predecessor-version":[{"id":13481,"href":"https:\/\/projectes.xtec.cat\/programesiprojectesfp\/wp-json\/wp\/v2\/posts\/13477\/revisions\/13481"}],"wp:featuredmedia":[{"embeddable":true,"href":"https:\/\/projectes.xtec.cat\/programesiprojectesfp\/wp-json\/wp\/v2\/media\/13480"}],"wp:attachment":[{"href":"https:\/\/projectes.xtec.cat\/programesiprojectesfp\/wp-json\/wp\/v2\/media?parent=13477"}],"wp:term":[{"taxonomy":"category","embeddable":true,"href":"https:\/\/projectes.xtec.cat\/programesiprojectesfp\/wp-json\/wp\/v2\/categories?post=13477"},{"taxonomy":"post_tag","embeddable":true,"href":"https:\/\/projectes.xtec.cat\/programesiprojectesfp\/wp-json\/wp\/v2\/tags?post=13477"}],"curies":[{"name":"wp","href":"https:\/\/api.w.org\/{rel}","templated":true}]}}