{"id":13718,"date":"2024-11-08T08:20:21","date_gmt":"2024-11-08T07:20:21","guid":{"rendered":"https:\/\/projectes.xtec.cat\/impulsfp\/?p=13718"},"modified":"2026-04-20T14:43:28","modified_gmt":"2026-04-20T12:43:28","slug":"jornada-de-presentacio-manual-deducacio-hibrida","status":"publish","type":"post","link":"https:\/\/projectes.xtec.cat\/programesiprojectesfp\/general\/jornada-de-presentacio-manual-deducacio-hibrida\/","title":{"rendered":"Jornada de Presentaci\u00f3 Manual L&#8217;educaci\u00f3 H\u00edbrida inclusiva a la formaci\u00f3 Professional"},"content":{"rendered":"<p><a href=\"https:\/\/projectes.xtec.cat\/impulsfp\/wp-content\/uploads\/usu2078\/2024\/11\/Manual-educacio-hibrida.png\"><img loading=\"lazy\" decoding=\"async\" class=\"alignnone size-full wp-image-13720\" src=\"https:\/\/projectes.xtec.cat\/impulsfp\/wp-content\/uploads\/usu2078\/2024\/11\/Manual-educacio-hibrida.png\" alt=\"\" width=\"1048\" height=\"627\" srcset=\"https:\/\/projectes.xtec.cat\/programesiprojectesfp\/wp-content\/uploads\/usu2078\/2024\/11\/Manual-educacio-hibrida.png 1048w, https:\/\/projectes.xtec.cat\/programesiprojectesfp\/wp-content\/uploads\/usu2078\/2024\/11\/Manual-educacio-hibrida-300x179.png 300w, https:\/\/projectes.xtec.cat\/programesiprojectesfp\/wp-content\/uploads\/usu2078\/2024\/11\/Manual-educacio-hibrida-1024x613.png 1024w, https:\/\/projectes.xtec.cat\/programesiprojectesfp\/wp-content\/uploads\/usu2078\/2024\/11\/Manual-educacio-hibrida-768x459.png 768w\" sizes=\"auto, (max-width: 1048px) 100vw, 1048px\" \/><\/a><\/p>\n<p><span style=\"font-weight: 400;\">El pr\u00f2xim 12 de novembre tindr\u00e0 lloc a l&#8217;Espai Bital de l&#8217;Hospitalet de Llobregat la presentaci\u00f3 del <\/span><i><span style=\"font-weight: 400;\">Manual d&#8217;Educaci\u00f3 H\u00edbrida Inclusiva d&#8217;FP: una oportunitat per l&#8217;\u00e8xit educatiu, que<\/span><\/i><span style=\"font-weight: 400;\"> reunir\u00e0 aproximadament 300 docents amb la finalitat de donar a con\u00e8ixer experi\u00e8ncies d&#8217;educaci\u00f3 h\u00edbrida aplicades a la Formaci\u00f3 Professional que els puguin inspirar per crear les seves pr\u00f2pies. Aquest manual ha estat creat per un grup d&#8217;experts en educaci\u00f3 inclusiva i h\u00edbrida. Els exemples s\u00f3n de docents que estan desenvolupant la seva tasca a Instituts de Catalunya, per tant, s&#8217;exposaran de primera m\u00e0 les metodologies i les bones pr\u00e0ctiques descrites en el document, oferint als assistents una visi\u00f3 completa de com implementar una educaci\u00f3 inclusiva i h\u00edbrida als seus centres.<\/span><\/p>\n<p><span style=\"font-weight: 400;\">A m\u00e9s de la presentaci\u00f3, la jornada inclour\u00e0 espais de reflexi\u00f3 en xarxa on els docents podran debatre sobre qu\u00e8 significa innovar en el context dels centres educatius. Aquestes din\u00e0miques tenen l&#8217;objectiu de fomentar una visi\u00f3 col\u00b7laborativa, compartint idees i estrat\u00e8gies per adaptar-se als canvis, partint del mateix treball en xarxa, en el que es recullen tant els desafiaments als quals s&#8217;est\u00e0 fent front quan ens plantegem com es pot sistematitzar el proc\u00e9s d&#8217;innovaci\u00f3 en els centres educatius.<\/span><\/p>\n<p><span style=\"font-weight: 400;\">Aquest esdeveniment representa una oportunitat per als docents d&#8217;endinsar-se en noves metodologies h\u00edbrides i inclusives i, d&#8217;altra banda, en buscar estrat\u00e8gies per implementar i sistematitzar tant la innovaci\u00f3 en els centres educatius, com per implementar el treball per ABP, aix\u00ed com d&#8217;altes metodologies actives.<\/span><\/p>\n","protected":false},"excerpt":{"rendered":"<p>El pr\u00f2xim 12 de novembre tindr\u00e0 lloc a l&#8217;Espai Bital de l&#8217;Hospitalet de Llobregat la presentaci\u00f3 del Manual d&#8217;Educaci\u00f3 H\u00edbrida Inclusiva d&#8217;FP: una oportunitat per l&#8217;\u00e8xit educatiu, que reunir\u00e0 aproximadament 300 docents amb la finalitat de donar a con\u00e8ixer experi\u00e8ncies d&#8217;educaci\u00f3 h\u00edbrida aplicades a la Formaci\u00f3 Professional que els puguin inspirar per crear les seves [&hellip;]<\/p>\n","protected":false},"author":10,"featured_media":13720,"comment_status":"closed","ping_status":"closed","sticky":false,"template":"","format":"standard","meta":{"site-sidebar-layout":"default","site-content-layout":"","ast-site-content-layout":"","site-content-style":"default","site-sidebar-style":"default","ast-global-header-display":"","ast-banner-title-visibility":"","ast-main-header-display":"","ast-hfb-above-header-display":"","ast-hfb-below-header-display":"","ast-hfb-mobile-header-display":"","site-post-title":"","ast-breadcrumbs-content":"","ast-featured-img":"","footer-sml-layout":"","theme-transparent-header-meta":"","adv-header-id-meta":"","stick-header-meta":"","header-above-stick-meta":"","header-main-stick-meta":"","header-below-stick-meta":"","astra-migrate-meta-layouts":"default","ast-page-background-enabled":"default","ast-page-background-meta":{"desktop":{"background-color":"var(--ast-global-color-4)","background-image":"","background-repeat":"repeat","background-position":"center center","background-size":"auto","background-attachment":"scroll","background-type":"","background-media":"","overlay-type":"","overlay-color":"","overlay-opacity":"","overlay-gradient":""},"tablet":{"background-color":"","background-image":"","background-repeat":"repeat","background-position":"center center","background-size":"auto","background-attachment":"scroll","background-type":"","background-media":"","overlay-type":"","overlay-color":"","overlay-opacity":"","overlay-gradient":""},"mobile":{"background-color":"","background-image":"","background-repeat":"repeat","background-position":"center center","background-size":"auto","background-attachment":"scroll","background-type":"","background-media":"","overlay-type":"","overlay-color":"","overlay-opacity":"","overlay-gradient":""}},"ast-content-background-meta":{"desktop":{"background-color":"var(--ast-global-color-5)","background-image":"","background-repeat":"repeat","background-position":"center center","background-size":"auto","background-attachment":"scroll","background-type":"","background-media":"","overlay-type":"","overlay-color":"","overlay-opacity":"","overlay-gradient":""},"tablet":{"background-color":"var(--ast-global-color-5)","background-image":"","background-repeat":"repeat","background-position":"center center","background-size":"auto","background-attachment":"scroll","background-type":"","background-media":"","overlay-type":"","overlay-color":"","overlay-opacity":"","overlay-gradient":""},"mobile":{"background-color":"var(--ast-global-color-5)","background-image":"","background-repeat":"repeat","background-position":"center center","background-size":"auto","background-attachment":"scroll","background-type":"","background-media":"","overlay-type":"","overlay-color":"","overlay-opacity":"","overlay-gradient":""}},"footnotes":""},"categories":[1,29],"tags":[],"class_list":["post-13718","post","type-post","status-publish","format-standard","has-post-thumbnail","hentry","category-general","category-portada"],"post_mailing_queue_ids":[],"_links":{"self":[{"href":"https:\/\/projectes.xtec.cat\/programesiprojectesfp\/wp-json\/wp\/v2\/posts\/13718","targetHints":{"allow":["GET"]}}],"collection":[{"href":"https:\/\/projectes.xtec.cat\/programesiprojectesfp\/wp-json\/wp\/v2\/posts"}],"about":[{"href":"https:\/\/projectes.xtec.cat\/programesiprojectesfp\/wp-json\/wp\/v2\/types\/post"}],"author":[{"embeddable":true,"href":"https:\/\/projectes.xtec.cat\/programesiprojectesfp\/wp-json\/wp\/v2\/users\/10"}],"replies":[{"embeddable":true,"href":"https:\/\/projectes.xtec.cat\/programesiprojectesfp\/wp-json\/wp\/v2\/comments?post=13718"}],"version-history":[{"count":4,"href":"https:\/\/projectes.xtec.cat\/programesiprojectesfp\/wp-json\/wp\/v2\/posts\/13718\/revisions"}],"predecessor-version":[{"id":13723,"href":"https:\/\/projectes.xtec.cat\/programesiprojectesfp\/wp-json\/wp\/v2\/posts\/13718\/revisions\/13723"}],"wp:featuredmedia":[{"embeddable":true,"href":"https:\/\/projectes.xtec.cat\/programesiprojectesfp\/wp-json\/wp\/v2\/media\/13720"}],"wp:attachment":[{"href":"https:\/\/projectes.xtec.cat\/programesiprojectesfp\/wp-json\/wp\/v2\/media?parent=13718"}],"wp:term":[{"taxonomy":"category","embeddable":true,"href":"https:\/\/projectes.xtec.cat\/programesiprojectesfp\/wp-json\/wp\/v2\/categories?post=13718"},{"taxonomy":"post_tag","embeddable":true,"href":"https:\/\/projectes.xtec.cat\/programesiprojectesfp\/wp-json\/wp\/v2\/tags?post=13718"}],"curies":[{"name":"wp","href":"https:\/\/api.w.org\/{rel}","templated":true}]}}