{"id":9816,"date":"2020-05-13T18:27:16","date_gmt":"2020-05-13T16:27:16","guid":{"rendered":"https:\/\/projectes.xtec.cat\/impulsfp\/?p=9816"},"modified":"2020-05-13T18:31:24","modified_gmt":"2020-05-13T16:31:24","slug":"treballar-les-competencies-clau-a-partir-de-la-innovacio-tecnologica","status":"publish","type":"post","link":"https:\/\/projectes.xtec.cat\/programesiprojectesfp\/general\/treballar-les-competencies-clau-a-partir-de-la-innovacio-tecnologica\/","title":{"rendered":"Treballar les compet\u00e8ncies clau a partir de la innovaci\u00f3 tecnol\u00f2gica"},"content":{"rendered":"<table width=\"593\" cellspacing=\"0\" cellpadding=\"7\">\n<colgroup>\n<col width=\"577\" \/> <\/colgroup>\n<tbody>\n<tr>\n<td style=\"background: #c0504d;\" valign=\"top\" bgcolor=\"#c0504d\" width=\"577\" height=\"16\"><span style=\"color: #ffffff;\"><span style=\"font-family: Arial, serif;\"><b>360\u00ba Bullying: en els teus ulls.<\/b><\/span><\/span><\/td>\n<\/tr>\n<tr>\n<td valign=\"top\" width=\"577\" height=\"16\"><span style=\"font-family: Arial, serif;\"><b>Treballar les compet\u00e8ncies clau a partir de la innovaci\u00f3 tecnol\u00f2gica.<\/b><\/span><\/td>\n<\/tr>\n<\/tbody>\n<\/table>\n<p align=\"justify\"><span style=\"font-family: Arial, serif;\">Des de la formaci\u00f3 professional sempre estem atents a les innovacions tecnol\u00f2giques i la seva introducci\u00f3 als curr\u00edculums fomentant la seva concordan\u00e7a amb les compet\u00e8ncies professionals del cicle o m\u00f2dul. Tot i aix\u00f2, el treball d&#8217;aquestes compet\u00e8ncies professionals no assegura una assimilaci\u00f3 de les compet\u00e8ncies clau, de les soft skills, tan demandades avui dia al m\u00f3n professional. Per aquest motiu, els projectes ABP com el que presentem s\u00f3n un bon exemple de treball transversal de totes aquestes compet\u00e8ncies. <\/span><\/p>\n<p align=\"justify\"><a href=\"https:\/\/projectes.xtec.cat\/impulsfp\/wp-content\/uploads\/usu2078\/2020\/05\/360.png\"><img loading=\"lazy\" decoding=\"async\" class=\"size-full wp-image-9817 alignleft\" src=\"https:\/\/projectes.xtec.cat\/impulsfp\/wp-content\/uploads\/usu2078\/2020\/05\/360.png\" alt=\"\" width=\"315\" height=\"312\" srcset=\"https:\/\/projectes.xtec.cat\/programesiprojectesfp\/wp-content\/uploads\/usu2078\/2020\/05\/360.png 315w, https:\/\/projectes.xtec.cat\/programesiprojectesfp\/wp-content\/uploads\/usu2078\/2020\/05\/360-150x150.png 150w, https:\/\/projectes.xtec.cat\/programesiprojectesfp\/wp-content\/uploads\/usu2078\/2020\/05\/360-300x297.png 300w\" sizes=\"auto, (max-width: 315px) 100vw, 315px\" \/><\/a><\/p>\n<h4 class=\"western\" align=\"justify\">D\u2019on sorgeix la idea?<\/h4>\n<p align=\"justify\"><span style=\"font-family: Arial, serif;\">Des de l&#8217;Institut Santa Eul\u00e0lia vam encetar un projecte amb tecnologia de gravaci\u00f3 amb c\u00e0meres 360\u00ba al 2018. El camp d&#8217;aplicaci\u00f3 d&#8217;aquesta tecnologia es va anar ampliant a mesura que veiem les seves possibilitats. Primer, es va pensar per fer tours virtuals del patrimoni de Terrassa, amb el suport de la Fundaci\u00f3 BCN Formaci\u00f3 Professional i la col\u00b7laboraci\u00f3 del Museu de Terrassa i el Parc Audiovisual de Catalunya. Va ser en 2019 que vam veure que podr\u00edem dissenyar un projecte integral, que al final va resultar un h\u00edbrid entre ABP, on l&#8217;alumnat treballava una producci\u00f3 audiovisual innovadora en grup, i APS (aprenentatge i servei) al voltant del tema del bullying. Aquesta funci\u00f3 social que va adquirir el projecte va ser gr\u00e0cies a la col\u00b7laboraci\u00f3 amb el grup de &#8216;Guaites&#8217; del centre, vinculats al programa #aquiproubullying del Departament d&#8217;Educaci\u00f3 de la Generalitat de Catalunya. <\/span><\/p>\n<h4 class=\"western\" align=\"justify\"><a name=\"_ikfzej8dzdqp\"><\/a> Les gravacions de les experi\u00e8ncies immersives 360\u00ba<\/h4>\n<p align=\"justify\"><span style=\"font-family: Arial, serif;\">A partir de la tecnologia 360\u00b0, es generen v\u00eddeos immersius on es fan recreacions de situacions d&#8217;assetjament escolar (bullying) en totes les seves variants: virtual, social, sexual, etc. D&#8217;aquesta manera, alumnat de cicles formatius d&#8217;imatge i so treballen en grup l&#8217;enregistrament i la postproducci\u00f3 de v\u00eddeo 360\u00b0 com a tecnologia innovadora i, per altra banda, prenen consci\u00e8ncia del patiment de persones que han viscut el bullying en primera persona a partir del<a href=\"https:\/\/projectes.xtec.cat\/impulsfp\/wp-content\/uploads\/usu2078\/2020\/05\/360bis.jpeg\"><img loading=\"lazy\" decoding=\"async\" class=\"wp-image-9819 size-medium alignleft\" src=\"https:\/\/projectes.xtec.cat\/impulsfp\/wp-content\/uploads\/usu2078\/2020\/05\/360bis-300x225.jpeg\" alt=\"\" width=\"300\" height=\"225\" srcset=\"https:\/\/projectes.xtec.cat\/programesiprojectesfp\/wp-content\/uploads\/usu2078\/2020\/05\/360bis-300x225.jpeg 300w, https:\/\/projectes.xtec.cat\/programesiprojectesfp\/wp-content\/uploads\/usu2078\/2020\/05\/360bis-768x576.jpeg 768w, https:\/\/projectes.xtec.cat\/programesiprojectesfp\/wp-content\/uploads\/usu2078\/2020\/05\/360bis-1024x768.jpeg 1024w, https:\/\/projectes.xtec.cat\/programesiprojectesfp\/wp-content\/uploads\/usu2078\/2020\/05\/360bis-200x150.jpeg 200w, https:\/\/projectes.xtec.cat\/programesiprojectesfp\/wp-content\/uploads\/usu2078\/2020\/05\/360bis.jpeg 1600w\" sizes=\"auto, (max-width: 300px) 100vw, 300px\" \/><\/a> visionat d&#8217;aquests v\u00eddeos (experi\u00e8ncia immersiva) amb ulleres de realitat virtual (VR). El proc\u00e9s de gravaci\u00f3 i postproducci\u00f3 dels v\u00eddeos va estar coordinat pel professor Abel Castilla Prats. Narrativa immersiva Tant la realitat immersiva com la realitat virtual zona una eina de simulaci\u00f3 per treballar situacions d&#8217;ab\u00fas i conscienciar a les parts implicades. A partir del m\u00f2dul 10 d&#8217;Angl\u00e8s t\u00e8cnic (curs 2018-19) i\/o la tutoria de Grau Mitj\u00e0 (curs 2019-20), coordinada per M\u00f2nica Moreno, es treballen guions sobre diferents situacions de bullying. L&#8217;alumnat exposa situacions viscudes i d&#8217;aquesta recollida d&#8217;idees es treballen les especificitats de la creaci\u00f3 de guions per narratives immersives. <\/span><\/p>\n<p align=\"justify\">\n<h4 class=\"western\" align=\"justify\"><a name=\"_41p94npnq5zh\"><\/a> Sinergies amb altres projectes: col\u00b7laboraci\u00f3 amb l&#8217;equip de Guaites #aquiproubullying<\/h4>\n<p align=\"justify\"><span style=\"font-family: Arial, serif;\">En el projecte tamb\u00e9 han participat l&#8217;equip de Guaites (#aquiproubullying) que coordina Raquel Caballero, professora del centre, membre de l&#8217;equip d&#8217;orientaci\u00f3 educativa. El grup de Guaites, tenen la missi\u00f3 de formar-se en sensibilitzaci\u00f3, prevenci\u00f3 i actuaci\u00f3 per prevenir l&#8217;assetjament escolar i el bullying que se&#8217;n pugui derivar, aix\u00ed com fer \u00fas d&#8217;eines i estrat\u00e8gies per sensibilitzar la comunitat educativa, a banda de formar part en la resoluci\u00f3 dels conflictes. En el curs 2018-19 va comen\u00e7ar aquesta acci\u00f3 de sensibilitzaci\u00f3 amb els v\u00eddeos 360\u00ba. Aquests materials s&#8217;han posat a disposici\u00f3 de l&#8217;equip de GUAITES per mostrar-los en diferents tutories dels grups ESO i Batxillerat del centre. Els v\u00eddeos mostren el que sent una persona que pateix bullying en una experi\u00e8ncia immersiva en 360\u00ba. <\/span><\/p>\n<p align=\"justify\"><span style=\"font-family: Arial, serif;\">El projecte d&#8217;innovaci\u00f3 pedag\u00f2gica #aquiproubullying, \u00e9s una iniciativa del Departament d&#8217;Educaci\u00f3 de la Generalitat de Catalunya per sensibilitzar, prevenir i actuar vers l&#8217;assetjament escolar des d&#8217;una perspectiva de resoluci\u00f3 dels conflictes. En el nostre centre la implementaci\u00f3 d&#8217;aquest projecte en el curs 2018-19, va implicar la creaci\u00f3 d&#8217;un equip impulsor i d&#8217;un grup d&#8217;alumnes implicats definits com l&#8217;equip de GUAITES. Aquesta activitat de formaci\u00f3 i d&#8217;implementaci\u00f3 per part dels alumnes, implicats esdev\u00e9 en un aprenentatge i servei comunitari (APS), que tindr\u00e0 com a finalitat sensibilitzar, detectar i aturar possibles situacions d&#8217;assetjament i altres accions que dificultin les relacions entre iguals.<\/span><\/p>\n<p><span style=\"font-family: Arial, serif;\"><b>LINKS<\/b><\/span><\/p>\n<p>\u25cf <a href=\"https:\/\/youtu.be\/6u9JBXCKeJ4\"><span style=\"color: #1155cc;\"><span style=\"font-family: Arial, serif;\"><u>Presentaci\u00f3 en youtube:<\/u><\/span><\/span><\/a><\/p>\n<p>\u25cf <a href=\"https:\/\/toolbox.mobileworldcapital.com\/experiencia\/360-bullying-en-els-teus-ulls\/1038\"><span style=\"color: #1155cc;\"><span style=\"font-family: Arial, serif;\"><u>Fitxa-Experi\u00e8ncia al ToolBox<\/u><\/span><\/span><\/a><\/p>\n<p>\u25cf <a href=\"https:\/\/agora.xtec.cat\/ies-santaeulalia\/projecte-aquiproubullying-i-lequip-de-guaites\/\"><span style=\"color: #1155cc;\"><span style=\"font-family: Arial, serif;\"><u>Espai web &#8220;Guaites&#8221;<\/u><\/span><\/span><\/a><\/p>\n<p>\u25cf <span style=\"color: #1155cc;\"><span style=\"font-family: Arial, serif;\"><u><a href=\"https:\/\/www.youtube.com\/watch?v=ILKro-D2vb8&amp;list=PLEZ7xNYAqrXC4Wz885_6INS2OLu9Pcczp\">Playlist VIDEOS 360\u00ba<\/a>Bullying<\/u><\/span><\/span><\/p>\n<p align=\"justify\">\n","protected":false},"excerpt":{"rendered":"<p>360\u00ba Bullying: en els teus ulls. Treballar les compet\u00e8ncies clau a partir de la innovaci\u00f3 tecnol\u00f2gica. Des de la formaci\u00f3 professional sempre estem atents a les innovacions tecnol\u00f2giques i la seva introducci\u00f3 als curr\u00edculums fomentant la seva concordan\u00e7a amb les compet\u00e8ncies professionals del cicle o m\u00f2dul. Tot i aix\u00f2, el treball d&#8217;aquestes compet\u00e8ncies professionals no [&hellip;]<\/p>\n","protected":false},"author":10,"featured_media":9819,"comment_status":"closed","ping_status":"closed","sticky":false,"template":"","format":"standard","meta":{"site-sidebar-layout":"default","site-content-layout":"","ast-site-content-layout":"","site-content-style":"default","site-sidebar-style":"default","ast-global-header-display":"","ast-banner-title-visibility":"","ast-main-header-display":"","ast-hfb-above-header-display":"","ast-hfb-below-header-display":"","ast-hfb-mobile-header-display":"","site-post-title":"","ast-breadcrumbs-content":"","ast-featured-img":"","footer-sml-layout":"","theme-transparent-header-meta":"","adv-header-id-meta":"","stick-header-meta":"","header-above-stick-meta":"","header-main-stick-meta":"","header-below-stick-meta":"","astra-migrate-meta-layouts":"default","ast-page-background-enabled":"default","ast-page-background-meta":{"desktop":{"background-color":"var(--ast-global-color-4)","background-image":"","background-repeat":"repeat","background-position":"center center","background-size":"auto","background-attachment":"scroll","background-type":"","background-media":"","overlay-type":"","overlay-color":"","overlay-opacity":"","overlay-gradient":""},"tablet":{"background-color":"","background-image":"","background-repeat":"repeat","background-position":"center center","background-size":"auto","background-attachment":"scroll","background-type":"","background-media":"","overlay-type":"","overlay-color":"","overlay-opacity":"","overlay-gradient":""},"mobile":{"background-color":"","background-image":"","background-repeat":"repeat","background-position":"center center","background-size":"auto","background-attachment":"scroll","background-type":"","background-media":"","overlay-type":"","overlay-color":"","overlay-opacity":"","overlay-gradient":""}},"ast-content-background-meta":{"desktop":{"background-color":"var(--ast-global-color-5)","background-image":"","background-repeat":"repeat","background-position":"center center","background-size":"auto","background-attachment":"scroll","background-type":"","background-media":"","overlay-type":"","overlay-color":"","overlay-opacity":"","overlay-gradient":""},"tablet":{"background-color":"var(--ast-global-color-5)","background-image":"","background-repeat":"repeat","background-position":"center center","background-size":"auto","background-attachment":"scroll","background-type":"","background-media":"","overlay-type":"","overlay-color":"","overlay-opacity":"","overlay-gradient":""},"mobile":{"background-color":"var(--ast-global-color-5)","background-image":"","background-repeat":"repeat","background-position":"center center","background-size":"auto","background-attachment":"scroll","background-type":"","background-media":"","overlay-type":"","overlay-color":"","overlay-opacity":"","overlay-gradient":""}},"footnotes":""},"categories":[1],"tags":[355,356],"class_list":["post-9816","post","type-post","status-publish","format-standard","has-post-thumbnail","hentry","category-general","tag-abp","tag-soft-skills"],"post_mailing_queue_ids":[],"_links":{"self":[{"href":"https:\/\/projectes.xtec.cat\/programesiprojectesfp\/wp-json\/wp\/v2\/posts\/9816","targetHints":{"allow":["GET"]}}],"collection":[{"href":"https:\/\/projectes.xtec.cat\/programesiprojectesfp\/wp-json\/wp\/v2\/posts"}],"about":[{"href":"https:\/\/projectes.xtec.cat\/programesiprojectesfp\/wp-json\/wp\/v2\/types\/post"}],"author":[{"embeddable":true,"href":"https:\/\/projectes.xtec.cat\/programesiprojectesfp\/wp-json\/wp\/v2\/users\/10"}],"replies":[{"embeddable":true,"href":"https:\/\/projectes.xtec.cat\/programesiprojectesfp\/wp-json\/wp\/v2\/comments?post=9816"}],"version-history":[{"count":2,"href":"https:\/\/projectes.xtec.cat\/programesiprojectesfp\/wp-json\/wp\/v2\/posts\/9816\/revisions"}],"predecessor-version":[{"id":9820,"href":"https:\/\/projectes.xtec.cat\/programesiprojectesfp\/wp-json\/wp\/v2\/posts\/9816\/revisions\/9820"}],"wp:featuredmedia":[{"embeddable":true,"href":"https:\/\/projectes.xtec.cat\/programesiprojectesfp\/wp-json\/wp\/v2\/media\/9819"}],"wp:attachment":[{"href":"https:\/\/projectes.xtec.cat\/programesiprojectesfp\/wp-json\/wp\/v2\/media?parent=9816"}],"wp:term":[{"taxonomy":"category","embeddable":true,"href":"https:\/\/projectes.xtec.cat\/programesiprojectesfp\/wp-json\/wp\/v2\/categories?post=9816"},{"taxonomy":"post_tag","embeddable":true,"href":"https:\/\/projectes.xtec.cat\/programesiprojectesfp\/wp-json\/wp\/v2\/tags?post=9816"}],"curies":[{"name":"wp","href":"https:\/\/api.w.org\/{rel}","templated":true}]}}