{"id":9947,"date":"2020-06-13T13:17:33","date_gmt":"2020-06-13T11:17:33","guid":{"rendered":"https:\/\/projectes.xtec.cat\/impulsfp\/?p=9947"},"modified":"2020-06-13T13:17:33","modified_gmt":"2020-06-13T11:17:33","slug":"formar-part-de-limpuls-a-lfp-una-onada-que-creix","status":"publish","type":"post","link":"https:\/\/projectes.xtec.cat\/programesiprojectesfp\/general\/formar-part-de-limpuls-a-lfp-una-onada-que-creix\/","title":{"rendered":"Formar part de l&#8217;Impuls a l&#8217;FP, una onada que creix"},"content":{"rendered":"<p>&nbsp;<\/p>\n<p style=\"text-align: justify;\"><a href=\"https:\/\/projectes.xtec.cat\/impulsfp\/wp-content\/uploads\/usu2078\/2020\/06\/fotomurales-ola-del-mar.jpg\"><img loading=\"lazy\" decoding=\"async\" class=\"alignnone size-full wp-image-9948\" src=\"https:\/\/projectes.xtec.cat\/impulsfp\/wp-content\/uploads\/usu2078\/2020\/06\/fotomurales-ola-del-mar.jpg\" alt=\"\" width=\"650\" height=\"434\" srcset=\"https:\/\/projectes.xtec.cat\/programesiprojectesfp\/wp-content\/uploads\/usu2078\/2020\/06\/fotomurales-ola-del-mar.jpg 650w, https:\/\/projectes.xtec.cat\/programesiprojectesfp\/wp-content\/uploads\/usu2078\/2020\/06\/fotomurales-ola-del-mar-300x200.jpg 300w\" sizes=\"auto, (max-width: 650px) 100vw, 650px\" \/><\/a><\/p>\n<p style=\"text-align: justify;\">El dia 11 de juny va tenir lloc un esdeveniment que va posar de manifest quines seran les l\u00ednies de la nova FP. Pot ser, a primera vista, era una jornada de cloenda de programes ordin\u00e0ria, en qu\u00e8 els responsables de la Subdirecci\u00f3 General feien un rep\u00e0s de les principals fites assolides al llarg del curs 2019-20. Alhora, feien un esbo\u00e7 de quines ser\u00e0n les l\u00ednies futures dels programes. Tanmateix,\u00a0 els responsables dels diferents programes les desgranaven en les seves respectives sales virtuals. Per\u00f2 era alguna cosa m\u00e9s. Aquesta\u00a0 \u00a0jornada ha deixat pal\u00e9s que un puntal sobre el que s&#8217;establiran les noves bases de l&#8217;FP ser\u00e0 el treball en equip. Un treball en equip en qu\u00e8 tots els t\u00e8cnics de la subdirecci\u00f3, juntament amb els seus responsables, estan treballant de valent per a qu\u00e8 l&#8217;impuls a l&#8217;FP sigui quelcom m\u00e9s que un esl\u00f2gan maco per twittejar. \u00c9s una realitat que ha arribat per quedar-se i que creix com ho fan les ones\u00a0 quan comen\u00e7a a bufar el vent. Aquest treball en equip ja ha comen\u00e7at a donar els seus primers fruits. Cristal\u00b7litzen en un aprenentatge per connectivitat i sin\u00e8rgies que recorren les taules de la subdirecci\u00f3. Porten a terme accions que modernitzen la nostra FP i\u00a0 l&#8217;emmirallen amb la realitat del nostre entorn.<\/p>\n<p>&nbsp;<\/p>\n<p>Josep Moratal<\/p>\n<p>Coordinaci\u00f3 ImpulsFP<\/p>\n<p>&nbsp;<\/p>\n","protected":false},"excerpt":{"rendered":"<p>&nbsp; El dia 11 de juny va tenir lloc un esdeveniment que va posar de manifest quines seran les l\u00ednies de la nova FP. Pot ser, a primera vista, era una jornada de cloenda de programes ordin\u00e0ria, en qu\u00e8 els responsables de la Subdirecci\u00f3 General feien un rep\u00e0s de les principals fites assolides al llarg [&hellip;]<\/p>\n","protected":false},"author":1,"featured_media":9948,"comment_status":"closed","ping_status":"closed","sticky":false,"template":"","format":"standard","meta":{"site-sidebar-layout":"default","site-content-layout":"","ast-site-content-layout":"","site-content-style":"default","site-sidebar-style":"default","ast-global-header-display":"","ast-banner-title-visibility":"","ast-main-header-display":"","ast-hfb-above-header-display":"","ast-hfb-below-header-display":"","ast-hfb-mobile-header-display":"","site-post-title":"","ast-breadcrumbs-content":"","ast-featured-img":"","footer-sml-layout":"","theme-transparent-header-meta":"","adv-header-id-meta":"","stick-header-meta":"","header-above-stick-meta":"","header-main-stick-meta":"","header-below-stick-meta":"","astra-migrate-meta-layouts":"default","ast-page-background-enabled":"default","ast-page-background-meta":{"desktop":{"background-color":"var(--ast-global-color-4)","background-image":"","background-repeat":"repeat","background-position":"center center","background-size":"auto","background-attachment":"scroll","background-type":"","background-media":"","overlay-type":"","overlay-color":"","overlay-opacity":"","overlay-gradient":""},"tablet":{"background-color":"","background-image":"","background-repeat":"repeat","background-position":"center center","background-size":"auto","background-attachment":"scroll","background-type":"","background-media":"","overlay-type":"","overlay-color":"","overlay-opacity":"","overlay-gradient":""},"mobile":{"background-color":"","background-image":"","background-repeat":"repeat","background-position":"center center","background-size":"auto","background-attachment":"scroll","background-type":"","background-media":"","overlay-type":"","overlay-color":"","overlay-opacity":"","overlay-gradient":""}},"ast-content-background-meta":{"desktop":{"background-color":"var(--ast-global-color-5)","background-image":"","background-repeat":"repeat","background-position":"center center","background-size":"auto","background-attachment":"scroll","background-type":"","background-media":"","overlay-type":"","overlay-color":"","overlay-opacity":"","overlay-gradient":""},"tablet":{"background-color":"var(--ast-global-color-5)","background-image":"","background-repeat":"repeat","background-position":"center center","background-size":"auto","background-attachment":"scroll","background-type":"","background-media":"","overlay-type":"","overlay-color":"","overlay-opacity":"","overlay-gradient":""},"mobile":{"background-color":"var(--ast-global-color-5)","background-image":"","background-repeat":"repeat","background-position":"center center","background-size":"auto","background-attachment":"scroll","background-type":"","background-media":"","overlay-type":"","overlay-color":"","overlay-opacity":"","overlay-gradient":""}},"footnotes":""},"categories":[1],"tags":[],"class_list":["post-9947","post","type-post","status-publish","format-standard","has-post-thumbnail","hentry","category-general"],"post_mailing_queue_ids":[],"_links":{"self":[{"href":"https:\/\/projectes.xtec.cat\/programesiprojectesfp\/wp-json\/wp\/v2\/posts\/9947","targetHints":{"allow":["GET"]}}],"collection":[{"href":"https:\/\/projectes.xtec.cat\/programesiprojectesfp\/wp-json\/wp\/v2\/posts"}],"about":[{"href":"https:\/\/projectes.xtec.cat\/programesiprojectesfp\/wp-json\/wp\/v2\/types\/post"}],"author":[{"embeddable":true,"href":"https:\/\/projectes.xtec.cat\/programesiprojectesfp\/wp-json\/wp\/v2\/users\/1"}],"replies":[{"embeddable":true,"href":"https:\/\/projectes.xtec.cat\/programesiprojectesfp\/wp-json\/wp\/v2\/comments?post=9947"}],"version-history":[{"count":1,"href":"https:\/\/projectes.xtec.cat\/programesiprojectesfp\/wp-json\/wp\/v2\/posts\/9947\/revisions"}],"predecessor-version":[{"id":9949,"href":"https:\/\/projectes.xtec.cat\/programesiprojectesfp\/wp-json\/wp\/v2\/posts\/9947\/revisions\/9949"}],"wp:featuredmedia":[{"embeddable":true,"href":"https:\/\/projectes.xtec.cat\/programesiprojectesfp\/wp-json\/wp\/v2\/media\/9948"}],"wp:attachment":[{"href":"https:\/\/projectes.xtec.cat\/programesiprojectesfp\/wp-json\/wp\/v2\/media?parent=9947"}],"wp:term":[{"taxonomy":"category","embeddable":true,"href":"https:\/\/projectes.xtec.cat\/programesiprojectesfp\/wp-json\/wp\/v2\/categories?post=9947"},{"taxonomy":"post_tag","embeddable":true,"href":"https:\/\/projectes.xtec.cat\/programesiprojectesfp\/wp-json\/wp\/v2\/tags?post=9947"}],"curies":[{"name":"wp","href":"https:\/\/api.w.org\/{rel}","templated":true}]}}