{"id":9015,"date":"2018-01-09T12:16:03","date_gmt":"2018-01-09T11:16:03","guid":{"rendered":"http:\/\/projectes.xtec.cat\/pyirenefp\/?p=9015"},"modified":"2018-05-18T09:47:17","modified_gmt":"2018-05-18T07:47:17","slug":"reunion-para-la-organizacion-de-la-formacion-de-formadores","status":"publish","type":"post","link":"https:\/\/projectes.xtec.cat\/pyirenefp\/portada-es\/reunion-para-la-organizacion-de-la-formacion-de-formadores\/","title":{"rendered":"Reuni\u00f3n para la organizaci\u00f3n de la formaci\u00f3n de formadores"},"content":{"rendered":"<p><a href=\"http:\/\/projectes.xtec.cat\/pyirenefp\/wp-content\/uploads\/usu498\/2018\/01\/IMG_20180109_113328_bis.jpg\"><img loading=\"lazy\" decoding=\"async\" class=\"wp-image-9016 alignright\" src=\"http:\/\/projectes.xtec.cat\/pyirenefp\/wp-content\/uploads\/usu498\/2018\/01\/IMG_20180109_113328_bis-1024x768.jpg\" alt=\"\" width=\"391\" height=\"293\" srcset=\"https:\/\/projectes.xtec.cat\/pyirenefp\/wp-content\/uploads\/usu498\/2018\/01\/IMG_20180109_113328_bis-1024x768.jpg 1024w, https:\/\/projectes.xtec.cat\/pyirenefp\/wp-content\/uploads\/usu498\/2018\/01\/IMG_20180109_113328_bis-300x225.jpg 300w, https:\/\/projectes.xtec.cat\/pyirenefp\/wp-content\/uploads\/usu498\/2018\/01\/IMG_20180109_113328_bis-768x576.jpg 768w, https:\/\/projectes.xtec.cat\/pyirenefp\/wp-content\/uploads\/usu498\/2018\/01\/IMG_20180109_113328_bis-200x150.jpg 200w\" sizes=\"auto, (max-width: 391px) 100vw, 391px\" \/><\/a>Personas expertas en movilidad y orientaci\u00f3n en formaci\u00f3n profesional de los pa\u00edses socios del proyecto PyireneFP se re\u00fanen en Barcelona para organizar la formaci\u00f3n de formadores que realizaran durante los meses de enero y febrero de 2018.<\/p>\n<p>&nbsp;<\/p>\n<p style=\"text-align: left;\">PyireneFP tiene el objetivo de crear un espacio transfronterizo y coordinado de la formaci\u00f3n profesional que ofrezca servicios de informaci\u00f3n y orientaci\u00f3n profesional, movilidad formativa y formaci\u00f3n profesional con reconocimiento mutuo que permita la obtenci\u00f3n de titulaciones. Para poder alcanzar estos objetivos, se necesita formar a personas expertas en movilidades formativas y en orientaci\u00f3n profesional.<\/p>\n<p style=\"text-align: left;\">\n","protected":false},"excerpt":{"rendered":"<p><a href=\"http:\/\/projectes.xtec.cat\/pyirenefp\/wp-content\/uploads\/usu498\/2018\/01\/IMG_20180109_113328_bis.jpg\"><\/a>Personas expertas en movilidad y orientaci\u00f3n en formaci\u00f3n profesional de los pa\u00edses socios del proyecto PyireneFP se re\u00fanen en Barcelona para organizar la formaci\u00f3n de formadores que realizaran durante los meses de enero y febrero de 2018.<br \/>\n&nbsp;<br \/>\nPyireneFP tiene el objetivo de crear un espacio&hellip;  <a href=\"https:\/\/projectes.xtec.cat\/pyirenefp\/portada-es\/reunion-para-la-organizacion-de-la-formacion-de-formadores\/\" title=\"Read Reuni\u00f3n para la organizaci\u00f3n de la formaci\u00f3n de formadores\">Llegeix m\u00e9s\u00bb<\/a><\/p>\n","protected":false},"author":1,"featured_media":0,"comment_status":"closed","ping_status":"closed","sticky":false,"template":"","format":"standard","meta":{"_bbp_topic_count":0,"_bbp_reply_count":0,"_bbp_total_topic_count":0,"_bbp_total_reply_count":0,"_bbp_voice_count":0,"_bbp_anonymous_reply_count":0,"_bbp_topic_count_hidden":0,"_bbp_reply_count_hidden":0,"_bbp_forum_subforum_count":0,"footnotes":""},"categories":[154,322,283,29,482],"tags":[538,418],"class_list":["post-9015","post","type-post","status-publish","format-standard","hentry","category-formacion-es","category-general-es","category-noticias","category-portada-es","category-pyirenefp-es","tag-formacion-es","tag-poctefa-es"],"post_mailing_queue_ids":[],"_links":{"self":[{"href":"https:\/\/projectes.xtec.cat\/pyirenefp\/wp-json\/wp\/v2\/posts\/9015","targetHints":{"allow":["GET"]}}],"collection":[{"href":"https:\/\/projectes.xtec.cat\/pyirenefp\/wp-json\/wp\/v2\/posts"}],"about":[{"href":"https:\/\/projectes.xtec.cat\/pyirenefp\/wp-json\/wp\/v2\/types\/post"}],"author":[{"embeddable":true,"href":"https:\/\/projectes.xtec.cat\/pyirenefp\/wp-json\/wp\/v2\/users\/1"}],"replies":[{"embeddable":true,"href":"https:\/\/projectes.xtec.cat\/pyirenefp\/wp-json\/wp\/v2\/comments?post=9015"}],"version-history":[{"count":3,"href":"https:\/\/projectes.xtec.cat\/pyirenefp\/wp-json\/wp\/v2\/posts\/9015\/revisions"}],"predecessor-version":[{"id":9105,"href":"https:\/\/projectes.xtec.cat\/pyirenefp\/wp-json\/wp\/v2\/posts\/9015\/revisions\/9105"}],"wp:attachment":[{"href":"https:\/\/projectes.xtec.cat\/pyirenefp\/wp-json\/wp\/v2\/media?parent=9015"}],"wp:term":[{"taxonomy":"category","embeddable":true,"href":"https:\/\/projectes.xtec.cat\/pyirenefp\/wp-json\/wp\/v2\/categories?post=9015"},{"taxonomy":"post_tag","embeddable":true,"href":"https:\/\/projectes.xtec.cat\/pyirenefp\/wp-json\/wp\/v2\/tags?post=9015"}],"curies":[{"name":"wp","href":"https:\/\/api.w.org\/{rel}","templated":true}]}}