{"id":9034,"date":"2018-01-09T13:36:42","date_gmt":"2018-01-09T12:36:42","guid":{"rendered":"http:\/\/projectes.xtec.cat\/pyirenefp\/?p=9034"},"modified":"2018-05-18T09:47:39","modified_gmt":"2018-05-18T07:47:39","slug":"reunio-dorganitzacio-de-la-formacio-de-formadors","status":"publish","type":"post","link":"https:\/\/projectes.xtec.cat\/pyirenefp\/general-cat\/reunio-dorganitzacio-de-la-formacio-de-formadors\/","title":{"rendered":"Reuni\u00f3 d&#8217;organitzaci\u00f3 de la formaci\u00f3 de formadors"},"content":{"rendered":"<p><a href=\"http:\/\/projectes.xtec.cat\/pyirenefp\/wp-content\/uploads\/usu498\/2018\/01\/IMG_20180109_113328_bis.jpg\"><img loading=\"lazy\" decoding=\"async\" class=\"wp-image-9016 alignright\" src=\"http:\/\/projectes.xtec.cat\/pyirenefp\/wp-content\/uploads\/usu498\/2018\/01\/IMG_20180109_113328_bis-1024x768.jpg\" alt=\"\" width=\"391\" height=\"293\" srcset=\"https:\/\/projectes.xtec.cat\/pyirenefp\/wp-content\/uploads\/usu498\/2018\/01\/IMG_20180109_113328_bis-1024x768.jpg 1024w, https:\/\/projectes.xtec.cat\/pyirenefp\/wp-content\/uploads\/usu498\/2018\/01\/IMG_20180109_113328_bis-300x225.jpg 300w, https:\/\/projectes.xtec.cat\/pyirenefp\/wp-content\/uploads\/usu498\/2018\/01\/IMG_20180109_113328_bis-768x576.jpg 768w, https:\/\/projectes.xtec.cat\/pyirenefp\/wp-content\/uploads\/usu498\/2018\/01\/IMG_20180109_113328_bis-200x150.jpg 200w\" sizes=\"auto, (max-width: 391px) 100vw, 391px\" \/><\/a>Persones expertes en mobilitat i orientaci\u00f3 de la formaci\u00f3 professional dels pa\u00efsos socis del projecte PyireneFP es reuneixen a Barcelona per organitzar la formaci\u00f3 de formadors que tindr\u00e0 lloc durant els mesos de gener i febrer de 2018.<\/p>\n<p>&nbsp;<\/p>\n<p>PyireneFP t\u00e9 l&#8217;objectiu de crear un espai transfronterer i coordinat de la formaci\u00f3 professional que ofereixi serveis d&#8217;informaci\u00f3 i orientaci\u00f3 professional, mobilitat formativa i formaci\u00f3 professional amb reconeixement mutu que permeti l&#8217;obtenci\u00f3 de titulacions. Per aconseguir aquests objectius, cal formar a persones expertes en mobilitats formatives i en orientaci\u00f3 professional.<\/p>\n","protected":false},"excerpt":{"rendered":"<p><a href=\"http:\/\/projectes.xtec.cat\/pyirenefp\/wp-content\/uploads\/usu498\/2018\/01\/IMG_20180109_113328_bis.jpg\"><\/a>Persones expertes en mobilitat i orientaci\u00f3 de la formaci\u00f3 professional dels pa\u00efsos socis del projecte PyireneFP es reuneixen a Barcelona per organitzar la formaci\u00f3 de formadors que tindr\u00e0 lloc durant els mesos de gener i febrer de 2018.<br \/>\n&nbsp;<br \/>\nPyireneFP t\u00e9 l&#8217;objectiu de crear un espai&hellip;  <a href=\"https:\/\/projectes.xtec.cat\/pyirenefp\/general-cat\/reunio-dorganitzacio-de-la-formacio-de-formadors\/\" title=\"Read Reuni\u00f3 d&#8217;organitzaci\u00f3 de la formaci\u00f3 de formadors\">Llegeix m\u00e9s\u00bb<\/a><\/p>\n","protected":false},"author":9,"featured_media":0,"comment_status":"closed","ping_status":"closed","sticky":false,"template":"","format":"standard","meta":{"_bbp_topic_count":0,"_bbp_reply_count":0,"_bbp_total_topic_count":0,"_bbp_total_reply_count":0,"_bbp_voice_count":0,"_bbp_anonymous_reply_count":0,"_bbp_topic_count_hidden":0,"_bbp_reply_count_hidden":0,"_bbp_forum_subforum_count":0,"footnotes":""},"categories":[387,1,457,484,478],"tags":[404,532],"class_list":["post-9034","post","type-post","status-publish","format-standard","hentry","category-formacio-ca","category-general-cat","category-noticies-cat","category-portada-cat","category-pyirenefp-cat","tag-formacion-cat","tag-poctefa-cat"],"post_mailing_queue_ids":[],"_links":{"self":[{"href":"https:\/\/projectes.xtec.cat\/pyirenefp\/wp-json\/wp\/v2\/posts\/9034","targetHints":{"allow":["GET"]}}],"collection":[{"href":"https:\/\/projectes.xtec.cat\/pyirenefp\/wp-json\/wp\/v2\/posts"}],"about":[{"href":"https:\/\/projectes.xtec.cat\/pyirenefp\/wp-json\/wp\/v2\/types\/post"}],"author":[{"embeddable":true,"href":"https:\/\/projectes.xtec.cat\/pyirenefp\/wp-json\/wp\/v2\/users\/9"}],"replies":[{"embeddable":true,"href":"https:\/\/projectes.xtec.cat\/pyirenefp\/wp-json\/wp\/v2\/comments?post=9034"}],"version-history":[{"count":3,"href":"https:\/\/projectes.xtec.cat\/pyirenefp\/wp-json\/wp\/v2\/posts\/9034\/revisions"}],"predecessor-version":[{"id":9106,"href":"https:\/\/projectes.xtec.cat\/pyirenefp\/wp-json\/wp\/v2\/posts\/9034\/revisions\/9106"}],"wp:attachment":[{"href":"https:\/\/projectes.xtec.cat\/pyirenefp\/wp-json\/wp\/v2\/media?parent=9034"}],"wp:term":[{"taxonomy":"category","embeddable":true,"href":"https:\/\/projectes.xtec.cat\/pyirenefp\/wp-json\/wp\/v2\/categories?post=9034"},{"taxonomy":"post_tag","embeddable":true,"href":"https:\/\/projectes.xtec.cat\/pyirenefp\/wp-json\/wp\/v2\/tags?post=9034"}],"curies":[{"name":"wp","href":"https:\/\/api.w.org\/{rel}","templated":true}]}}