{"id":9275,"date":"2018-02-12T18:02:54","date_gmt":"2018-02-12T17:02:54","guid":{"rendered":"http:\/\/projectes.xtec.cat\/pyirenefp\/?p=9275"},"modified":"2018-06-19T17:19:43","modified_gmt":"2018-06-19T15:19:43","slug":"formation-du-formateurs-du-mobilite-de-lfp-a-toulouse","status":"publish","type":"post","link":"https:\/\/projectes.xtec.cat\/pyirenefp\/formation-fr\/formation-du-formateurs-du-mobilite-de-lfp-a-toulouse\/","title":{"rendered":"Formation de formateurs sur la mobilit\u00e9 de la FP \u00e0 Toulouse"},"content":{"rendered":"<p>La Formation de formateurs sur la mobilit\u00e9 de la formation professionnelle (FP) s\u2019est d\u00e9roul\u00e9e \u00e0 Toulouse les 12 et 13\u00a0f\u00e9vrier\u00a02018.<\/p>\n<p>Des Techniciens du projet PyireneFP ont form\u00e9 22\u00a0professionnels \u00e0 la mobilit\u00e9 de la FP pour en faire de v\u00e9ritables experts dans l\u2019organisation et l<a href=\"http:\/\/projectes.xtec.cat\/pyirenefp\/wp-content\/uploads\/usu498\/2018\/02\/Fdf_Mobilidad.jpg\"><img loading=\"lazy\" decoding=\"async\" class=\"wp-image-9220 alignleft\" src=\"http:\/\/projectes.xtec.cat\/pyirenefp\/wp-content\/uploads\/usu498\/2018\/02\/Fdf_Mobilidad.jpg\" alt=\"\" width=\"426\" height=\"213\" srcset=\"https:\/\/projectes.xtec.cat\/pyirenefp\/wp-content\/uploads\/usu498\/2018\/02\/Fdf_Mobilidad.jpg 1000w, https:\/\/projectes.xtec.cat\/pyirenefp\/wp-content\/uploads\/usu498\/2018\/02\/Fdf_Mobilidad-300x150.jpg 300w, https:\/\/projectes.xtec.cat\/pyirenefp\/wp-content\/uploads\/usu498\/2018\/02\/Fdf_Mobilidad-768x384.jpg 768w\" sizes=\"auto, (max-width: 426px) 100vw, 426px\" \/><\/a>a gestion de la mobilit\u00e9 de s\u00e9jours d\u2019\u00e9tudes et de stages en Aragon, Catalogne, Pays Basque, Navarre, Nouvelle-Aquitaine et Occitanie. Ces personnes formeront 102\u00a0professionnels de la FP pour leur permettre de promouvoir et pr\u00e9parer la mobilit\u00e9 des \u00e9tudes et des stages dans les diff\u00e9rents \u00e9tablissements des r\u00e9gions partenaires du projet PyireneFP. Au total, 452\u00a0\u00e9l\u00e8ves de 44\u00a0\u00e9tablissements de FP participeront aux actions de mobilit\u00e9 dans les r\u00e9gions partenaires du projet.<\/p>\n<p>Par ailleurs, ces formations permettront de cr\u00e9er un r\u00e9seau de mobilit\u00e9 de la FP pour encourager les mobilit\u00e9s, les \u00e9changes et les bonnes pratiques entre les r\u00e9gions partenaires du projet<\/p>\n<p>&nbsp;<\/p>\n","protected":false},"excerpt":{"rendered":"<p>La Formation de formateurs sur la mobilit\u00e9 de la formation professionnelle (FP) s\u2019est d\u00e9roul\u00e9e \u00e0 Toulouse les 12 et 13\u00a0f\u00e9vrier\u00a02018.<br \/>\nDes Techniciens du projet PyireneFP ont form\u00e9 22\u00a0professionnels \u00e0 la mobilit\u00e9 de la FP pour en faire de v\u00e9ritables experts dans l\u2019organisation et l<a href=\"http:\/\/projectes.xtec.cat\/pyirenefp\/wp-content\/uploads\/usu498\/2018\/02\/Fdf_Mobilidad.jpg\"><\/a>a gestion&hellip;  <a href=\"https:\/\/projectes.xtec.cat\/pyirenefp\/formation-fr\/formation-du-formateurs-du-mobilite-de-lfp-a-toulouse\/\" title=\"Read Formation de formateurs sur la mobilit\u00e9 de la FP \u00e0 Toulouse\">Llegeix m\u00e9s\u00bb<\/a><\/p>\n","protected":false},"author":1,"featured_media":0,"comment_status":"closed","ping_status":"closed","sticky":false,"template":"","format":"standard","meta":{"_bbp_topic_count":0,"_bbp_reply_count":0,"_bbp_total_topic_count":0,"_bbp_total_reply_count":0,"_bbp_voice_count":0,"_bbp_anonymous_reply_count":0,"_bbp_topic_count_hidden":0,"_bbp_reply_count_hidden":0,"_bbp_forum_subforum_count":0,"footnotes":""},"categories":[494,486,76,326,462,480],"tags":[540,510,534],"class_list":["post-9275","post","type-post","status-publish","format-standard","hentry","category-movilidad-fr","category-portada-fr","category-formation-fr","category-general-fr","category-noticias-fr","category-pyirenefp-fr","tag-formacion-fr","tag-movilidadfp-fr","tag-poctefa-fr"],"post_mailing_queue_ids":[],"_links":{"self":[{"href":"https:\/\/projectes.xtec.cat\/pyirenefp\/wp-json\/wp\/v2\/posts\/9275","targetHints":{"allow":["GET"]}}],"collection":[{"href":"https:\/\/projectes.xtec.cat\/pyirenefp\/wp-json\/wp\/v2\/posts"}],"about":[{"href":"https:\/\/projectes.xtec.cat\/pyirenefp\/wp-json\/wp\/v2\/types\/post"}],"author":[{"embeddable":true,"href":"https:\/\/projectes.xtec.cat\/pyirenefp\/wp-json\/wp\/v2\/users\/1"}],"replies":[{"embeddable":true,"href":"https:\/\/projectes.xtec.cat\/pyirenefp\/wp-json\/wp\/v2\/comments?post=9275"}],"version-history":[{"count":3,"href":"https:\/\/projectes.xtec.cat\/pyirenefp\/wp-json\/wp\/v2\/posts\/9275\/revisions"}],"predecessor-version":[{"id":10280,"href":"https:\/\/projectes.xtec.cat\/pyirenefp\/wp-json\/wp\/v2\/posts\/9275\/revisions\/10280"}],"wp:attachment":[{"href":"https:\/\/projectes.xtec.cat\/pyirenefp\/wp-json\/wp\/v2\/media?parent=9275"}],"wp:term":[{"taxonomy":"category","embeddable":true,"href":"https:\/\/projectes.xtec.cat\/pyirenefp\/wp-json\/wp\/v2\/categories?post=9275"},{"taxonomy":"post_tag","embeddable":true,"href":"https:\/\/projectes.xtec.cat\/pyirenefp\/wp-json\/wp\/v2\/tags?post=9275"}],"curies":[{"name":"wp","href":"https:\/\/api.w.org\/{rel}","templated":true}]}}