{"id":10829,"date":"2022-05-03T14:12:09","date_gmt":"2022-05-03T12:12:09","guid":{"rendered":"https:\/\/projectes.xtec.cat\/qualitatfp\/?p=10829"},"modified":"2022-05-03T14:12:09","modified_gmt":"2022-05-03T12:12:09","slug":"linstitut-esteve-terradas-i-illa-un-sol-sistema-de-gestio-integrat","status":"publish","type":"post","link":"https:\/\/projectes.xtec.cat\/qualitatfp\/general\/linstitut-esteve-terradas-i-illa-un-sol-sistema-de-gestio-integrat\/","title":{"rendered":"l&#8217;Institut Esteve Terradas i Illa: un sol Sistema de Gesti\u00f3 Integrat"},"content":{"rendered":"<p>L\u2019<strong>Institut Esteve Terradas i Illa<\/strong> s\u2019ha plantejat un repte important de cara al curs vinent: La integraci\u00f3 dels Sistemes de Gesti\u00f3 de Qualitat, Riscos Laborals i Medi Ambient en un <strong>Sistema de Gesti\u00f3 Integrat<\/strong>.<\/p>\n<p>Actualment disposa de la certificaci\u00f3 <strong>ISO9001:2015<\/strong> (des de l\u2019any 2008), i la certificaci\u00f3 de la <strong>ISO45001:2018<\/strong> (des de l\u2019any 2021), i es troba en proc\u00e9s d\u2019implantaci\u00f3 de la <strong>ISO14001:2015<\/strong>. Amb l\u2019objectiu d\u2019optimitzar recursos i simplificar la metodologia a seguir, s\u2019ha decidit aprofitar la certificaci\u00f3 de la ISO14001:2015 per a fer una integraci\u00f3 dels tres sistemes de gesti\u00f3.<\/p>\n<p>El primer pas ha estat la realitzaci\u00f3 d\u2019una simplificaci\u00f3 del Mapa de Processos del centre i de la documentaci\u00f3 del SGQ, per a incloure en la documentaci\u00f3 la ISO45001:2018. Amb ganes de poder continuar implantant la ISO14001:2015, s\u2019est\u00e0 treballant per a la implementaci\u00f3 d\u2019aquest sistema dins de la documentaci\u00f3 actual. Per aquest motiu s\u2019ha creat la coordinaci\u00f3 del <strong>Sistema de Gesti\u00f3 Integrat<\/strong> (SGI) amb la finalitat de coordinar les tres normatives aplicables.<\/p>\n<p>Tot aquest proc\u00e9s implica recursos humans importants que son assumits per personal del centre amb ganes i implicaci\u00f3 en cadascuna de les mat\u00e8ries, i que t\u00e9 com a objectiu final fer que el SGI sigui \u00fatil, \u00e0gil i ent\u00e8s per tot el personal del centre.<\/p>\n<p>Esperem, per tant, de cara al curs vinent, obtenir un bon resultat d\u2019integraci\u00f3 i poder obtenir la certificaci\u00f3 de les tres normatives, que implica la re-certificaci\u00f3 de les ja certificades. En aquest sentit, es pret\u00e9n reduir els temps de dedicaci\u00f3 en el que a auditories internes i externes es refereix, i, com s\u2019ha comentat abans, l\u2019optimitzaci\u00f3 dels recursos del centre.<\/p>\n<p><a href=\"https:\/\/agora.xtec.cat\/iesesteveterradas\/\" target=\"_blank\" rel=\"noopener\"><img loading=\"lazy\" decoding=\"async\" class=\"aligncenter wp-image-10838\" src=\"https:\/\/projectes.xtec.cat\/qualitatfp\/wp-content\/uploads\/usu772\/2022\/05\/toit2.jpg\" alt=\"\" width=\"425\" height=\"262\" srcset=\"https:\/\/projectes.xtec.cat\/qualitatfp\/wp-content\/uploads\/usu772\/2022\/05\/toit2.jpg 649w, https:\/\/projectes.xtec.cat\/qualitatfp\/wp-content\/uploads\/usu772\/2022\/05\/toit2-300x185.jpg 300w\" sizes=\"auto, (max-width: 425px) 100vw, 425px\" \/><\/a><\/p>\n","protected":false},"excerpt":{"rendered":"<p>L\u2019Institut Esteve Terradas i Illa s\u2019ha plantejat un repte important de cara al curs vinent: La integraci\u00f3 dels Sistemes de Gesti\u00f3 de Qualitat, Riscos Laborals i Medi Ambient en un Sistema de Gesti\u00f3 Integrat.<br \/>\nActualment disposa de la certificaci\u00f3 ISO9001:2015 (des de l\u2019any 2008), i la&hellip;  <a href=\"https:\/\/projectes.xtec.cat\/qualitatfp\/general\/linstitut-esteve-terradas-i-illa-un-sol-sistema-de-gestio-integrat\/\" title=\"Read l&#8217;Institut Esteve Terradas i Illa: un sol Sistema de Gesti\u00f3 Integrat\">Llegeix m\u00e9s\u00bb<\/a><\/p>\n","protected":false},"author":1,"featured_media":10840,"comment_status":"open","ping_status":"closed","sticky":false,"template":"","format":"standard","meta":{"_bbp_topic_count":0,"_bbp_reply_count":0,"_bbp_total_topic_count":0,"_bbp_total_reply_count":0,"_bbp_voice_count":0,"_bbp_anonymous_reply_count":0,"_bbp_topic_count_hidden":0,"_bbp_reply_count_hidden":0,"_bbp_forum_subforum_count":0,"footnotes":""},"categories":[1,29,76],"tags":[],"class_list":["post-10829","post","type-post","status-publish","format-standard","has-post-thumbnail","hentry","category-general","category-portada","category-recursos"],"post_mailing_queue_ids":[],"_links":{"self":[{"href":"https:\/\/projectes.xtec.cat\/qualitatfp\/wp-json\/wp\/v2\/posts\/10829","targetHints":{"allow":["GET"]}}],"collection":[{"href":"https:\/\/projectes.xtec.cat\/qualitatfp\/wp-json\/wp\/v2\/posts"}],"about":[{"href":"https:\/\/projectes.xtec.cat\/qualitatfp\/wp-json\/wp\/v2\/types\/post"}],"author":[{"embeddable":true,"href":"https:\/\/projectes.xtec.cat\/qualitatfp\/wp-json\/wp\/v2\/users\/1"}],"replies":[{"embeddable":true,"href":"https:\/\/projectes.xtec.cat\/qualitatfp\/wp-json\/wp\/v2\/comments?post=10829"}],"version-history":[{"count":3,"href":"https:\/\/projectes.xtec.cat\/qualitatfp\/wp-json\/wp\/v2\/posts\/10829\/revisions"}],"predecessor-version":[{"id":10841,"href":"https:\/\/projectes.xtec.cat\/qualitatfp\/wp-json\/wp\/v2\/posts\/10829\/revisions\/10841"}],"wp:featuredmedia":[{"embeddable":true,"href":"https:\/\/projectes.xtec.cat\/qualitatfp\/wp-json\/wp\/v2\/media\/10840"}],"wp:attachment":[{"href":"https:\/\/projectes.xtec.cat\/qualitatfp\/wp-json\/wp\/v2\/media?parent=10829"}],"wp:term":[{"taxonomy":"category","embeddable":true,"href":"https:\/\/projectes.xtec.cat\/qualitatfp\/wp-json\/wp\/v2\/categories?post=10829"},{"taxonomy":"post_tag","embeddable":true,"href":"https:\/\/projectes.xtec.cat\/qualitatfp\/wp-json\/wp\/v2\/tags?post=10829"}],"curies":[{"name":"wp","href":"https:\/\/api.w.org\/{rel}","templated":true}]}}