{"id":10847,"date":"2022-05-23T08:08:11","date_gmt":"2022-05-23T06:08:11","guid":{"rendered":"https:\/\/projectes.xtec.cat\/qualitatfp\/?p=10847"},"modified":"2022-05-23T11:53:38","modified_gmt":"2022-05-23T09:53:38","slug":"qcampusfp2022-international-de-l1-al-7-de-juliol","status":"publish","type":"post","link":"https:\/\/projectes.xtec.cat\/qualitatfp\/portada\/qcampusfp2022-international-de-l1-al-7-de-juliol\/","title":{"rendered":"qCampusFP#2022-International &#8211; de l&#8217;1 al 7 de juliol"},"content":{"rendered":"<p><a href=\"https:\/\/sites.google.com\/xtec.cat\/qcampusfp2022\"><img loading=\"lazy\" decoding=\"async\" class=\"alignleft wp-image-10866 size-full\" src=\"https:\/\/projectes.xtec.cat\/qualitatfp\/wp-content\/uploads\/usu772\/2022\/05\/nodes.png\" alt=\"\" width=\"1906\" height=\"683\" srcset=\"https:\/\/projectes.xtec.cat\/qualitatfp\/wp-content\/uploads\/usu772\/2022\/05\/nodes.png 1906w, https:\/\/projectes.xtec.cat\/qualitatfp\/wp-content\/uploads\/usu772\/2022\/05\/nodes-300x108.png 300w, https:\/\/projectes.xtec.cat\/qualitatfp\/wp-content\/uploads\/usu772\/2022\/05\/nodes-1024x367.png 1024w, https:\/\/projectes.xtec.cat\/qualitatfp\/wp-content\/uploads\/usu772\/2022\/05\/nodes-768x275.png 768w, https:\/\/projectes.xtec.cat\/qualitatfp\/wp-content\/uploads\/usu772\/2022\/05\/nodes-1536x550.png 1536w\" sizes=\"auto, (max-width: 1906px) 100vw, 1906px\" \/><\/a><\/p>\n<p>&nbsp;<\/p>\n<p><span style=\"font-weight: 400;\">El campus d&#8217;estiu de formaci\u00f3 de la Subdirecci\u00f3 General de Programes i Projectes dins de la Direcci\u00f3 General de Formaci\u00f3 Professional, <\/span><b>aquest curs m\u00e9s internacional que mai<\/b><span style=\"font-weight: 400;\">.\u00a0<\/span><\/p>\n<p><span style=\"font-weight: 400;\">Des de l&#8217;any 2006, el qCampus, \u00e9s una experi\u00e8ncia pionera a nivell europeu, en la que durant una setmana a l&#8217;any, professors i professores d&#8217;arreu de Catalunya participen en activitats formatives relacionades amb la gesti\u00f3 dels centres educatius.<\/span><\/p>\n<p><span style=\"font-weight: 400;\">L&#8217;objectiu \u00e9s dotar al professorat de Catalunya d&#8217;una oferta completa de formaci\u00f3 relacionada amb els diferents programes i projectes de foment de l&#8217;FP i de qualificaci\u00f3 inicial professional. Tant pel professorat dels centres que formen part d&#8217;algun d&#8217;aquests programes i projectes, com pel professorat d&#8217;altres centres que puguin estar interessats.<\/span><\/p>\n<p><span style=\"font-weight: 400;\">La formaci\u00f3 \u00e9s complement\u00e0ria o b\u00e9 d&#8217;introducci\u00f3 a la desenvolupada dins dels grups de treballs i xarxes dels programes d&#8217;aquesta subdirecci\u00f3; la metodologia emprada combina els conceptes, l&#8217;estudi de casos i la realitzaci\u00f3 d&#8217;activitats, amb la finalitat d&#8217;establir xarxes de coneixement i incrementar el valor de les relacions i la cooperaci\u00f3 que es cre\u00ef durant la setmana que dura l&#8217;esdeveniment.<\/span><\/p>\n<p><span style=\"font-weight: 400;\">Aquest curs l&#8217;oferta formativa vol ser m\u00e9s \u00e0mplia, m\u00e9s de<\/span> <span style=\"font-weight: 400;\">60<\/span><span style=\"font-weight: 400;\"> cursos diferents proposats pels diferents programes i projectes d&#8217;aquesta subdirecci\u00f3:<\/span><\/p>\n<ul>\n<li style=\"font-weight: 400;\" aria-level=\"1\"><strong>ImpulsFP: ActivaFP, OrientaFP, Empr\u00e8nFP, FuturaFP, Catskills i InnovaFP\u00a0<\/strong><\/li>\n<li style=\"font-weight: 400;\" aria-level=\"1\"><strong>Els Programes de Formaci\u00f3 i Inserci\u00f3 (PFI)<\/strong><\/li>\n<li style=\"font-weight: 400;\" aria-level=\"1\"><strong>FP dual\u00a0<\/strong><\/li>\n<li style=\"font-weight: 400;\" aria-level=\"1\"><strong>Mobilitat internacional<\/strong><\/li>\n<li style=\"font-weight: 400;\" aria-level=\"1\"><strong>EmpresaFP<\/strong><\/li>\n<li style=\"font-weight: 400;\" aria-level=\"1\"><strong>IntegraFP<\/strong><\/li>\n<li style=\"font-weight: 400;\" aria-level=\"1\"><strong>Projecte de Qualitat i Millora Cont\u00ednua<\/strong><\/li>\n<\/ul>\n<p><span style=\"font-weight: 400;\">I m\u00e9s internacional, amb ponents i participants d&#8217;arreu d&#8217;Europa.<\/span><\/p>\n<p><span style=\"font-weight: 400;\">L&#8217;edici\u00f3 d&#8217;enguany, volem recuperar el <\/span><b>format presencial a l\u2019Institut Bonanova <\/b><span style=\"font-weight: 400;\">(<\/span><span style=\"font-weight: 400;\">Passeig de Circumval\u00b7laci\u00f3, 8, Barcelona)<\/span><span style=\"font-weight: 400;\">, sense renunciar a les avantatges del <\/span><b>format en l\u00ednia<\/b><span style=\"font-weight: 400;\">. D&#8217;aquesta manera, oferim cursos presencials, cursos sincr\u00f2nics en l\u00ednia i, en forma de pilotatge, algunes formacions les oferim h\u00edbrides. Tot aix\u00f2, preveient que la situaci\u00f3 sanit\u00e0ria ens acompanyi. En el cas que no sigui aix\u00ed totes les formacions passaran a format en l\u00ednia de manera s\u00edncrona.<\/span><\/p>\n<p><b>Participants<\/b><span style=\"font-weight: 400;\">: Adre\u00e7at preferentment a professorat dels centres que participen en els diferents programes i projectes de la Subdirecci\u00f3 General de Programes i Projectes. <\/span><\/p>\n<p><span style=\"font-weight: 400;\">Tamb\u00e9 pot participar professorat d&#8217;altres centres que estiguin interessats. Els participants poden matricular-se en tots els cursos possibles tenint en compte els requisits del curs i el possible solapament en el calendari.<\/span><\/p>\n<p><b>Certificaci\u00f3<\/b><span style=\"font-weight: 400;\">: El professorat assistent disposar\u00e0 d&#8217;un certificat de participaci\u00f3, d&#8217;acord amb els requisits establerts, per cada curs superat.\u00a0<\/span><\/p>\n<p><strong>Podeu trobar el llistat de formacions i l&#8217;acc\u00e9s a les inscripcions a: <a href=\"https:\/\/sites.google.com\/xtec.cat\/qcampusfp2022\/inici\" target=\"_blank\" rel=\"noopener\">https:\/\/sites.google.com\/xtec.cat\/qcampusfp2022<\/a><\/strong><\/p>\n","protected":false},"excerpt":{"rendered":"<p><a href=\"https:\/\/sites.google.com\/xtec.cat\/qcampusfp2022\"><\/a><br \/>\n&nbsp;<br \/>\nEl campus d&#8217;estiu de formaci\u00f3 de la Subdirecci\u00f3 General de Programes i Projectes dins de la Direcci\u00f3 General de Formaci\u00f3 Professional, aquest curs m\u00e9s internacional que mai.\u00a0<br \/>\nDes de l&#8217;any 2006, el qCampus, \u00e9s una experi\u00e8ncia pionera a nivell europeu, en la que durant una&hellip;  <a href=\"https:\/\/projectes.xtec.cat\/qualitatfp\/portada\/qcampusfp2022-international-de-l1-al-7-de-juliol\/\" title=\"Read qCampusFP#2022-International &#8211; de l&#8217;1 al 7 de juliol\">Llegeix m\u00e9s\u00bb<\/a><\/p>\n","protected":false},"author":1,"featured_media":10866,"comment_status":"open","ping_status":"closed","sticky":false,"template":"","format":"standard","meta":{"_bbp_topic_count":0,"_bbp_reply_count":0,"_bbp_total_topic_count":0,"_bbp_total_reply_count":0,"_bbp_voice_count":0,"_bbp_anonymous_reply_count":0,"_bbp_topic_count_hidden":0,"_bbp_reply_count_hidden":0,"_bbp_forum_subforum_count":0,"footnotes":""},"categories":[154,29,76],"tags":[296,350,287],"class_list":["post-10847","post","type-post","status-publish","format-standard","has-post-thumbnail","hentry","category-formacio","category-portada","category-recursos","tag-formacio","tag-qcampusfp22","tag-qualitatfp"],"post_mailing_queue_ids":[],"_links":{"self":[{"href":"https:\/\/projectes.xtec.cat\/qualitatfp\/wp-json\/wp\/v2\/posts\/10847","targetHints":{"allow":["GET"]}}],"collection":[{"href":"https:\/\/projectes.xtec.cat\/qualitatfp\/wp-json\/wp\/v2\/posts"}],"about":[{"href":"https:\/\/projectes.xtec.cat\/qualitatfp\/wp-json\/wp\/v2\/types\/post"}],"author":[{"embeddable":true,"href":"https:\/\/projectes.xtec.cat\/qualitatfp\/wp-json\/wp\/v2\/users\/1"}],"replies":[{"embeddable":true,"href":"https:\/\/projectes.xtec.cat\/qualitatfp\/wp-json\/wp\/v2\/comments?post=10847"}],"version-history":[{"count":5,"href":"https:\/\/projectes.xtec.cat\/qualitatfp\/wp-json\/wp\/v2\/posts\/10847\/revisions"}],"predecessor-version":[{"id":10873,"href":"https:\/\/projectes.xtec.cat\/qualitatfp\/wp-json\/wp\/v2\/posts\/10847\/revisions\/10873"}],"wp:featuredmedia":[{"embeddable":true,"href":"https:\/\/projectes.xtec.cat\/qualitatfp\/wp-json\/wp\/v2\/media\/10866"}],"wp:attachment":[{"href":"https:\/\/projectes.xtec.cat\/qualitatfp\/wp-json\/wp\/v2\/media?parent=10847"}],"wp:term":[{"taxonomy":"category","embeddable":true,"href":"https:\/\/projectes.xtec.cat\/qualitatfp\/wp-json\/wp\/v2\/categories?post=10847"},{"taxonomy":"post_tag","embeddable":true,"href":"https:\/\/projectes.xtec.cat\/qualitatfp\/wp-json\/wp\/v2\/tags?post=10847"}],"curies":[{"name":"wp","href":"https:\/\/api.w.org\/{rel}","templated":true}]}}