{"id":11021,"date":"2022-07-26T13:17:28","date_gmt":"2022-07-26T11:17:28","guid":{"rendered":"https:\/\/projectes.xtec.cat\/qualitatfp\/?p=11021"},"modified":"2022-07-26T13:21:50","modified_gmt":"2022-07-26T11:21:50","slug":"ara-fa-vint-anys-que-lins-lacetania-de-manresa-va-aconseguir-la-certificacio-iso-9001","status":"publish","type":"post","link":"https:\/\/projectes.xtec.cat\/qualitatfp\/general\/ara-fa-vint-anys-que-lins-lacetania-de-manresa-va-aconseguir-la-certificacio-iso-9001\/","title":{"rendered":"Ara fa vint anys que l&#8217;INS Lacet\u00e0nia de Manresa va aconseguir la certificaci\u00f3 ISO 9001."},"content":{"rendered":"<h5><strong>El 22 de juliol de l&#8217;any 2002, l&#8217;Institut Lacet\u00e0nia de Manresa va rebre la primera certificaci\u00f3 ISO 9001 en l&#8217;\u00e0mbit de l&#8217;ensenyament a Catalunya.<\/strong><\/h5>\n<p>Per aquest motiu, fa uns dies, el diari Regi\u00f3 7 de Manresa va publicar un article on s&#8217;explicava com va anar tot. Des del primer equip de millora fins a l&#8217;auditoria externa que va permetre la certificaci\u00f3. L&#8217;article \u00e9s un reconeixement a la tasca que van fer en <strong>Pere Canyadell<\/strong> i en <strong>Francisco Fern\u00e1ndez<\/strong> per assolir aquest objectiu i tamb\u00e9 la feina que van fer, conjuntament amb altres companys de centres com el Quercus de Sant Joan de Vilatorrada, la Garrotxa d\u2019Olot, la Bonanova de Barcelona&#8230; per establir els fonaments sobre com gestionar la qualitat en els centres d&#8217;ensenyament.<\/p>\n<p><a href=\"https:\/\/projectes.xtec.cat\/qualitatfp\/wp-content\/uploads\/usu772\/2022\/07\/1-220704_regio7-e1658299924865.jpg\"><img loading=\"lazy\" decoding=\"async\" class=\" wp-image-11023 aligncenter\" src=\"https:\/\/projectes.xtec.cat\/qualitatfp\/wp-content\/uploads\/usu772\/2022\/07\/1-220704_regio7-e1658299924865-873x1024.jpg\" alt=\"\" width=\"949\" height=\"1113\" srcset=\"https:\/\/projectes.xtec.cat\/qualitatfp\/wp-content\/uploads\/usu772\/2022\/07\/1-220704_regio7-e1658299924865-873x1024.jpg 873w, https:\/\/projectes.xtec.cat\/qualitatfp\/wp-content\/uploads\/usu772\/2022\/07\/1-220704_regio7-e1658299924865-256x300.jpg 256w, https:\/\/projectes.xtec.cat\/qualitatfp\/wp-content\/uploads\/usu772\/2022\/07\/1-220704_regio7-e1658299924865-768x901.jpg 768w, https:\/\/projectes.xtec.cat\/qualitatfp\/wp-content\/uploads\/usu772\/2022\/07\/1-220704_regio7-e1658299924865-1309x1536.jpg 1309w, https:\/\/projectes.xtec.cat\/qualitatfp\/wp-content\/uploads\/usu772\/2022\/07\/1-220704_regio7-e1658299924865.jpg 1636w\" sizes=\"auto, (max-width: 949px) 100vw, 949px\" \/><\/a><\/p>\n","protected":false},"excerpt":{"rendered":"<p>El 22 de juliol de l&#8217;any 2002, l&#8217;Institut Lacet\u00e0nia de Manresa va rebre la primera certificaci\u00f3 ISO 9001 en l&#8217;\u00e0mbit de l&#8217;ensenyament a Catalunya.<br \/>\nPer aquest motiu, fa uns dies, el diari Regi\u00f3 7 de Manresa va publicar un article on s&#8217;explicava com va anar tot.&hellip;  <a href=\"https:\/\/projectes.xtec.cat\/qualitatfp\/general\/ara-fa-vint-anys-que-lins-lacetania-de-manresa-va-aconseguir-la-certificacio-iso-9001\/\" title=\"Read Ara fa vint anys que l&#8217;INS Lacet\u00e0nia de Manresa va aconseguir la certificaci\u00f3 ISO 9001.\">Llegeix m\u00e9s\u00bb<\/a><\/p>\n","protected":false},"author":47,"featured_media":11023,"comment_status":"open","ping_status":"closed","sticky":false,"template":"","format":"standard","meta":{"_bbp_topic_count":0,"_bbp_reply_count":0,"_bbp_total_topic_count":0,"_bbp_total_reply_count":0,"_bbp_voice_count":0,"_bbp_anonymous_reply_count":0,"_bbp_topic_count_hidden":0,"_bbp_reply_count_hidden":0,"_bbp_forum_subforum_count":0,"footnotes":""},"categories":[1,29],"tags":[313,353],"class_list":["post-11021","post","type-post","status-publish","format-standard","has-post-thumbnail","hentry","category-general","category-portada","tag-certificacions","tag-iso-9001"],"post_mailing_queue_ids":[],"_links":{"self":[{"href":"https:\/\/projectes.xtec.cat\/qualitatfp\/wp-json\/wp\/v2\/posts\/11021","targetHints":{"allow":["GET"]}}],"collection":[{"href":"https:\/\/projectes.xtec.cat\/qualitatfp\/wp-json\/wp\/v2\/posts"}],"about":[{"href":"https:\/\/projectes.xtec.cat\/qualitatfp\/wp-json\/wp\/v2\/types\/post"}],"author":[{"embeddable":true,"href":"https:\/\/projectes.xtec.cat\/qualitatfp\/wp-json\/wp\/v2\/users\/47"}],"replies":[{"embeddable":true,"href":"https:\/\/projectes.xtec.cat\/qualitatfp\/wp-json\/wp\/v2\/comments?post=11021"}],"version-history":[{"count":4,"href":"https:\/\/projectes.xtec.cat\/qualitatfp\/wp-json\/wp\/v2\/posts\/11021\/revisions"}],"predecessor-version":[{"id":11035,"href":"https:\/\/projectes.xtec.cat\/qualitatfp\/wp-json\/wp\/v2\/posts\/11021\/revisions\/11035"}],"wp:featuredmedia":[{"embeddable":true,"href":"https:\/\/projectes.xtec.cat\/qualitatfp\/wp-json\/wp\/v2\/media\/11023"}],"wp:attachment":[{"href":"https:\/\/projectes.xtec.cat\/qualitatfp\/wp-json\/wp\/v2\/media?parent=11021"}],"wp:term":[{"taxonomy":"category","embeddable":true,"href":"https:\/\/projectes.xtec.cat\/qualitatfp\/wp-json\/wp\/v2\/categories?post=11021"},{"taxonomy":"post_tag","embeddable":true,"href":"https:\/\/projectes.xtec.cat\/qualitatfp\/wp-json\/wp\/v2\/tags?post=11021"}],"curies":[{"name":"wp","href":"https:\/\/api.w.org\/{rel}","templated":true}]}}