{"id":11213,"date":"2022-11-02T20:00:07","date_gmt":"2022-11-02T19:00:07","guid":{"rendered":"https:\/\/projectes.xtec.cat\/qualitatfp\/?p=11213"},"modified":"2022-11-19T12:07:53","modified_gmt":"2022-11-19T11:07:53","slug":"les-empreses-comaigua-sl-i-elringklinger-sau-reben-el-reconeixement-dexcellencia-per-la-seva-gestio-de-qualitat-en-lfp-dual-promoguts-per-linstitut-pere-martell","status":"publish","type":"post","link":"https:\/\/projectes.xtec.cat\/qualitatfp\/general\/les-empreses-comaigua-sl-i-elringklinger-sau-reben-el-reconeixement-dexcellencia-per-la-seva-gestio-de-qualitat-en-lfp-dual-promoguts-per-linstitut-pere-martell\/","title":{"rendered":"Les empreses COMAIGUA SL i ELRINGKLINGER SAU reben el reconeixement d&#8217;Excel\u00b7l\u00e8ncia per la seva gesti\u00f3 de qualitat en l&#8217;FP dual promoguts per l&#8217;Institut Pere Martell"},"content":{"rendered":"<p><a href=\"https:\/\/institutperemartell.cat\/\" target=\"_blank\" rel=\"noopener\"><img loading=\"lazy\" decoding=\"async\" class=\"alignright\" src=\"https:\/\/institutperemartell.cat\/wp-content\/uploads\/2019\/02\/logo-institut-pere-martell.jpg\" alt=\"Institut Pere Martell\" width=\"183\" height=\"145\" \/><\/a>Per Adolf Maria Iglesias Estrad\u00e9 (coordinador dual)<\/p>\n<p>El passat dijous dia 27 d&#8217;octubre es va realitzar l&#8217;auditoria de certificaci\u00f3 de la qualitat en l&#8217;FP dual a les empreses <a href=\"https:\/\/www.elringklinger.de\/de\" target=\"_blank\" rel=\"noopener\"><strong>ELRINGKLINGER SAU<\/strong><\/a> i <a href=\"https:\/\/www.comaigua.cat\/?utm_source=GMB&amp;utm_medium=organic&amp;utm_campaign=raval_de_Gracia_38\" target=\"_blank\" rel=\"noopener\"><strong>COMAIGUA SL<\/strong><\/a> . Ambdues empreses ja havien assolit el nivell 2 d&#8217;Assegurament de la qualitat l&#8217;any 2019 i enguany, atesa la bona feina que totes dues empreses realitzen en l&#8217;\u00e0mbit de la formaci\u00f3 dels aprenents amb l&#8217;FP dual, des de l&#8217;<a href=\"https:\/\/institutperemartell.cat\/\" target=\"_blank\" rel=\"noopener\"><strong>Institut Pere Martell<\/strong><\/a> es va promoure l&#8217;acc\u00e9s al nivell 3 d&#8217;Excel\u00b7l\u00e8ncia.<\/p>\n<p>L&#8217;auditoria la va dur a terme la Sra. Laura Barbero d&#8217;<a href=\"https:\/\/www.applus.com\/global\/en\/what-we-do\/services\/supervision-and-qa-and-qc\" target=\"_blank\" rel=\"noopener\">APPLUS<\/a> amb el Sr. Antonio Gonzalez, responsable de formaci\u00f3 de l&#8217;empresa ELRINGKLINGER SAU d&#8217;una banda, i posteriorment amb el Sr. Joan Campos, cap d&#8217;explotaci\u00f3 de COMAIGUA SL. <span style=\"text-decoration: underline;\">El resultat de les auditories va ser favorable i totes dues empreses van obtenir el nivell 3 d&#8217;Excel\u00b7l\u00e8ncia per la qualitat de la seva gesti\u00f3 de l&#8217;FP dual.<\/span><\/p>\n<p>&nbsp;<\/p>\n<table class=\" alignleft\" style=\"height: 259px; width: 51.6406%; border-collapse: collapse; border-style: hidden;\">\n<tbody>\n<tr style=\"height: 259px;\">\n<td style=\"width: 32.6973%; height: 259px;\"><img loading=\"lazy\" decoding=\"async\" class=\"alignleft\" style=\"background-color: #f9f9f9;\" src=\"https:\/\/www.elringklinger.es\/sites\/spain.elringklinger.de\/files\/images\/dsc_1077.jpg\" width=\"336\" height=\"222\" \/><\/td>\n<td style=\"width: 18.9433%; height: 259px;\"><a href=\"https:\/\/www.elringklinger.de\/de\" target=\"_blank\" rel=\"noopener\"><img loading=\"lazy\" decoding=\"async\" class=\"aligncenter\" src=\"https:\/\/www.elringklinger.es\/sites\/all\/themes\/dreist\/images\/logo.svg\" alt=\"ElringKlinger AG\" width=\"259\" height=\"93\" \/><\/a><\/td>\n<\/tr>\n<\/tbody>\n<\/table>\n<p style=\"text-align: left;\"><a href=\"https:\/\/www.elringklinger.de\/de\" target=\"_blank\" rel=\"noopener\"><strong>ELRINGKLINGER SAU<\/strong><\/a> \u00e9s una empresa\u00a0 prove\u00efdora de sistemes per a la ind\u00fastria de l&#8217;automoci\u00f3 a tot el m\u00f3n. A la seva seu de Reus fabriquen juntes estanques especials, sistemes de blindatge i components pl\u00e0stics lleugers. L&#8217;empresa est\u00e0 compromesa amb el desenvolupament d&#8217;una tecnologia de segellat per a un ampli ventall d&#8217;aplicacions.\u00a0 Els seus sistemes de blindatge estan dissenyats per assegurar una excel\u00b7lent gesti\u00f3 de la temperatura i l&#8217;ac\u00fastica a tot el vehicle. Les peces de precisi\u00f3 din\u00e0miques desenvolupades per ElringKlinger es poden fer servir en qualsevol tipus de sistema d&#8217;impulsi\u00f3.<\/p>\n<p>La seva col\u00b7laboraci\u00f3 en l&#8217;FP dual amb l&#8217;Institut Pere Martell s&#8217;inicia ja amb el cicle formatiu de grau mitj\u00e0\u00a0 de Manteniment Electromec\u00e0nic (IM10) l&#8217;any 2016. Posteriorment, l&#8217;empresa va ampliar la seva participaci\u00f3 a la formaci\u00f3 professional dual amb el cicle de grau superior de Prevenci\u00f3 de Riscos Professionals (1954).\u00a0 I aquest curs 2022-23 l&#8217;ha eixamplada encara m\u00e9s amb la incorporaci\u00f3 d&#8217;un tercer cicle: el grau superior de Mecatr\u00f2nica Industrial (IMC0). Addicionalment, ELRINGKLINGER va promoure la realitzaci\u00f3 d&#8217;un cicle formatiu internacional amb la seva planta d&#8217;Alemanya per als alumnes del cicle formatiu de Manteniment Electromec\u00e0nic de l&#8217;Institut Pere Martell, i ha participat en la formaci\u00f3 del professorat amb estades formatives. Tamb\u00e9 ha col\u00b7laborat en la millora dels equipaments de l&#8217;Institut Pere Martell per tal d&#8217;actualitzar-los i optimitzar-los.<\/p>\n<p>&nbsp;<\/p>\n<table class=\" alignright\" style=\"height: 208px; width: 71.875%; border-collapse: collapse; border-style: hidden;\">\n<tbody>\n<tr style=\"height: 208px;\">\n<td style=\"width: 21.2229%; height: 208px;\"><a href=\"https:\/\/www.comaigua.cat\/?utm_source=GMB&amp;utm_medium=organic&amp;utm_campaign=raval_de_Gracia_38\" target=\"_blank\" rel=\"noopener\"><img loading=\"lazy\" decoding=\"async\" class=\"alignright\" src=\"https:\/\/www.comaigua.cat\/image\/layout_set_logo?img_id=6272418&amp;t=1666951885102\" alt=\"Logo Comaigua. Anar a l'inici\" width=\"199\" height=\"30\" \/><\/a><\/td>\n<td style=\"width: 50.6521%; height: 208px;\"><a href=\"https:\/\/agora.xtec.cat\/fpdual\/wp-content\/uploads\/usu1832\/2022\/11\/Sense-titol.png\"><img loading=\"lazy\" decoding=\"async\" class=\"alignnone wp-image-15840 alignright\" src=\"https:\/\/agora.xtec.cat\/fpdual\/wp-content\/uploads\/usu1832\/2022\/11\/Sense-titol.png\" alt=\"\" width=\"494\" height=\"174\" \/><\/a><\/td>\n<\/tr>\n<\/tbody>\n<\/table>\n<p><a href=\"https:\/\/www.comaigua.cat\/?utm_source=GMB&amp;utm_medium=organic&amp;utm_campaign=raval_de_Gracia_38\" target=\"_blank\" rel=\"noopener\"><strong>COMAIGUA SL<\/strong><\/a> \u00e9s una societat constitu\u00efda pel Consell Comarcal del Baix Camp i Sorea. En els seus m\u00e9s de 12 anys d\u2019hist\u00f2ria, Comaigua ha anat ampliant la seva activitat i s\u2019ha convertit en una empresa referent en serveis vinculats al cicle integral de l\u2019aigua a la comarca del Baix Camp, on destaca per ser un model \u00fanic de gesti\u00f3 mancomunant serveis. El model de gesti\u00f3 de Comaigua es basa en l\u2019excel\u00b7l\u00e8ncia del servei, a partir de l\u2019experi\u00e8ncia i de la innovaci\u00f3 constant; la proximitat amb les llars i les empreses per a les quals treballa, que permet adaptar-se a les necessitats, i el comprom\u00eds incondicional amb les persones i el medi ambient.<\/p>\n<p>Comaigua participa en l&#8217;FP dual des de la primera promoci\u00f3 del cicle formatiu de grau mitj\u00e0 de Xarxes i Estacions de Tractament d&#8217;Aigua (EA20) des de l&#8217;any 2015, i des del 2019 ha ampliat la seva col\u00b7laboraci\u00f3 amb el cicle formatiu de grau superior de Gesti\u00f3 de l&#8217;Aigua (EAD0). A m\u00e9s, Comaigua\u00a0 participa al Consell Assessor d&#8217;Empreses que es va iniciar l&#8217;any 2020 a l&#8217;Institut Pere Martell amb les empreses del sector de l&#8217;aigua i ha col\u00b7laborat de manera regular amb la formaci\u00f3 del professorat, tot actualitzant els coneixements t\u00e8cnics, aix\u00ed com amb la incorporaci\u00f3 de nous equipaments per tal de poder oferir un ensenyament professional de qualitat.<\/p>\n<p>Des de l&#8217;Institut Pere Martell volem transmetre la nostra enhorabona a les dues empreses per haver assolit el nivell d&#8217;Excel\u00b7l\u00e8ncia en la qualitat de l&#8217;FP dual i el nostre desig de seguir col\u00b7laborant amb elles per tal d&#8217;afrontar nous reptes en aquest m\u00f3n que es troba en un proc\u00e9s de canvi constant.<\/p>\n","protected":false},"excerpt":{"rendered":"<p><a href=\"https:\/\/institutperemartell.cat\/\" target=\"_blank\" rel=\"noopener\"><\/a>Per Adolf Maria Iglesias Estrad\u00e9 (coordinador dual)<br \/>\nEl passat dijous dia 27 d&#8217;octubre es va realitzar l&#8217;auditoria de certificaci\u00f3 de la qualitat en l&#8217;FP dual a les empreses <a href=\"https:\/\/www.elringklinger.de\/de\" target=\"_blank\" rel=\"noopener\">ELRINGKLINGER SAU<\/a> i <a href=\"https:\/\/www.comaigua.cat\/?utm_source=GMB&amp;utm_medium=organic&amp;utm_campaign=raval_de_Gracia_38\" target=\"_blank\" rel=\"noopener\">COMAIGUA SL<\/a> . Ambdues empreses ja&hellip;  <a href=\"https:\/\/projectes.xtec.cat\/qualitatfp\/general\/les-empreses-comaigua-sl-i-elringklinger-sau-reben-el-reconeixement-dexcellencia-per-la-seva-gestio-de-qualitat-en-lfp-dual-promoguts-per-linstitut-pere-martell\/\" title=\"Read Les empreses COMAIGUA SL i ELRINGKLINGER SAU reben el reconeixement d&#8217;Excel\u00b7l\u00e8ncia per la seva gesti\u00f3 de qualitat en l&#8217;FP dual promoguts per l&#8217;Institut Pere Martell\">Llegeix m\u00e9s\u00bb<\/a><\/p>\n","protected":false},"author":1,"featured_media":11212,"comment_status":"open","ping_status":"closed","sticky":false,"template":"","format":"standard","meta":{"_bbp_topic_count":0,"_bbp_reply_count":0,"_bbp_total_topic_count":0,"_bbp_total_reply_count":0,"_bbp_voice_count":0,"_bbp_anonymous_reply_count":0,"_bbp_topic_count_hidden":0,"_bbp_reply_count_hidden":0,"_bbp_forum_subforum_count":0,"footnotes":""},"categories":[1,29],"tags":[],"class_list":["post-11213","post","type-post","status-publish","format-standard","has-post-thumbnail","hentry","category-general","category-portada"],"post_mailing_queue_ids":[],"_links":{"self":[{"href":"https:\/\/projectes.xtec.cat\/qualitatfp\/wp-json\/wp\/v2\/posts\/11213","targetHints":{"allow":["GET"]}}],"collection":[{"href":"https:\/\/projectes.xtec.cat\/qualitatfp\/wp-json\/wp\/v2\/posts"}],"about":[{"href":"https:\/\/projectes.xtec.cat\/qualitatfp\/wp-json\/wp\/v2\/types\/post"}],"author":[{"embeddable":true,"href":"https:\/\/projectes.xtec.cat\/qualitatfp\/wp-json\/wp\/v2\/users\/1"}],"replies":[{"embeddable":true,"href":"https:\/\/projectes.xtec.cat\/qualitatfp\/wp-json\/wp\/v2\/comments?post=11213"}],"version-history":[{"count":3,"href":"https:\/\/projectes.xtec.cat\/qualitatfp\/wp-json\/wp\/v2\/posts\/11213\/revisions"}],"predecessor-version":[{"id":11291,"href":"https:\/\/projectes.xtec.cat\/qualitatfp\/wp-json\/wp\/v2\/posts\/11213\/revisions\/11291"}],"wp:featuredmedia":[{"embeddable":true,"href":"https:\/\/projectes.xtec.cat\/qualitatfp\/wp-json\/wp\/v2\/media\/11212"}],"wp:attachment":[{"href":"https:\/\/projectes.xtec.cat\/qualitatfp\/wp-json\/wp\/v2\/media?parent=11213"}],"wp:term":[{"taxonomy":"category","embeddable":true,"href":"https:\/\/projectes.xtec.cat\/qualitatfp\/wp-json\/wp\/v2\/categories?post=11213"},{"taxonomy":"post_tag","embeddable":true,"href":"https:\/\/projectes.xtec.cat\/qualitatfp\/wp-json\/wp\/v2\/tags?post=11213"}],"curies":[{"name":"wp","href":"https:\/\/api.w.org\/{rel}","templated":true}]}}