{"id":13056,"date":"2024-10-30T08:51:50","date_gmt":"2024-10-30T07:51:50","guid":{"rendered":"https:\/\/projectes.xtec.cat\/qualitatfp\/?p=13056"},"modified":"2024-10-30T09:46:15","modified_gmt":"2024-10-30T08:46:15","slug":"lhospital-del-mar-rep-el-certificat-dexcellencia-en-fp-dual","status":"publish","type":"post","link":"https:\/\/projectes.xtec.cat\/qualitatfp\/general\/lhospital-del-mar-rep-el-certificat-dexcellencia-en-fp-dual\/","title":{"rendered":"L&#8217;Hospital del Mar rep el Certificat d&#8217;Excel\u00b7l\u00e8ncia en FP dual!"},"content":{"rendered":"<p>L\u2019<a href=\"https:\/\/www.institutbonanova.cat\/\" target=\"_blank\" rel=\"noopener\"><span style=\"font-weight: 400;\"><span style=\"text-decoration: underline;\"><strong><span style=\"color: #2f5d5d;\">Institut Hospital del Mar FP Sanit\u00e0ria<\/span><\/strong><\/span><\/span><\/a> est\u00e0 orgull\u00f3s d\u2019anunciar que l&#8217;<a href=\"https:\/\/www.hospitaldelmar.cat\/ca\/\" target=\"_blank\" rel=\"noopener\"><span style=\"font-weight: 400;\"><span style=\"text-decoration: underline;\"><strong><span style=\"color: #2f5d5d;\">Hospital del Mar<\/span><\/strong><\/span><\/span><\/a> ha rebut el <strong>Certificat d&#8217;Excel\u00b7l\u00e8ncia en FP dual<\/strong>, atorgat pel Departament d\u2019Educaci\u00f3 i Formaci\u00f3 Professional amb una puntuaci\u00f3 destacada de 29 sobre 30 requisits evidenciats. Aquesta certificaci\u00f3 reconeix la nostra col\u00b7laboraci\u00f3 en la <strong>formaci\u00f3 professional dual<\/strong> i el comprom\u00eds de l&#8217;Hospital del Mar amb el desenvolupament de talent en l\u2019\u00e0mbit de la salut.<\/p>\n<p><a href=\"https:\/\/www.institutbonanova.cat\/\" target=\"_blank\" rel=\"noopener\"><img loading=\"lazy\" decoding=\"async\" class=\"alignleft wp-image-13036 size-full\" src=\"https:\/\/projectes.xtec.cat\/qualitatfp\/wp-content\/uploads\/usu772\/2024\/10\/LOGO-HOSPITAL-DEL-MAR-INSTITUT-FP-SANITARIA.jpg\" alt=\"\" width=\"308\" height=\"92\" srcset=\"https:\/\/projectes.xtec.cat\/qualitatfp\/wp-content\/uploads\/usu772\/2024\/10\/LOGO-HOSPITAL-DEL-MAR-INSTITUT-FP-SANITARIA.jpg 308w, https:\/\/projectes.xtec.cat\/qualitatfp\/wp-content\/uploads\/usu772\/2024\/10\/LOGO-HOSPITAL-DEL-MAR-INSTITUT-FP-SANITARIA-300x90.jpg 300w\" sizes=\"auto, (max-width: 308px) 100vw, 308px\" \/><\/a><\/p>\n<p>Com a institut impulsor, conjuntament amb el Departament de Recursos Humans, Unitat d\u2019atenci\u00f3 al professional, vam liderar l\u2019auditoria interna del procediment, on vam verificar les evid\u00e8ncies dels diferents requisits i identificar oportunitats de millora. Aquesta revisi\u00f3 cont\u00ednua ens permet enfortir la gesti\u00f3 en l\u2019acollida i formaci\u00f3 de l\u2019alumnat, garantint una inserci\u00f3 efectiva al mercat laboral.<\/p>\n<p><a href=\"https:\/\/www.hospitaldelmar.cat\/ca\/\" target=\"_blank\" rel=\"noopener\"><img loading=\"lazy\" decoding=\"async\" class=\"alignright wp-image-13035 size-full\" src=\"https:\/\/projectes.xtec.cat\/qualitatfp\/wp-content\/uploads\/usu772\/2024\/10\/LOGO-HOSPITAL-DEL-MAR.jpg\" alt=\"\" width=\"484\" height=\"102\" srcset=\"https:\/\/projectes.xtec.cat\/qualitatfp\/wp-content\/uploads\/usu772\/2024\/10\/LOGO-HOSPITAL-DEL-MAR.jpg 484w, https:\/\/projectes.xtec.cat\/qualitatfp\/wp-content\/uploads\/usu772\/2024\/10\/LOGO-HOSPITAL-DEL-MAR-300x63.jpg 300w\" sizes=\"auto, (max-width: 484px) 100vw, 484px\" \/><\/a><\/p>\n<p>&nbsp;<\/p>\n<p>Fa anys que col\u00b7laborem amb l&#8217;Hospital del Mar per integrar l\u2019alumnat a l&#8217;entorn laboral, oferint-los una formaci\u00f3 especialitzada en l\u2019\u00e0mbit hospitalari i proporcionant-los eines per a una traject\u00f2ria professional s\u00f2lida. Des de fa cinc anys, hem incorporat la modalitat de <strong>formaci\u00f3 dual<\/strong>, que va m\u00e9s enll\u00e0 de les pr\u00e0ctiques tradicionals: fomenta l\u2019actualitzaci\u00f3 constant dels nostres processos, integrant l\u2019energia i la visi\u00f3 de l\u2019alumnat en el dia a dia de l\u2019hospital, i fa que la seva implicaci\u00f3 contribueixi a la millora cont\u00ednua de l\u2019organitzaci\u00f3.<\/p>\n<p>Estem compromesos a continuar col\u00b7laborant amb l&#8217;Hospital del Mar i altres entitats sanit\u00e0ries per mantenir un est\u00e0ndard d\u2019excel\u00b7l\u00e8ncia en la formaci\u00f3 del nostre alumnat. La nostra missi\u00f3 \u00e9s formar professionals que contribueixin a la salut i benestar de la nostra comunitat.<\/p>\n<div>\n<p><strong>Elena L\u00f3pez Mart\u00ednez<\/strong><\/p>\n<p>Coordinadora Pedag\u00f2gica<\/p>\n<p>Institut Hospital del Mar FP Sanit\u00e0ria (Barcelona)<\/p>\n<\/div>\n","protected":false},"excerpt":{"rendered":"<p>L\u2019<a href=\"https:\/\/www.institutbonanova.cat\/\" target=\"_blank\" rel=\"noopener\">Institut Hospital del Mar FP Sanit\u00e0ria<\/a> est\u00e0 orgull\u00f3s d\u2019anunciar que l&#8217;<a href=\"https:\/\/www.hospitaldelmar.cat\/ca\/\" target=\"_blank\" rel=\"noopener\">Hospital del Mar<\/a> ha rebut el Certificat d&#8217;Excel\u00b7l\u00e8ncia en FP dual, atorgat pel Departament d\u2019Educaci\u00f3 i Formaci\u00f3 Professional amb una puntuaci\u00f3 destacada de 29 sobre 30 requisits evidenciats. Aquesta&hellip;  <a href=\"https:\/\/projectes.xtec.cat\/qualitatfp\/general\/lhospital-del-mar-rep-el-certificat-dexcellencia-en-fp-dual\/\" title=\"Read L&#8217;Hospital del Mar rep el Certificat d&#8217;Excel\u00b7l\u00e8ncia en FP dual!\">Llegeix m\u00e9s\u00bb<\/a><\/p>\n","protected":false},"author":1,"featured_media":13055,"comment_status":"open","ping_status":"closed","sticky":false,"template":"","format":"standard","meta":{"_bbp_topic_count":0,"_bbp_reply_count":0,"_bbp_total_topic_count":0,"_bbp_total_reply_count":0,"_bbp_voice_count":0,"_bbp_anonymous_reply_count":0,"_bbp_topic_count_hidden":0,"_bbp_reply_count_hidden":0,"_bbp_forum_subforum_count":0,"footnotes":""},"categories":[1,29],"tags":[],"class_list":["post-13056","post","type-post","status-publish","format-standard","has-post-thumbnail","hentry","category-general","category-portada"],"post_mailing_queue_ids":[],"_links":{"self":[{"href":"https:\/\/projectes.xtec.cat\/qualitatfp\/wp-json\/wp\/v2\/posts\/13056","targetHints":{"allow":["GET"]}}],"collection":[{"href":"https:\/\/projectes.xtec.cat\/qualitatfp\/wp-json\/wp\/v2\/posts"}],"about":[{"href":"https:\/\/projectes.xtec.cat\/qualitatfp\/wp-json\/wp\/v2\/types\/post"}],"author":[{"embeddable":true,"href":"https:\/\/projectes.xtec.cat\/qualitatfp\/wp-json\/wp\/v2\/users\/1"}],"replies":[{"embeddable":true,"href":"https:\/\/projectes.xtec.cat\/qualitatfp\/wp-json\/wp\/v2\/comments?post=13056"}],"version-history":[{"count":6,"href":"https:\/\/projectes.xtec.cat\/qualitatfp\/wp-json\/wp\/v2\/posts\/13056\/revisions"}],"predecessor-version":[{"id":13074,"href":"https:\/\/projectes.xtec.cat\/qualitatfp\/wp-json\/wp\/v2\/posts\/13056\/revisions\/13074"}],"wp:featuredmedia":[{"embeddable":true,"href":"https:\/\/projectes.xtec.cat\/qualitatfp\/wp-json\/wp\/v2\/media\/13055"}],"wp:attachment":[{"href":"https:\/\/projectes.xtec.cat\/qualitatfp\/wp-json\/wp\/v2\/media?parent=13056"}],"wp:term":[{"taxonomy":"category","embeddable":true,"href":"https:\/\/projectes.xtec.cat\/qualitatfp\/wp-json\/wp\/v2\/categories?post=13056"},{"taxonomy":"post_tag","embeddable":true,"href":"https:\/\/projectes.xtec.cat\/qualitatfp\/wp-json\/wp\/v2\/tags?post=13056"}],"curies":[{"name":"wp","href":"https:\/\/api.w.org\/{rel}","templated":true}]}}