{"id":13077,"date":"2024-11-06T16:49:11","date_gmt":"2024-11-06T15:49:11","guid":{"rendered":"https:\/\/projectes.xtec.cat\/qualitatfp\/?p=13077"},"modified":"2024-11-07T08:35:05","modified_gmt":"2024-11-07T07:35:05","slug":"trasquilon-perruqueria-i-estilisme-certifica-en-excellencia-el-servei-dual","status":"publish","type":"post","link":"https:\/\/projectes.xtec.cat\/qualitatfp\/general\/trasquilon-perruqueria-i-estilisme-certifica-en-excellencia-el-servei-dual\/","title":{"rendered":"Trasquil\u00f3n, perruqueria i est\u00e8tica, certifica en Excel\u00b7l\u00e8ncia el servei dual"},"content":{"rendered":"<p style=\"text-align: justify; background: white; margin: 0cm 0cm 15.0pt 0cm;\"><span style=\"font-size: 11.0pt; font-family: 'Arial',sans-serif; color: #444444;\">L&#8217;empresa <a href=\"https:\/\/trasquilon.com\/ca\/\" target=\"_blank\" rel=\"noopener\"><span style=\"font-weight: 400;\"><span style=\"text-decoration: underline;\"><strong><span style=\"color: #2f5d5d;\">Trasquil\u00f3n<\/span><\/strong><\/span><\/span><\/a> perruquers de Tarragona i Reus ha rebut el Certificat d\u2019Excel\u00b7l\u00e8ncia en\u00a0<strong style=\"box-sizing: border-box; line-height: inherit;\"><span style=\"font-family: 'Arial',sans-serif;\">FP dual<\/span><\/strong>, atorgat pel Departament d\u2019Educaci\u00f3 i Formaci\u00f3 Professional. Aquesta distinci\u00f3 reconeix l&#8217;aposta per la\u00a0<strong style=\"box-sizing: border-box; line-height: inherit;\"><span style=\"font-family: 'Arial',sans-serif;\">formaci\u00f3 professional dual<\/span><\/strong>\u00a0i el comprom\u00eds amb el desenvolupament de professionals de qualitat en l\u2019\u00e0mbit de la imatge personal.<a href=\"https:\/\/trasquilon.com\/ca\/\" target=\"_blank\" rel=\"noopener\"><img loading=\"lazy\" decoding=\"async\" class=\"alignleft wp-image-13080\" src=\"https:\/\/projectes.xtec.cat\/qualitatfp\/wp-content\/uploads\/usu772\/2024\/11\/LOGO-TRASQUILON.jpg\" alt=\"\" width=\"355\" height=\"131\" srcset=\"https:\/\/projectes.xtec.cat\/qualitatfp\/wp-content\/uploads\/usu772\/2024\/11\/LOGO-TRASQUILON.jpg 450w, https:\/\/projectes.xtec.cat\/qualitatfp\/wp-content\/uploads\/usu772\/2024\/11\/LOGO-TRASQUILON-300x111.jpg 300w\" sizes=\"auto, (max-width: 355px) 100vw, 355px\" \/><\/a><\/span><\/p>\n<p style=\"text-align: start; background: white; font-variant-ligatures: normal; font-variant-caps: normal; orphans: 2; widows: 2; -webkit-text-stroke-width: 0px; text-decoration-thickness: initial; text-decoration-style: initial; text-decoration-color: initial; box-sizing: border-box; word-spacing: 0px; margin: 0cm 0cm 15.0pt 0cm;\"><span style=\"font-size: 11.0pt; font-family: 'Arial',sans-serif; color: #444444;\">Fa anys que col\u00b7labora amb el <a href=\"https:\/\/www.institutcallipolis.cat\/\" target=\"_blank\" rel=\"noopener\"><span style=\"font-weight: 400;\"><span style=\"text-decoration: underline;\"><strong><span style=\"color: #2f5d5d;\">centre de formaci\u00f3 professional integrada Cal\u00b7l\u00edpolis de Tarragona<\/span><\/strong><\/span><\/span><\/a> formant alumnes dual als seus centres de treball, per integrar l\u2019alumnat en l&#8217;entorn professional, oferint-los una formaci\u00f3 especialitzada en l\u2019\u00e0mbit de la imatge personal i proporcionant-los eines per a una traject\u00f2ria professional s\u00f2lida. <a href=\"https:\/\/www.institutcallipolis.cat\/\" target=\"_blank\" rel=\"noopener\"><img loading=\"lazy\" decoding=\"async\" class=\"alignright wp-image-13034\" src=\"https:\/\/projectes.xtec.cat\/qualitatfp\/wp-content\/uploads\/usu772\/2024\/10\/LOGO-CAL\u00b7LIPOLIS.jpg\" alt=\"\" width=\"397\" height=\"110\" srcset=\"https:\/\/projectes.xtec.cat\/qualitatfp\/wp-content\/uploads\/usu772\/2024\/10\/LOGO-CAL\u00b7LIPOLIS.jpg 512w, https:\/\/projectes.xtec.cat\/qualitatfp\/wp-content\/uploads\/usu772\/2024\/10\/LOGO-CAL\u00b7LIPOLIS-300x83.jpg 300w\" sizes=\"auto, (max-width: 397px) 100vw, 397px\" \/><\/a><\/span><\/p>\n<p style=\"text-align: start; background: white; font-variant-ligatures: normal; font-variant-caps: normal; orphans: 2; widows: 2; -webkit-text-stroke-width: 0px; text-decoration-thickness: initial; text-decoration-style: initial; text-decoration-color: initial; box-sizing: border-box; word-spacing: 0px; margin: 0cm 0cm 15.0pt 0cm;\"><span style=\"font-size: 11.0pt; font-family: 'Arial',sans-serif; color: #444444;\">Van ser pioners amb la primera promoci\u00f3 de tot Catalunya en el cicle de grau superior d&#8217;Estilisme i direcci\u00f3 de perruqueria al 2013 amb dual i avui en dia encara tenen contractada aquella alumna de la primera promoci\u00f3.<\/span><\/p>\n<p style=\"text-align: start; background: white; font-variant-ligatures: normal; font-variant-caps: normal; orphans: 2; widows: 2; -webkit-text-stroke-width: 0px; text-decoration-thickness: initial; text-decoration-style: initial; text-decoration-color: initial; box-sizing: border-box; word-spacing: 0px; margin: 0cm 0cm 15.0pt 0cm;\"><span style=\"font-size: 11.0pt; font-family: 'Arial',sans-serif; color: #444444;\">M\u00e9s endavant tamb\u00e9 van formar alumnes dual amb el cicle de grau mitj\u00e0 d&#8217;Est\u00e8tica i bellesa i en segueixen tenint any rere any dels dos cicles formatius, oferint contractes laborals despr\u00e9s de la seva formaci\u00f3.<\/span><\/p>\n<p style=\"text-align: start; background: white; font-variant-ligatures: normal; font-variant-caps: normal; orphans: 2; widows: 2; -webkit-text-stroke-width: 0px; text-decoration-thickness: initial; text-decoration-style: initial; text-decoration-color: initial; box-sizing: border-box; word-spacing: 0px; margin: 0cm 0cm 15.0pt 0cm;\"><span style=\"font-size: 11.0pt; font-family: 'Arial',sans-serif; color: #444444;\">La <b>formaci\u00f3 dual<\/b>\u00a0va m\u00e9s enll\u00e0 de les pr\u00e0ctiques tradicionals: fomenta l&#8217;aprenentatge i l\u2019actualitzaci\u00f3 constant de les t\u00e8cniques, integrant l\u2019energia i la visi\u00f3 de l\u2019alumnat en el dia a dia al sal\u00f3 d&#8217;imatge personal i fa que la seva implicaci\u00f3 contribueixi a la millora cont\u00ednua.<\/span><\/p>\n<p style=\"text-align: start; background: white; font-variant-ligatures: normal; font-variant-caps: normal; orphans: 2; widows: 2; -webkit-text-stroke-width: 0px; text-decoration-thickness: initial; text-decoration-style: initial; text-decoration-color: initial; box-sizing: border-box; word-spacing: 0px; margin: 0cm 0cm 15.0pt 0cm;\"><span style=\"font-size: 11.0pt; font-family: 'Arial',sans-serif; color: #444444;\">El Sr. D\u00eddad Cu\u00e9llar, representant de l&#8217;empresa\u00a0 Trasquil\u00f3n perruquers, la Sra. Eva Baldrich, coordinadora d&#8217;FP\/dual del centre de formaci\u00f3 professional integrada Cal\u00b7l\u00edpolis, com a institut impulsor, van liderar conjuntament amb el Sr. Tom\u00e0s Vi\u00f1as del Servei de Programes i Projectes de\u00a0Foment dels Ensenyaments Professionals,\u00a0l\u2019auditoria interna del procediment per verificar les evid\u00e8ncies dels diferents requisits i identificar oportunitats de millora. Aquesta revisi\u00f3 cont\u00ednua enforteix la gesti\u00f3 en l\u2019acollida i la formaci\u00f3 de l\u2019alumnat, garantint una inserci\u00f3 efectiva al m\u00f3n laboral.<\/span><\/p>\n<p style=\"text-align: start; background: white; font-variant-ligatures: normal; font-variant-caps: normal; orphans: 2; widows: 2; -webkit-text-stroke-width: 0px; text-decoration-thickness: initial; text-decoration-style: initial; text-decoration-color: initial; box-sizing: border-box; word-spacing: 0px; margin: 0cm 0cm 15.0pt 0cm;\"><span style=\"font-size: 11.0pt; font-family: 'Arial',sans-serif; color: #444444;\">Aquest esfor\u00e7 conjunt genera beneficis tant per a l&#8217;institut\u00a0com per a l&#8217;empresa i, sobretot, per a l\u2019alumnat, que incrementa el seu potencial d\u2019ocupabilitat amb una formaci\u00f3 en experi\u00e8ncia real.<\/span><\/p>\n<p style=\"text-align: start; background: white; font-variant-ligatures: normal; font-variant-caps: normal; orphans: 2; widows: 2; -webkit-text-stroke-width: 0px; text-decoration-thickness: initial; text-decoration-style: initial; text-decoration-color: initial; box-sizing: border-box; word-spacing: 0px; margin: 0cm 0cm 15.0pt 0cm;\"><span style=\"font-size: 11.0pt; font-family: 'Arial',sans-serif; color: #444444;\">L&#8217;empresa\u00a0 Trasquil\u00f3n perruquers vol continuar sent una pe\u00e7a clau en aquesta col\u00b7laboraci\u00f3 amb el centre educatiu, mantenint el comprom\u00eds amb la qualitat i amb el servei d&#8217;excel\u00b7l\u00e8ncia que ara se\u2019ls reconeix.<\/span><\/p>\n<p style=\"text-align: start; background: white; font-variant-ligatures: normal; font-variant-caps: normal; orphans: 2; widows: 2; -webkit-text-stroke-width: 0px; text-decoration-thickness: initial; text-decoration-style: initial; text-decoration-color: initial; box-sizing: border-box; word-spacing: 0px; margin: 0cm 0cm 15.0pt 0cm;\"><span style=\"font-size: 11.0pt; font-family: 'Arial',sans-serif; color: #444444;\">Eva Baldrich<\/span><\/p>\n<p style=\"text-align: start; background: white; font-variant-ligatures: normal; font-variant-caps: normal; orphans: 2; widows: 2; -webkit-text-stroke-width: 0px; text-decoration-thickness: initial; text-decoration-style: initial; text-decoration-color: initial; box-sizing: border-box; word-spacing: 0px; margin: 0cm 0cm 15.0pt 0cm;\"><span style=\"font-size: 11.0pt; font-family: 'Arial',sans-serif; color: #444444;\">Coordinadora d&#8217;FP\/dual de les fam\u00edlies professionals d&#8217;Activitats f\u00edsiques\u00a0i esportives i d&#8217;Imatge personal- Centre de formaci\u00f3 professional integrada Cal\u00b7l\u00edpolis<\/span><\/p>\n","protected":false},"excerpt":{"rendered":"<p>L&#8217;empresa Trasquil\u00f3n perruquers de Tarragona i Reus ha rebut el Certificat d\u2019Excel\u00b7l\u00e8ncia en\u00a0FP dual, atorgat pel Departament d\u2019Educaci\u00f3 i Formaci\u00f3 Professional. Aquesta distinci\u00f3 reconeix l&#8217;aposta per la\u00a0formaci\u00f3 professional dual\u00a0i el comprom\u00eds amb el desenvolupament de professionals de qualitat en l\u2019\u00e0mbit de la imatge personal. Fa anys que col\u00b7labora amb el centre de formaci\u00f3 professional integrada [&hellip;]<\/p>\n","protected":false},"author":1,"featured_media":13076,"comment_status":"open","ping_status":"closed","sticky":false,"template":"","format":"standard","meta":{"_bbp_topic_count":0,"_bbp_reply_count":0,"_bbp_total_topic_count":0,"_bbp_total_reply_count":0,"_bbp_voice_count":0,"_bbp_anonymous_reply_count":0,"_bbp_topic_count_hidden":0,"_bbp_reply_count_hidden":0,"_bbp_forum_subforum_count":0,"site-sidebar-layout":"default","site-content-layout":"","ast-site-content-layout":"","site-content-style":"default","site-sidebar-style":"default","ast-global-header-display":"","ast-banner-title-visibility":"","ast-main-header-display":"","ast-hfb-above-header-display":"","ast-hfb-below-header-display":"","ast-hfb-mobile-header-display":"","site-post-title":"","ast-breadcrumbs-content":"","ast-featured-img":"","footer-sml-layout":"","theme-transparent-header-meta":"","adv-header-id-meta":"","stick-header-meta":"","header-above-stick-meta":"","header-main-stick-meta":"","header-below-stick-meta":"","astra-migrate-meta-layouts":"default","ast-page-background-enabled":"default","ast-page-background-meta":{"desktop":{"background-color":"var(--ast-global-color-4)","background-image":"","background-repeat":"repeat","background-position":"center center","background-size":"auto","background-attachment":"scroll","background-type":"","background-media":"","overlay-type":"","overlay-color":"","overlay-opacity":"","overlay-gradient":""},"tablet":{"background-color":"","background-image":"","background-repeat":"repeat","background-position":"center center","background-size":"auto","background-attachment":"scroll","background-type":"","background-media":"","overlay-type":"","overlay-color":"","overlay-opacity":"","overlay-gradient":""},"mobile":{"background-color":"","background-image":"","background-repeat":"repeat","background-position":"center center","background-size":"auto","background-attachment":"scroll","background-type":"","background-media":"","overlay-type":"","overlay-color":"","overlay-opacity":"","overlay-gradient":""}},"ast-content-background-meta":{"desktop":{"background-color":"var(--ast-global-color-5)","background-image":"","background-repeat":"repeat","background-position":"center center","background-size":"auto","background-attachment":"scroll","background-type":"","background-media":"","overlay-type":"","overlay-color":"","overlay-opacity":"","overlay-gradient":""},"tablet":{"background-color":"var(--ast-global-color-5)","background-image":"","background-repeat":"repeat","background-position":"center center","background-size":"auto","background-attachment":"scroll","background-type":"","background-media":"","overlay-type":"","overlay-color":"","overlay-opacity":"","overlay-gradient":""},"mobile":{"background-color":"var(--ast-global-color-5)","background-image":"","background-repeat":"repeat","background-position":"center center","background-size":"auto","background-attachment":"scroll","background-type":"","background-media":"","overlay-type":"","overlay-color":"","overlay-opacity":"","overlay-gradient":""}},"footnotes":""},"categories":[1,29],"tags":[],"class_list":["post-13077","post","type-post","status-publish","format-standard","has-post-thumbnail","hentry","category-general","category-portada"],"post_mailing_queue_ids":[],"_links":{"self":[{"href":"https:\/\/projectes.xtec.cat\/qualitatfp\/wp-json\/wp\/v2\/posts\/13077","targetHints":{"allow":["GET"]}}],"collection":[{"href":"https:\/\/projectes.xtec.cat\/qualitatfp\/wp-json\/wp\/v2\/posts"}],"about":[{"href":"https:\/\/projectes.xtec.cat\/qualitatfp\/wp-json\/wp\/v2\/types\/post"}],"author":[{"embeddable":true,"href":"https:\/\/projectes.xtec.cat\/qualitatfp\/wp-json\/wp\/v2\/users\/1"}],"replies":[{"embeddable":true,"href":"https:\/\/projectes.xtec.cat\/qualitatfp\/wp-json\/wp\/v2\/comments?post=13077"}],"version-history":[{"count":6,"href":"https:\/\/projectes.xtec.cat\/qualitatfp\/wp-json\/wp\/v2\/posts\/13077\/revisions"}],"predecessor-version":[{"id":13084,"href":"https:\/\/projectes.xtec.cat\/qualitatfp\/wp-json\/wp\/v2\/posts\/13077\/revisions\/13084"}],"wp:featuredmedia":[{"embeddable":true,"href":"https:\/\/projectes.xtec.cat\/qualitatfp\/wp-json\/wp\/v2\/media\/13076"}],"wp:attachment":[{"href":"https:\/\/projectes.xtec.cat\/qualitatfp\/wp-json\/wp\/v2\/media?parent=13077"}],"wp:term":[{"taxonomy":"category","embeddable":true,"href":"https:\/\/projectes.xtec.cat\/qualitatfp\/wp-json\/wp\/v2\/categories?post=13077"},{"taxonomy":"post_tag","embeddable":true,"href":"https:\/\/projectes.xtec.cat\/qualitatfp\/wp-json\/wp\/v2\/tags?post=13077"}],"curies":[{"name":"wp","href":"https:\/\/api.w.org\/{rel}","templated":true}]}}