{"id":13119,"date":"2024-11-18T11:09:10","date_gmt":"2024-11-18T10:09:10","guid":{"rendered":"https:\/\/projectes.xtec.cat\/qualitatfp\/?p=13119"},"modified":"2024-11-18T11:30:14","modified_gmt":"2024-11-18T10:30:14","slug":"linstitut-carles-vallbona-impulsa-la-certificacio-en-excellencia-de-pekos-group","status":"publish","type":"post","link":"https:\/\/projectes.xtec.cat\/qualitatfp\/general\/linstitut-carles-vallbona-impulsa-la-certificacio-en-excellencia-de-pekos-group\/","title":{"rendered":"L&#8217;Institut Carles Vallbona impulsa la certificaci\u00f3 en Excel\u00b7l\u00e8ncia de PEKOS GROUP"},"content":{"rendered":"<p>El 14 de novembre es va portar a terme l&#8217;auditoria de Certificaci\u00f3 de Qualitat del servei FP dual amb l\u2019empresa\u00a0<a href=\"https:\/\/www.pekosgroup.eu\/\" target=\"_blank\" rel=\"noopener\"><span style=\"font-weight: 400;\"><span style=\"text-decoration: underline;\"><strong><span style=\"color: #2f5d5d;\">Pekos Group<\/span><\/strong><\/span><\/span><\/a>.<\/p>\n<p><a href=\"https:\/\/www.pekosgroup.eu\/\" target=\"_blank\" rel=\"noopener\"><img loading=\"lazy\" decoding=\"async\" class=\"alignleft wp-image-13098\" src=\"https:\/\/projectes.xtec.cat\/qualitatfp\/wp-content\/uploads\/usu772\/2024\/11\/LOGO-PEKOS-GROUP.jpg\" alt=\"\" width=\"351\" height=\"117\" srcset=\"https:\/\/projectes.xtec.cat\/qualitatfp\/wp-content\/uploads\/usu772\/2024\/11\/LOGO-PEKOS-GROUP.jpg 408w, https:\/\/projectes.xtec.cat\/qualitatfp\/wp-content\/uploads\/usu772\/2024\/11\/LOGO-PEKOS-GROUP-300x100.jpg 300w\" sizes=\"auto, (max-width: 351px) 100vw, 351px\" \/><\/a><\/p>\n<p>El servei d&#8217;FP dual el presta en col\u00b7laboraci\u00f3 amb diferents centres educatius: <a href=\"https:\/\/agora.xtec.cat\/instorredemalla\/\" target=\"_blank\" rel=\"noopener\"><span style=\"font-weight: 400;\"><span style=\"text-decoration: underline;\"><strong><span style=\"color: #2f5d5d;\">Institut Torre de Malla<\/span><\/strong><\/span><\/span><\/a> (Parets del Vall\u00e8s), Centre d&#8217;ensenyament\u00a0<a style=\"font-weight: 400;\" href=\"https:\/\/educem.com\/\" target=\"_blank\" rel=\"noopener\"><span style=\"font-weight: 400;\"><span style=\"text-decoration: underline;\"><strong><span style=\"color: #2f5d5d;\">Educem<\/span><\/strong><\/span><\/span><\/a> (Granollers), <a href=\"https:\/\/agora.xtec.cat\/iesjaumemimo\/\" target=\"_blank\" rel=\"noopener\"><span style=\"font-weight: 400;\"><span style=\"text-decoration: underline;\"><strong><span style=\"color: #2f5d5d;\">Institut Jaume Mim\u00f3<\/span><\/strong><\/span><\/span><\/a> (Cerdanyola del Vall\u00e8s), <a href=\"https:\/\/www.lamerce.com\/\" target=\"_blank\" rel=\"noopener\"><span style=\"font-weight: 400;\"><span style=\"text-decoration: underline;\"><strong><span style=\"color: #2f5d5d;\">Institut Mare de D\u00e9u de la Merc\u00e8<\/span><\/strong><\/span><\/span><\/a> (Barcelona) i l&#8217;<a href=\"https:\/\/agora.xtec.cat\/ies-carles-vallbona\/\" target=\"_blank\" rel=\"noopener\"><span style=\"font-weight: 400;\"><span style=\"text-decoration: underline;\"><strong><span style=\"color: #2f5d5d;\">Institut\u00a0Carles Vallbona<\/span><\/strong><\/span><\/span><\/a> (Granollers).<\/p>\n<p>L\u2019institut<strong>\u00a0impulsor<\/strong>, que va portar a terme l\u2019auditoria interna del procediment, fou l&#8217;<a href=\"https:\/\/agora.xtec.cat\/ies-carles-vallbona\/\" target=\"_blank\" rel=\"noopener\"><span style=\"font-weight: 400;\"><span style=\"text-decoration: underline;\"><strong><span style=\"color: #2f5d5d;\">Institut Carles Vallbona<\/span><\/strong><\/span><\/span><\/a>\u00a0(Granollers).<a href=\"https:\/\/agora.xtec.cat\/ies-carles-vallbona\/\" target=\"_blank\" rel=\"noopener\"><img loading=\"lazy\" decoding=\"async\" class=\"alignright wp-image-13027\" src=\"https:\/\/projectes.xtec.cat\/qualitatfp\/wp-content\/uploads\/usu772\/2024\/10\/LOGO-CARLES-VALLBONA.jpg\" alt=\"\" width=\"452\" height=\"122\" srcset=\"https:\/\/projectes.xtec.cat\/qualitatfp\/wp-content\/uploads\/usu772\/2024\/10\/LOGO-CARLES-VALLBONA.jpg 630w, https:\/\/projectes.xtec.cat\/qualitatfp\/wp-content\/uploads\/usu772\/2024\/10\/LOGO-CARLES-VALLBONA-300x81.jpg 300w\" sizes=\"auto, (max-width: 452px) 100vw, 452px\" \/><\/a><\/p>\n<p>La certificaci\u00f3 de qualitat del servei dual \u00e9s un valor afegit que dona visibilitat a la feina que fa di\u00e0riament l&#8217;empresa amb l&#8217;alumnat i com a punts forts de l&#8217;empresa hem de destacar:<\/p>\n<ul>\n<li>El pla d&#8217;acollida per a l&#8217;inici de l&#8217;estada dual de l&#8217;alumnat.<\/li>\n<li>Les activitats que duu a terme per integrar a l&#8217;alumnat a l&#8217;equip de treball.<\/li>\n<li>L&#8217;acompanyament i el seguiment de les pr\u00e0ctiques durant l&#8217;estada dual de l&#8217;alumnat.<\/li>\n<li>La implicaci\u00f3 dels tutors i tutores d&#8217;empresa, acompanyant i donant suport a l&#8217;alumnat fins i tot el dia de la seva presentaci\u00f3 final de la mem\u00f2ria oral de la seva estada dual al centre educatiu.<\/li>\n<li>La incorporaci\u00f3 d&#8217;aprenents a la plantilla de l&#8217;empresa.<\/li>\n<\/ul>\n<p>L&#8217;auditoria ha esdevingut un \u00e8xit, segons <a href=\"https:\/\/sites.google.com\/xtec.cat\/qualitatfpdual\/check-list?authuser=0\" target=\"_blank\" rel=\"noopener\"><span style=\"font-weight: 400;\"><span style=\"text-decoration: underline;\"><strong><span style=\"color: #2f5d5d;\">la llista de comprovaci\u00f3<\/span><\/strong><\/span><\/span><\/a>, s&#8217;han evidenciat 27 dels 30 punts.\u00a0 L&#8217;empresa ha obtingut la\u00a0<strong>Certificaci\u00f3 de qualitat dual en excel\u00b7l\u00e8ncia<\/strong>\u00a0(estem pendents de rebre la documentaci\u00f3), tot aix\u00f2, ha sigut possible gr\u00e0cies a la\u00a0col\u00b7laboraci\u00f3 entre l\u2019empresa PEKOUS GROUP SLU i l\u2019Institut Carles Vallbona, fet que aporta un reconeixement a la formaci\u00f3 dual del nostre alumnat.<\/p>\n<p>Mireia Palau<\/p>\n<p>Coordinadora del Sistema Integrat de Gesti\u00f3<\/p>\n<p>Institut Carles Vallbona (Granollers)<\/p>\n","protected":false},"excerpt":{"rendered":"<p>El 14 de novembre es va portar a terme l&#8217;auditoria de Certificaci\u00f3 de Qualitat del servei FP dual amb l\u2019empresa\u00a0<a href=\"https:\/\/www.pekosgroup.eu\/\" target=\"_blank\" rel=\"noopener\">Pekos Group<\/a>.<br \/>\n<a href=\"https:\/\/www.pekosgroup.eu\/\" target=\"_blank\" rel=\"noopener\"><\/a><br \/>\nEl servei d&#8217;FP dual el presta en col\u00b7laboraci\u00f3 amb diferents centres educatius: <a href=\"https:\/\/agora.xtec.cat\/instorredemalla\/\" target=\"_blank\" rel=\"noopener\">Institut Torre de Malla<\/a>&hellip;  <a href=\"https:\/\/projectes.xtec.cat\/qualitatfp\/general\/linstitut-carles-vallbona-impulsa-la-certificacio-en-excellencia-de-pekos-group\/\" title=\"Read L&#8217;Institut Carles Vallbona impulsa la certificaci\u00f3 en Excel\u00b7l\u00e8ncia de PEKOS GROUP\">Llegeix m\u00e9s\u00bb<\/a><\/p>\n","protected":false},"author":1,"featured_media":13124,"comment_status":"open","ping_status":"closed","sticky":false,"template":"","format":"standard","meta":{"_bbp_topic_count":0,"_bbp_reply_count":0,"_bbp_total_topic_count":0,"_bbp_total_reply_count":0,"_bbp_voice_count":0,"_bbp_anonymous_reply_count":0,"_bbp_topic_count_hidden":0,"_bbp_reply_count_hidden":0,"_bbp_forum_subforum_count":0,"footnotes":""},"categories":[1,29],"tags":[],"class_list":["post-13119","post","type-post","status-publish","format-standard","has-post-thumbnail","hentry","category-general","category-portada"],"post_mailing_queue_ids":[],"_links":{"self":[{"href":"https:\/\/projectes.xtec.cat\/qualitatfp\/wp-json\/wp\/v2\/posts\/13119","targetHints":{"allow":["GET"]}}],"collection":[{"href":"https:\/\/projectes.xtec.cat\/qualitatfp\/wp-json\/wp\/v2\/posts"}],"about":[{"href":"https:\/\/projectes.xtec.cat\/qualitatfp\/wp-json\/wp\/v2\/types\/post"}],"author":[{"embeddable":true,"href":"https:\/\/projectes.xtec.cat\/qualitatfp\/wp-json\/wp\/v2\/users\/1"}],"replies":[{"embeddable":true,"href":"https:\/\/projectes.xtec.cat\/qualitatfp\/wp-json\/wp\/v2\/comments?post=13119"}],"version-history":[{"count":2,"href":"https:\/\/projectes.xtec.cat\/qualitatfp\/wp-json\/wp\/v2\/posts\/13119\/revisions"}],"predecessor-version":[{"id":13121,"href":"https:\/\/projectes.xtec.cat\/qualitatfp\/wp-json\/wp\/v2\/posts\/13119\/revisions\/13121"}],"wp:featuredmedia":[{"embeddable":true,"href":"https:\/\/projectes.xtec.cat\/qualitatfp\/wp-json\/wp\/v2\/media\/13124"}],"wp:attachment":[{"href":"https:\/\/projectes.xtec.cat\/qualitatfp\/wp-json\/wp\/v2\/media?parent=13119"}],"wp:term":[{"taxonomy":"category","embeddable":true,"href":"https:\/\/projectes.xtec.cat\/qualitatfp\/wp-json\/wp\/v2\/categories?post=13119"},{"taxonomy":"post_tag","embeddable":true,"href":"https:\/\/projectes.xtec.cat\/qualitatfp\/wp-json\/wp\/v2\/tags?post=13119"}],"curies":[{"name":"wp","href":"https:\/\/api.w.org\/{rel}","templated":true}]}}