{"id":13147,"date":"2024-12-02T12:56:54","date_gmt":"2024-12-02T11:56:54","guid":{"rendered":"https:\/\/projectes.xtec.cat\/qualitatfp\/?p=13147"},"modified":"2024-12-03T14:19:40","modified_gmt":"2024-12-03T13:19:40","slug":"lescola-agraria-de-noves-tecnologies-i-horticultura-de-cabrils-aconsegueix-la-certificacio-del-sistema-de-gestio-integrada-iso-9001-i-iso-14001","status":"publish","type":"post","link":"https:\/\/projectes.xtec.cat\/qualitatfp\/general\/lescola-agraria-de-noves-tecnologies-i-horticultura-de-cabrils-aconsegueix-la-certificacio-del-sistema-de-gestio-integrada-iso-9001-i-iso-14001\/","title":{"rendered":"L\u2019Escola Agr\u00e0ria de Noves Tecnologies i Horticultura de Cabrils aconsegueix la certificaci\u00f3 del sistema de gesti\u00f3 integrada (ISO 9001 i ISO 14001)"},"content":{"rendered":"<p>L\u2019<a href=\"https:\/\/agricultura.gencat.cat\/ca\/ambits\/formacio-innovacio\/escoles-agraries\/escola-agraria-cabrils\/index.html\" target=\"_blank\" rel=\"noopener\"><span style=\"font-weight: 400;\"><span style=\"text-decoration: underline;\"><strong><span style=\"color: #2f5d5d;\">Escola Agr\u00e0ria de Noves Tecnologies i Horticultura de Cabrils<\/span><\/strong><\/span><\/span><\/a>, referent en formaci\u00f3 agroaliment\u00e0ria i noves tecnologies, ha obtingut recentment la certificaci\u00f3 del seu sistema de gesti\u00f3 integrada, complint amb les normatives ISO 9001 i ISO 14001. Aquest reconeixement, obtingut el 25 de novembre, avala el disseny i la prestaci\u00f3 de serveis de formaci\u00f3 i jornades t\u00e8cniques en horticultura i i noves tecnologies del sector agroalimentari.<a href=\"https:\/\/agricultura.gencat.cat\/ca\/ambits\/formacio-innovacio\/escoles-agraries\/escola-agraria-cabrils\/index.html\" target=\"_blank\" rel=\"noopener\"><img loading=\"lazy\" decoding=\"async\" class=\"alignleft wp-image-13169\" src=\"https:\/\/projectes.xtec.cat\/qualitatfp\/wp-content\/uploads\/usu772\/2024\/12\/Logo-EA_NTiH_blanc_fons_verd.jpg\" alt=\"\" width=\"195\" height=\"138\" srcset=\"https:\/\/projectes.xtec.cat\/qualitatfp\/wp-content\/uploads\/usu772\/2024\/12\/Logo-EA_NTiH_blanc_fons_verd.jpg 2481w, https:\/\/projectes.xtec.cat\/qualitatfp\/wp-content\/uploads\/usu772\/2024\/12\/Logo-EA_NTiH_blanc_fons_verd-300x212.jpg 300w, https:\/\/projectes.xtec.cat\/qualitatfp\/wp-content\/uploads\/usu772\/2024\/12\/Logo-EA_NTiH_blanc_fons_verd-1024x724.jpg 1024w, https:\/\/projectes.xtec.cat\/qualitatfp\/wp-content\/uploads\/usu772\/2024\/12\/Logo-EA_NTiH_blanc_fons_verd-768x543.jpg 768w, https:\/\/projectes.xtec.cat\/qualitatfp\/wp-content\/uploads\/usu772\/2024\/12\/Logo-EA_NTiH_blanc_fons_verd-1536x1087.jpg 1536w, https:\/\/projectes.xtec.cat\/qualitatfp\/wp-content\/uploads\/usu772\/2024\/12\/Logo-EA_NTiH_blanc_fons_verd-2048x1449.jpg 2048w\" sizes=\"auto, (max-width: 195px) 100vw, 195px\" \/><\/a><\/p>\n<p><span data-contrast=\"auto\">Des de la seva creaci\u00f3 a principis de 2023, l\u2019escola ha apostat fermament per la sostenibilitat i la qualitat en la seva gesti\u00f3, integrant aquests valors en el seu model educatiu. La seva finca, de 3800 m<\/span><span data-contrast=\"auto\"><sup>2<\/sup><\/span><span data-contrast=\"auto\">, \u00e9s un veritable laboratori al servei de l\u2019aprenentatge, amb cultius amb maneig ecol\u00f2gic, en hivernacle, convencionals a l\u2019aire lliure i hidrop\u00f2nics, on els estudiants poden aplicar els coneixements adquirits.<\/span><\/p>\n<p>&nbsp;<\/p>\n<p><span data-ccp-props=\"{&quot;134233117&quot;:true,&quot;134233118&quot;:true,&quot;201341983&quot;:0,&quot;335559740&quot;:240}\"> <img loading=\"lazy\" decoding=\"async\" class=\" wp-image-13153 alignright\" src=\"https:\/\/projectes.xtec.cat\/qualitatfp\/wp-content\/uploads\/usu772\/2024\/12\/WhatsApp-Image-2024-11-21-at-17.27.53.jpeg\" alt=\"\" width=\"226\" height=\"169\" srcset=\"https:\/\/projectes.xtec.cat\/qualitatfp\/wp-content\/uploads\/usu772\/2024\/12\/WhatsApp-Image-2024-11-21-at-17.27.53.jpeg 2048w, https:\/\/projectes.xtec.cat\/qualitatfp\/wp-content\/uploads\/usu772\/2024\/12\/WhatsApp-Image-2024-11-21-at-17.27.53-300x225.jpeg 300w, https:\/\/projectes.xtec.cat\/qualitatfp\/wp-content\/uploads\/usu772\/2024\/12\/WhatsApp-Image-2024-11-21-at-17.27.53-1024x768.jpeg 1024w, https:\/\/projectes.xtec.cat\/qualitatfp\/wp-content\/uploads\/usu772\/2024\/12\/WhatsApp-Image-2024-11-21-at-17.27.53-768x576.jpeg 768w, https:\/\/projectes.xtec.cat\/qualitatfp\/wp-content\/uploads\/usu772\/2024\/12\/WhatsApp-Image-2024-11-21-at-17.27.53-1536x1152.jpeg 1536w, https:\/\/projectes.xtec.cat\/qualitatfp\/wp-content\/uploads\/usu772\/2024\/12\/WhatsApp-Image-2024-11-21-at-17.27.53-200x150.jpeg 200w\" sizes=\"auto, (max-width: 226px) 100vw, 226px\" \/><\/span><\/p>\n<p><span data-contrast=\"auto\"><img loading=\"lazy\" decoding=\"async\" class=\" wp-image-13152 alignleft\" src=\"https:\/\/projectes.xtec.cat\/qualitatfp\/wp-content\/uploads\/usu772\/2024\/12\/WhatsApp-Image-2024-11-12-at-11.00.49.jpeg\" alt=\"\" width=\"111\" height=\"148\" srcset=\"https:\/\/projectes.xtec.cat\/qualitatfp\/wp-content\/uploads\/usu772\/2024\/12\/WhatsApp-Image-2024-11-12-at-11.00.49.jpeg 1530w, https:\/\/projectes.xtec.cat\/qualitatfp\/wp-content\/uploads\/usu772\/2024\/12\/WhatsApp-Image-2024-11-12-at-11.00.49-225x300.jpeg 225w, https:\/\/projectes.xtec.cat\/qualitatfp\/wp-content\/uploads\/usu772\/2024\/12\/WhatsApp-Image-2024-11-12-at-11.00.49-768x1024.jpeg 768w, https:\/\/projectes.xtec.cat\/qualitatfp\/wp-content\/uploads\/usu772\/2024\/12\/WhatsApp-Image-2024-11-12-at-11.00.49-1152x1536.jpeg 1152w\" sizes=\"auto, (max-width: 111px) 100vw, 111px\" \/>Aquesta certificaci\u00f3 no nom\u00e9s avala els processos de qualitat sin\u00f3 que tamb\u00e9 reflecteix el ferm comprom\u00eds de l\u2019escola amb la sostenibilitat i davant l\u2019emerg\u00e8ncia clim\u00e0tica. A trav\u00e9s de la instal\u00b7laci\u00f3 de sensors de reg, s\u2019ha aconseguit un \u00fas m\u00e9s eficient de l\u2019aigua, alhora que s\u2019ha creat una zona de cultiu hidrop\u00f2nic i un jard\u00ed sense reg, reduint l\u2019impacte ambiental.<\/span><\/p>\n<p><span data-contrast=\"auto\">Entre les fites assolides amb la implantaci\u00f3 d\u2019aquest sistema de gesti\u00f3, destaca:<\/span><span data-ccp-props=\"{&quot;134233117&quot;:true,&quot;134233118&quot;:true,&quot;201341983&quot;:0,&quot;335559740&quot;:240}\">\u00a0<\/span><\/p>\n<ul>\n<li><span data-contrast=\"auto\"> La identificaci\u00f3 i compliment dels requisits legals i la posada a punt de tota la infraestructura i equipaments de l\u2019escola.<\/span><\/li>\n<li><span data-contrast=\"auto\"> La millora en la gesti\u00f3 dels residus de l\u2019escola i de la finca.<\/span><\/li>\n<li><span data-contrast=\"auto\"> L\u2019establiment d\u2019objectius clars i ambiciosos, per\u00f2 assolibles, incloent-hi d\u2019ambientals<\/span><\/li>\n<li><span data-contrast=\"auto\"> La creaci\u00f3 de documentaci\u00f3 estrat\u00e8gica amb una visi\u00f3 ambiental integrada.<\/span><\/li>\n<\/ul>\n<p><span data-contrast=\"auto\">L\u2019escola agraeix el suport del Departament d\u2019Educaci\u00f3 i Formaci\u00f3 Professional a trav\u00e9s de les Xarxes del PQiMC, aix\u00ed com la col\u00b7laboraci\u00f3 d\u2019altres escoles agr\u00e0ries i l\u2019acompanyament del Servei de Formaci\u00f3 Agroaliment\u00e0ria. Destaca de manera important la implicaci\u00f3 de tot el seu equip hum\u00e0.<\/span><span data-ccp-props=\"{&quot;134233117&quot;:true,&quot;134233118&quot;:true,&quot;201341983&quot;:0,&quot;335559740&quot;:240}\">\u00a0<\/span><\/p>\n<p><span data-contrast=\"auto\">Amb aquesta nova certificaci\u00f3, l\u2019Escola Agr\u00e0ria de Noves Tecnologies i Horticultura referma el seu comprom\u00eds amb una educaci\u00f3 sostenible, promovent la protecci\u00f3 del medi ambient i una gesti\u00f3 m\u00e9s responsable dels recursos naturals.<\/span><span data-ccp-props=\"{&quot;134233117&quot;:true,&quot;134233118&quot;:true,&quot;201341983&quot;:0,&quot;335559740&quot;:240}\">\u00a0<\/span><\/p>\n<p>Mar\u00eda Marhuenda Mu\u00f1oz<strong>\u00a0 <\/strong>(Coordinadora de Formaci\u00f3 Cont\u00ednua)<\/p>\n<p>Berta Catal\u00e0 Morant (Cap d\u2019estudis)<\/p>\n","protected":false},"excerpt":{"rendered":"<p>L\u2019<a href=\"https:\/\/agricultura.gencat.cat\/ca\/ambits\/formacio-innovacio\/escoles-agraries\/escola-agraria-cabrils\/index.html\" target=\"_blank\" rel=\"noopener\">Escola Agr\u00e0ria de Noves Tecnologies i Horticultura de Cabrils<\/a>, referent en formaci\u00f3 agroaliment\u00e0ria i noves tecnologies, ha obtingut recentment la certificaci\u00f3 del seu sistema de gesti\u00f3 integrada, complint amb les normatives ISO 9001 i ISO 14001. Aquest reconeixement, obtingut el 25 de&hellip;  <a href=\"https:\/\/projectes.xtec.cat\/qualitatfp\/general\/lescola-agraria-de-noves-tecnologies-i-horticultura-de-cabrils-aconsegueix-la-certificacio-del-sistema-de-gestio-integrada-iso-9001-i-iso-14001\/\" title=\"Read L\u2019Escola Agr\u00e0ria de Noves Tecnologies i Horticultura de Cabrils aconsegueix la certificaci\u00f3 del sistema de gesti\u00f3 integrada (ISO 9001 i ISO 14001)\">Llegeix m\u00e9s\u00bb<\/a><\/p>\n","protected":false},"author":1,"featured_media":13151,"comment_status":"open","ping_status":"closed","sticky":false,"template":"","format":"standard","meta":{"_bbp_topic_count":0,"_bbp_reply_count":0,"_bbp_total_topic_count":0,"_bbp_total_reply_count":0,"_bbp_voice_count":0,"_bbp_anonymous_reply_count":0,"_bbp_topic_count_hidden":0,"_bbp_reply_count_hidden":0,"_bbp_forum_subforum_count":0,"footnotes":""},"categories":[1,29],"tags":[],"class_list":["post-13147","post","type-post","status-publish","format-standard","has-post-thumbnail","hentry","category-general","category-portada"],"post_mailing_queue_ids":[],"_links":{"self":[{"href":"https:\/\/projectes.xtec.cat\/qualitatfp\/wp-json\/wp\/v2\/posts\/13147","targetHints":{"allow":["GET"]}}],"collection":[{"href":"https:\/\/projectes.xtec.cat\/qualitatfp\/wp-json\/wp\/v2\/posts"}],"about":[{"href":"https:\/\/projectes.xtec.cat\/qualitatfp\/wp-json\/wp\/v2\/types\/post"}],"author":[{"embeddable":true,"href":"https:\/\/projectes.xtec.cat\/qualitatfp\/wp-json\/wp\/v2\/users\/1"}],"replies":[{"embeddable":true,"href":"https:\/\/projectes.xtec.cat\/qualitatfp\/wp-json\/wp\/v2\/comments?post=13147"}],"version-history":[{"count":6,"href":"https:\/\/projectes.xtec.cat\/qualitatfp\/wp-json\/wp\/v2\/posts\/13147\/revisions"}],"predecessor-version":[{"id":13170,"href":"https:\/\/projectes.xtec.cat\/qualitatfp\/wp-json\/wp\/v2\/posts\/13147\/revisions\/13170"}],"wp:featuredmedia":[{"embeddable":true,"href":"https:\/\/projectes.xtec.cat\/qualitatfp\/wp-json\/wp\/v2\/media\/13151"}],"wp:attachment":[{"href":"https:\/\/projectes.xtec.cat\/qualitatfp\/wp-json\/wp\/v2\/media?parent=13147"}],"wp:term":[{"taxonomy":"category","embeddable":true,"href":"https:\/\/projectes.xtec.cat\/qualitatfp\/wp-json\/wp\/v2\/categories?post=13147"},{"taxonomy":"post_tag","embeddable":true,"href":"https:\/\/projectes.xtec.cat\/qualitatfp\/wp-json\/wp\/v2\/tags?post=13147"}],"curies":[{"name":"wp","href":"https:\/\/api.w.org\/{rel}","templated":true}]}}